{"id":152105,"date":"2026-09-02T12:00:03","date_gmt":"2026-09-02T19:00:03","guid":{"rendered":"https:\/\/ovelanalista.com\/?p=152105"},"modified":"2026-09-02T10:55:30","modified_gmt":"2026-09-02T17:55:30","slug":"uadeo-pide-al-congreso-de-sinaloa-76-mdp-mas-para-2027-ante-rezago-presupuestal","status":"publish","type":"post","link":"https:\/\/ovelanalista.com\/?p=152105","title":{"rendered":"UAdeO pide al Congreso de Sinaloa 76 mdp m\u00e1s para 2027 ante rezago presupuestal"},"content":{"rendered":"<p>La universidad busca aumentar su aportaci\u00f3n estatal para atender compromisos financieros y reducir la brecha de recursos por estudiante<\/p>\n<p class=\"Typography_text-l__QLRR8 Typography_weight-bold__uT6mq\"><strong>Josemiguel Souza<\/strong><\/p>\n<p class=\"Typography_text-default__P3otY Typography_weight-normal__pqUbH Typography_text-default__P3otY Typography_weight-normal__pqUbH\">Culiac\u00e1n, Sin.- La Universidad Aut\u00f3noma de Occidente (UAdeO) solicit\u00f3 al Congreso del Estado un incremento de 76 millones de pesos en la aportaci\u00f3n estatal para 2027, con el objetivo de avanzar en su regularizaci\u00f3n financiera, luego de se\u00f1alar que el crecimiento de su matr\u00edcula no ha sido acompa\u00f1ado por un aumento proporcional del subsidio p\u00fablico.<\/p>\n<div id=\"evNotifier\"><\/div>\n<p class=\"Typography_text-default__P3otY Typography_weight-normal__pqUbH Typography_text-default__P3otY Typography_weight-normal__pqUbH\">Durante una reuni\u00f3n con las\u00a0<b class=\"bold\">Comisiones de Hacienda P\u00fablica y Administraci\u00f3n, y de Educaci\u00f3n, Ciencia y Tecnolog\u00eda,<\/b>\u00a0el rector de la UAdeO, Pedro Flores Leal, expuso la situaci\u00f3n financiera, los avances y las necesidades de la instituci\u00f3n rumbo al pr\u00f3ximo ejercicio fiscal. La universidad cuenta actualmente con m\u00e1s de 23 mil estudiantes y ha ampliado su oferta acad\u00e9mica hacia \u00e1reas como inteligencia artificial y biotecnolog\u00eda.<\/p>\n<div class=\"integration-container w-full\"><\/div>\n<div class=\"integration-container w-full\">\n<div id=\"teads2\"><\/div>\n<\/div>\n<div class=\"ad-wrapper mexico-nota-1x3 relative min-h-[var(--ad-slot-mh-mobile)] w-full max-w-full overflow-hidden md:min-h-[var(--ad-slot-mh-web)]\">\n<div id=\"\/2000002\/elsoldesinaloa\/mexico_nota_1x3\" class=\"ad mexico-nota-1x3 relative block !w-full !max-w-full overflow-hidden min-h-[1px]\" data-google-query-id=\"CPW7xs-70JYDFdQ0RAgdSdcaJA\">\n<div id=\"google_ads_iframe_\/2000002\/elsoldesinaloa\/mexico_nota_1x3_0__container__\"><iframe id=\"google_ads_iframe_\/2000002\/elsoldesinaloa\/mexico_nota_1x3_0\" tabindex=\"0\" title=\"Contenido de anuncios de terceros\" name=\"google_ads_iframe_\/2000002\/elsoldesinaloa\/mexico_nota_1x3_0\" width=\"1\" height=\"1\" frameborder=\"0\" marginwidth=\"0\" marginheight=\"0\" scrolling=\"no\" aria-label=\"Anuncio\" data-load-complete=\"true\" data-google-container-id=\"5\" data-mce-fragment=\"1\"><\/iframe><\/div>\n<\/div>\n<\/div>\n<p class=\"Typography_text-default__P3otY Typography_weight-normal__pqUbH Typography_text-default__P3otY Typography_weight-normal__pqUbH\">Flores Leal se\u00f1al\u00f3 que actualmente la instituci\u00f3n dispone de aproximadamente\u00a0<b class=\"bold\">34 mil 443 pesos de presupuesto por estudiante<\/b>, cantidad que se encuentra por debajo de la media nacional de las universidades p\u00fablicas estatales, estimada en\u00a0<b class=\"bold\">78 mil 877 pesos por alumno<\/b>. Ante esta diferencia, plante\u00f3 que el Gobierno estatal incremente su aportaci\u00f3n en 76 millones de pesos y que se gestione ante la Federaci\u00f3n una cantidad similar.<\/p>\n<p class=\"Typography_text-default__P3otY Typography_weight-normal__pqUbH Typography_text-default__P3otY Typography_weight-normal__pqUbH\">De concretarse ambas aportaciones, explic\u00f3 el rector, la UAdeO podr\u00eda disponer de alrededor de\u00a0<b class=\"bold\">152 millones de pesos adicionales<\/b>, recursos que permitir\u00edan elevar el presupuesto por estudiante a aproximadamente\u00a0<b class=\"bold\">42 mil pesos<\/b>\u00a0y atender parte de los compromisos financieros acumulados por la instituci\u00f3n.<\/p>\n<p class=\"Typography_text-default__P3otY Typography_weight-normal__pqUbH Typography_text-default__P3otY Typography_weight-normal__pqUbH\">Durante el encuentro, los diputados coincidieron en la importancia de fortalecer a la universidad y manifestaron su disposici\u00f3n para analizar la solicitud dentro de la discusi\u00f3n del paquete econ\u00f3mico de 2027. El presidente de la Comisi\u00f3n de Hacienda P\u00fablica y Administraci\u00f3n, Ambrocio Ch\u00e1vez Ch\u00e1vez, destac\u00f3 la relevancia de la UAdeO para Sinaloa, mientras que Manuel de Jes\u00fas Guerrero Verdugo, presidente de la Comisi\u00f3n de Educaci\u00f3n, Ciencia y Tecnolog\u00eda, se\u00f1al\u00f3 que revisar\u00e1n los planteamientos presentados.<\/p>\n<p class=\"Typography_text-default__P3otY Typography_weight-normal__pqUbH Typography_text-default__P3otY Typography_weight-normal__pqUbH\">Los legisladores V\u00edctor Antonio Corrales Burgue\u00f1o e Irma Moreno tambi\u00e9n reconocieron el crecimiento de la matr\u00edcula y los esfuerzos realizados por la comunidad universitaria pese a las restricciones presupuestales. Con ello, la solicitud de la UAdeO queda sobre la mesa en el proceso de construcci\u00f3n del presupuesto estatal para 2027, en el que el Congreso deber\u00e1 valorar el incremento planteado por la instituci\u00f3n.<\/p>\n<p>&nbsp;<\/p>\n<p>Con informaci\u00f3n de El Sol de Sinaloa<\/p>\n","protected":false},"excerpt":{"rendered":"<p>La universidad busca aumentar su aportaci\u00f3n estatal para atender compromisos financieros y reducir la brecha de recursos por estudiante Josemiguel Souza Culiac\u00e1n, Sin.- La Universidad Aut\u00f3noma de Occidente (UAdeO) solicit\u00f3 al Congreso del Estado un incremento de 76 millones de pesos en la aportaci\u00f3n estatal para 2027, con el objetivo de avanzar en su regularizaci\u00f3n financiera, luego de se\u00f1alar que el crecimiento de su matr\u00edcula no ha sido acompa\u00f1ado por un aumento proporcional del subsidio p\u00fablico. Durante una reuni\u00f3n con las\u00a0Comisiones de Hacienda P\u00fablica y Administraci\u00f3n, y de Educaci\u00f3n, Ciencia y Tecnolog\u00eda,\u00a0el rector de la UAdeO, Pedro Flores Leal, expuso [&hellip;]<\/p>\n","protected":false},"author":3,"featured_media":152113,"comment_status":"open","ping_status":"open","sticky":false,"template":"","format":"standard","meta":{"_jetpack_newsletter_access":"","_jetpack_dont_email_post_to_subs":false,"_jetpack_newsletter_tier_id":0,"_jetpack_memberships_contains_paywalled_content":false,"_jetpack_feature_clip_id":0,"_jetpack_memberships_contains_paid_content":false,"footnotes":"","jetpack_publicize_message":"","jetpack_publicize_feature_enabled":true,"jetpack_social_post_already_shared":true,"jetpack_social_options":{"image_generator_settings":{"template":"highway","default_image_id":0,"font":"","enabled":false},"version":2},"jetpack_post_was_ever_published":false},"categories":[90],"tags":[],"class_list":["post-152105","post","type-post","status-publish","format-standard","has-post-thumbnail","hentry","category-estatal","post--single"],"jetpack_publicize_connections":[],"jetpack_featured_media_url":"https:\/\/ovelanalista.com\/wp-content\/uploads\/2026\/09\/Captura-de-Pantalla-2026-09-02-a-las-10.55.03.png","jetpack_sharing_enabled":true,"_links":{"self":[{"href":"https:\/\/ovelanalista.com\/index.php?rest_route=\/wp\/v2\/posts\/152105","targetHints":{"allow":["GET"]}}],"collection":[{"href":"https:\/\/ovelanalista.com\/index.php?rest_route=\/wp\/v2\/posts"}],"about":[{"href":"https:\/\/ovelanalista.com\/index.php?rest_route=\/wp\/v2\/types\/post"}],"author":[{"embeddable":true,"href":"https:\/\/ovelanalista.com\/index.php?rest_route=\/wp\/v2\/users\/3"}],"replies":[{"embeddable":true,"href":"https:\/\/ovelanalista.com\/index.php?rest_route=%2Fwp%2Fv2%2Fcomments&post=152105"}],"version-history":[{"count":1,"href":"https:\/\/ovelanalista.com\/index.php?rest_route=\/wp\/v2\/posts\/152105\/revisions"}],"predecessor-version":[{"id":152114,"href":"https:\/\/ovelanalista.com\/index.php?rest_route=\/wp\/v2\/posts\/152105\/revisions\/152114"}],"wp:featuredmedia":[{"embeddable":true,"href":"https:\/\/ovelanalista.com\/index.php?rest_route=\/wp\/v2\/media\/152113"}],"wp:attachment":[{"href":"https:\/\/ovelanalista.com\/index.php?rest_route=%2Fwp%2Fv2%2Fmedia&parent=152105"}],"wp:term":[{"taxonomy":"category","embeddable":true,"href":"https:\/\/ovelanalista.com\/index.php?rest_route=%2Fwp%2Fv2%2Fcategories&post=152105"},{"taxonomy":"post_tag","embeddable":true,"href":"https:\/\/ovelanalista.com\/index.php?rest_route=%2Fwp%2Fv2%2Ftags&post=152105"}],"curies":[{"name":"wp","href":"https:\/\/api.w.org\/{rel}","templated":true}]}}