{"id":152107,"date":"2026-09-02T11:00:06","date_gmt":"2026-09-02T18:00:06","guid":{"rendered":"https:\/\/ovelanalista.com\/?p=152107"},"modified":"2026-09-02T10:54:33","modified_gmt":"2026-09-02T17:54:33","slug":"cierran-casta-mexico-toluca-familiares-de-mexiquenses-desaparecidos-en-mazatlan-sinaloa-el-pasado-26-de-febrero-de-2026","status":"publish","type":"post","link":"https:\/\/ovelanalista.com\/?p=152107","title":{"rendered":"Cierran casta M\u00e9xico-Toluca familiares de mexiquenses desaparecidos en Mazatl\u00e1n, Sinaloa el pasado 26 de febrero de 2026"},"content":{"rendered":"<p>Un nutrido grupo de familiares de los turistas mexiquenses desaparecidos, el pasado 26 de febrero en la zona tur\u00edstica de Mazatl\u00e1n, Sinaloa en estos momentos se manifiestan con en la casta M\u00e9xico-Toluca, lugar donde levantaron las plumas de las garitas dejando pasar libremente a los automovilistas, sin pagar el peaje. Los manifestantes portan lonas con las im\u00e1genes de sus seres queridos, Javier Ram\u00edrez Sabino, Omar Alexis Ram\u00edrez Sabino, Oscara Garc\u00eda Ram\u00edrez y Gregorio Ram\u00edrez Sabino. De acuerdo a informaci\u00f3n proporcionada por los manifestantes se\u00f1alaron que llevan 15 d\u00edas con las plumas levantadas en el Dorado, y una semana en la caseta de Atlacomulco y este d\u00eda martes 02 de septiembre se encuentran en el acceso a la Ciudad de M\u00e9xico, lo anterior como medida de presi\u00f3n para que las autoridades atiendan su demanda y se intensifique la b\u00fasqueda de sus familiares. Al mismo tiempo por este conducto solicitan a la presidenta Claudia Sheinbaum Pardo, instruya a integrantes del gabinete de seguridad, les de informaci\u00f3n sobre el paradero de sus desaparecidos.<\/p>\n<p>&nbsp;<\/p>\n<p>&nbsp;<\/p>\n<p>Con informaci\u00f3n de UNOM\u00c1SUNO.COM<\/p>\n","protected":false},"excerpt":{"rendered":"<p>Un nutrido grupo de familiares de los turistas mexiquenses desaparecidos, el pasado 26 de febrero en la zona tur\u00edstica de Mazatl\u00e1n, Sinaloa en estos momentos se manifiestan con en la casta M\u00e9xico-Toluca, lugar donde levantaron las plumas de las garitas dejando pasar libremente a los automovilistas, sin pagar el peaje. Los manifestantes portan lonas con las im\u00e1genes de sus seres queridos, Javier Ram\u00edrez Sabino, Omar Alexis Ram\u00edrez Sabino, Oscara Garc\u00eda Ram\u00edrez y Gregorio Ram\u00edrez Sabino. De acuerdo a informaci\u00f3n proporcionada por los manifestantes se\u00f1alaron que llevan 15 d\u00edas con las plumas levantadas en el Dorado, y una semana en la [&hellip;]<\/p>\n","protected":false},"author":3,"featured_media":152108,"comment_status":"open","ping_status":"open","sticky":false,"template":"","format":"standard","meta":{"_jetpack_newsletter_access":"","_jetpack_dont_email_post_to_subs":false,"_jetpack_newsletter_tier_id":0,"_jetpack_memberships_contains_paywalled_content":false,"_jetpack_feature_clip_id":0,"_jetpack_memberships_contains_paid_content":false,"footnotes":"","jetpack_publicize_message":"","jetpack_publicize_feature_enabled":true,"jetpack_social_post_already_shared":true,"jetpack_social_options":{"image_generator_settings":{"template":"highway","default_image_id":0,"font":"","enabled":false},"version":2},"jetpack_post_was_ever_published":false},"categories":[75],"tags":[],"class_list":["post-152107","post","type-post","status-publish","format-standard","has-post-thumbnail","hentry","category-nacional","post--single"],"jetpack_publicize_connections":[],"jetpack_featured_media_url":"https:\/\/ovelanalista.com\/wp-content\/uploads\/2026\/09\/Captura-de-Pantalla-2026-09-02-a-las-10.41.30.png","jetpack_sharing_enabled":true,"_links":{"self":[{"href":"https:\/\/ovelanalista.com\/index.php?rest_route=\/wp\/v2\/posts\/152107","targetHints":{"allow":["GET"]}}],"collection":[{"href":"https:\/\/ovelanalista.com\/index.php?rest_route=\/wp\/v2\/posts"}],"about":[{"href":"https:\/\/ovelanalista.com\/index.php?rest_route=\/wp\/v2\/types\/post"}],"author":[{"embeddable":true,"href":"https:\/\/ovelanalista.com\/index.php?rest_route=\/wp\/v2\/users\/3"}],"replies":[{"embeddable":true,"href":"https:\/\/ovelanalista.com\/index.php?rest_route=%2Fwp%2Fv2%2Fcomments&post=152107"}],"version-history":[{"count":1,"href":"https:\/\/ovelanalista.com\/index.php?rest_route=\/wp\/v2\/posts\/152107\/revisions"}],"predecessor-version":[{"id":152112,"href":"https:\/\/ovelanalista.com\/index.php?rest_route=\/wp\/v2\/posts\/152107\/revisions\/152112"}],"wp:featuredmedia":[{"embeddable":true,"href":"https:\/\/ovelanalista.com\/index.php?rest_route=\/wp\/v2\/media\/152108"}],"wp:attachment":[{"href":"https:\/\/ovelanalista.com\/index.php?rest_route=%2Fwp%2Fv2%2Fmedia&parent=152107"}],"wp:term":[{"taxonomy":"category","embeddable":true,"href":"https:\/\/ovelanalista.com\/index.php?rest_route=%2Fwp%2Fv2%2Fcategories&post=152107"},{"taxonomy":"post_tag","embeddable":true,"href":"https:\/\/ovelanalista.com\/index.php?rest_route=%2Fwp%2Fv2%2Ftags&post=152107"}],"curies":[{"name":"wp","href":"https:\/\/api.w.org\/{rel}","templated":true}]}}