{"id":152115,"date":"2026-09-02T14:00:08","date_gmt":"2026-09-02T21:00:08","guid":{"rendered":"https:\/\/ovelanalista.com\/?p=152115"},"modified":"2026-09-02T11:23:33","modified_gmt":"2026-09-02T18:23:33","slug":"emprendedoras-por-necesidad-y-resistencia-mujeres-lideran-la-apertura-de-negocios-en-sinaloa","status":"publish","type":"post","link":"https:\/\/ovelanalista.com\/?p=152115","title":{"rendered":"Emprendedoras por necesidad y resistencia: mujeres lideran la apertura de negocios en Sinaloa"},"content":{"rendered":"<p>Las mujeres representan 66.2% de quienes planean emprender en Sinaloa, una proporci\u00f3n cinco veces mayor en brecha que el promedio nacional.<\/p>\n<div class=\"post-meta\">\n<div>\n<p class=\"apost-author\"><strong>Daniel Villaman<\/strong><\/p>\n<p><time>septiembre 2, 2026 &#8211; 3:11 am GMT-0700<\/time><\/div>\n<\/div>\n<div class=\"post-content\">\n<p>El panorama del\u00a0<strong>emprendimiento<\/strong>\u00a0en M\u00e9xico est\u00e1 marcado por una mayor participaci\u00f3n de las\u00a0<strong>mujeres<\/strong>. En el caso de\u00a0<strong>Sinaloa<\/strong>, esta brecha es\u00a0<strong>cinco veces m\u00e1s marcada<\/strong>. De acuerdo con datos del INEGI, el 66.2% de personas que han expresado planes de abrir un negocio, medido trimestralmente desde el 2021, han sido mujeres.<\/p>\n<p>El colectivo feminista Amapas del Norte y la C\u00e1mara Nacional de Comercio (Canaco) explican que factores como la\u00a0<strong>vulnerabilidad econ\u00f3mica<\/strong>, la necesidad de generar ingresos para\u00a0<strong>sostener a una familia<\/strong>\u00a0y las\u00a0<strong>limitadas oportunidades laborales<\/strong>\u00a0en el sector formal pueden empujar a m\u00e1s mujeres sinaloenses a\u00a0<strong>crear sus propios negocios<\/strong>\u00a0o\u00a0<strong>recurrir al autoempleo<\/strong>\u00a0como una alternativa para salir adelante.<\/p>\n<p>Mientras que a\u00a0<strong>nivel nacional<\/strong>\u00a0las mujeres representan\u00a0<strong>53.2%\u00a0<\/strong>de las personas que<strong>\u00a0buscaron comenzar un negocio<\/strong>\u00a0frente a 46.8% de hombres,\u00a0<strong>en Sinaloa<\/strong>\u00a0la participaci\u00f3n femenina\u00a0<strong>alcanza 66.2%<\/strong>, contra 33.8% masculina. Esto supone una<strong>\u00a0brecha de 32.5 puntos porcentuales<\/strong>, cinco veces mayor que la registrada a nivel nacional.<\/p>\n<div id=\"attachment_118231\" class=\"wp-caption alignnone\"><img loading=\"lazy\" decoding=\"async\" class=\"size-full wp-image-118231 entered lazyloaded\" src=\"https:\/\/revistaespejo.com\/wp-content\/uploads\/2026\/09\/grafica-emprendedoras-de-sinaloa.avif\" sizes=\"auto, (max-width: 1028px) 100vw, 1028px\" srcset=\"https:\/\/revistaespejo.com\/wp-content\/uploads\/2026\/09\/grafica-emprendedoras-de-sinaloa.avif 1028w, https:\/\/revistaespejo.com\/wp-content\/uploads\/2026\/09\/grafica-emprendedoras-de-sinaloa-300x183.jpg 300w, https:\/\/revistaespejo.com\/wp-content\/uploads\/2026\/09\/grafica-emprendedoras-de-sinaloa-1024x626.jpg 1024w, https:\/\/revistaespejo.com\/wp-content\/uploads\/2026\/09\/grafica-emprendedoras-de-sinaloa-768x469.jpg 768w\" alt=\"gr\u00e1fica, emprededoras sinaloa\" width=\"1028\" height=\"628\" aria-describedby=\"caption-attachment-118231\" data-lazy-srcset=\"https:\/\/revistaespejo.com\/wp-content\/uploads\/2026\/09\/grafica-emprendedoras-de-sinaloa.avif 1028w, https:\/\/revistaespejo.com\/wp-content\/uploads\/2026\/09\/grafica-emprendedoras-de-sinaloa-300x183.jpg 300w, https:\/\/revistaespejo.com\/wp-content\/uploads\/2026\/09\/grafica-emprendedoras-de-sinaloa-1024x626.jpg 1024w, https:\/\/revistaespejo.com\/wp-content\/uploads\/2026\/09\/grafica-emprendedoras-de-sinaloa-768x469.jpg 768w\" data-lazy-sizes=\"(max-width: 1028px) 100vw, 1028px\" data-lazy-src=\"https:\/\/revistaespejo.com\/wp-content\/uploads\/2026\/09\/grafica-emprendedoras-de-sinaloa.avif\" data-ll-status=\"loaded\" \/><\/p>\n<p id=\"caption-attachment-118231\" class=\"wp-caption-text\">M\u00e1s mujeres han expresado buscar abrir un negocio que varones en Sinaloa. La brecha en la entidad es superior a la nacional. (Elaborado por Revista Espejo)<\/p>\n<\/div>\n<p>&nbsp;<\/p>\n<h2>Emprendimiento femenino, estructura de resistencia: Amapas del Norte<\/h2>\n<p>&nbsp;<\/p>\n<p>Laura Medrano, integrante del colectivo feminista Amapas del Norte, asegura que el fen\u00f3meno amerita ver m\u00e1s all\u00e1 de un discurso de celebraci\u00f3n por la prevalencia de mujeres en el panorama de emprendimiento. Para la activista, el emprendimiento femenino tiene detr\u00e1s una estructura de resistencia y represi\u00f3n.<\/p>\n<blockquote><p>\u201c<strong>Seguimos viviendo en un sistema patriarcal donde la principal labor del hogar se sigue brindado a las mujeres<\/strong>. El cuidado del hogar, atenci\u00f3n y cuidado de la familia sigue recayendo en ellas. Casi no tienen la oportunidad de poder tener un trabajo formal, por temas de horarios o porque en sus espacios no les dan el apoyo suficiente [\u2026] Por ello, comienza mucho esta parte del emprendimiento, el trabajo informal,<strong>\u00a0pero es m\u00e1s que nada una forma de resistencia que tienen las mujeres para seguir adelante<\/strong>\u201c, comenta.<\/p><\/blockquote>\n<p>&nbsp;<\/p>\n<p>Medrano tambi\u00e9n mencion\u00f3 que la situaci\u00f3n de inseguridad en Sinaloa, en medio de una\u00a0<strong>ola de violencia<\/strong>\u00a0que se ha extendido desde septiembre de 2024 por causa de un conflicto del crimen organizado, ha acrecentado las brechas entre trabajadores formales e informales, y<strong>\u00a0disminuido las oportunidades laborales para mujeres<\/strong>\u00a0en el sector formal.<\/p>\n<h2>Prevalencia de mujeres emprendedoras, reflejo de una sociedad machista: Canaco Culiac\u00e1n<\/h2>\n<p>&nbsp;<\/p>\n<p>Para Guadalupe Zavala, presidenta de la C\u00e1mara Nacional del Comercio (Canaco) en Culiac\u00e1n, el fen\u00f3meno es un reflejo de que en Sinaloa sigue predominando una\u00a0<strong>cultura machista<\/strong>\u00a0que reproduce los\u00a0<strong>roles de g\u00e9nero<\/strong>\u00a0y ha dejado en la\u00a0<strong>desprotecci\u00f3n<\/strong>\u00a0a muchas mujeres al mando de familias enteras.<\/p>\n<blockquote><p>\u201cLa mayor\u00eda de las emprendedoras se parecen.\u00a0<strong>Mucha madre soltera, la falta de apoyo del caballero, orilla a que la mujer emprenda<\/strong>. Que busque como emprender [\u2026] es por la falta de apoyo, \u00bfcu\u00e1ntas mujeres viudas tenemos ahorita en Sinaloa? Pero, realmente y econ\u00f3micamente,\u00a0<strong>\u00bfen las grandes empresas d\u00f3nde ves mujeres?<\/strong>\u00a0S\u00ed hay una situaci\u00f3n econ\u00f3mica m\u00e1s complicada en el caso de la mujer\u201d, comenta la l\u00edder empresarial.<\/p><\/blockquote>\n<p>&nbsp;<\/p>\n<p><strong>En Canaco Culiac\u00e1n, el 40% de afiliados son mujeres.<\/strong>\u00a0La c\u00e1mara solo admite empresas formales con raz\u00f3n social registrada en hacienda.<\/p>\n<\/div>\n<p>Con informaci\u00f3n de Revista Espejo<\/p>\n","protected":false},"excerpt":{"rendered":"<p>Las mujeres representan 66.2% de quienes planean emprender en Sinaloa, una proporci\u00f3n cinco veces mayor en brecha que el promedio nacional. Daniel Villaman septiembre 2, 2026 &#8211; 3:11 am GMT-0700 El panorama del\u00a0emprendimiento\u00a0en M\u00e9xico est\u00e1 marcado por una mayor participaci\u00f3n de las\u00a0mujeres. En el caso de\u00a0Sinaloa, esta brecha es\u00a0cinco veces m\u00e1s marcada. De acuerdo con datos del INEGI, el 66.2% de personas que han expresado planes de abrir un negocio, medido trimestralmente desde el 2021, han sido mujeres. El colectivo feminista Amapas del Norte y la C\u00e1mara Nacional de Comercio (Canaco) explican que factores como la\u00a0vulnerabilidad econ\u00f3mica, la necesidad de [&hellip;]<\/p>\n","protected":false},"author":3,"featured_media":152125,"comment_status":"open","ping_status":"open","sticky":false,"template":"","format":"standard","meta":{"_jetpack_newsletter_access":"","_jetpack_dont_email_post_to_subs":false,"_jetpack_newsletter_tier_id":0,"_jetpack_memberships_contains_paywalled_content":false,"_jetpack_feature_clip_id":0,"_jetpack_memberships_contains_paid_content":false,"footnotes":"","jetpack_publicize_message":"","jetpack_publicize_feature_enabled":true,"jetpack_social_post_already_shared":true,"jetpack_social_options":{"image_generator_settings":{"template":"highway","default_image_id":0,"font":"","enabled":false},"version":2},"jetpack_post_was_ever_published":false},"categories":[90],"tags":[],"class_list":["post-152115","post","type-post","status-publish","format-standard","has-post-thumbnail","hentry","category-estatal","post--single"],"jetpack_publicize_connections":[],"jetpack_featured_media_url":"https:\/\/ovelanalista.com\/wp-content\/uploads\/2026\/09\/Captura-de-Pantalla-2026-09-02-a-las-11.11.17.png","jetpack_sharing_enabled":true,"_links":{"self":[{"href":"https:\/\/ovelanalista.com\/index.php?rest_route=\/wp\/v2\/posts\/152115","targetHints":{"allow":["GET"]}}],"collection":[{"href":"https:\/\/ovelanalista.com\/index.php?rest_route=\/wp\/v2\/posts"}],"about":[{"href":"https:\/\/ovelanalista.com\/index.php?rest_route=\/wp\/v2\/types\/post"}],"author":[{"embeddable":true,"href":"https:\/\/ovelanalista.com\/index.php?rest_route=\/wp\/v2\/users\/3"}],"replies":[{"embeddable":true,"href":"https:\/\/ovelanalista.com\/index.php?rest_route=%2Fwp%2Fv2%2Fcomments&post=152115"}],"version-history":[{"count":1,"href":"https:\/\/ovelanalista.com\/index.php?rest_route=\/wp\/v2\/posts\/152115\/revisions"}],"predecessor-version":[{"id":152131,"href":"https:\/\/ovelanalista.com\/index.php?rest_route=\/wp\/v2\/posts\/152115\/revisions\/152131"}],"wp:featuredmedia":[{"embeddable":true,"href":"https:\/\/ovelanalista.com\/index.php?rest_route=\/wp\/v2\/media\/152125"}],"wp:attachment":[{"href":"https:\/\/ovelanalista.com\/index.php?rest_route=%2Fwp%2Fv2%2Fmedia&parent=152115"}],"wp:term":[{"taxonomy":"category","embeddable":true,"href":"https:\/\/ovelanalista.com\/index.php?rest_route=%2Fwp%2Fv2%2Fcategories&post=152115"},{"taxonomy":"post_tag","embeddable":true,"href":"https:\/\/ovelanalista.com\/index.php?rest_route=%2Fwp%2Fv2%2Ftags&post=152115"}],"curies":[{"name":"wp","href":"https:\/\/api.w.org\/{rel}","templated":true}]}}