{"id":152119,"date":"2026-09-02T14:30:11","date_gmt":"2026-09-02T21:30:11","guid":{"rendered":"https:\/\/ovelanalista.com\/?p=152119"},"modified":"2026-09-02T11:25:33","modified_gmt":"2026-09-02T18:25:33","slug":"regresaran-los-festejos-patrios-a-sinaloa-alistan-actividades-artisticas-civicas-culturales-y-deportivas","status":"publish","type":"post","link":"https:\/\/ovelanalista.com\/?p=152119","title":{"rendered":"Regresar\u00e1n los festejos patrios a Sinaloa; alistan actividades art\u00edsticas, c\u00edvicas, culturales y deportivas"},"content":{"rendered":"<h5 class=\"summary\">La gobernadora interina Graciela Dom\u00ednguez Nava afirm\u00f3 que este a\u00f1o se volver\u00e1 a celebrar un evento art\u00edstico cultural como parte de la celebraci\u00f3n<\/h5>\n<p class=\"sc__font-paragraph\">Culiac\u00e1n. &#8211; Los\u00a0<b>festejos de las\u00a0<\/b><b>fiestas patrias<\/b>\u00a0volver\u00e1n a ser retomados este a\u00f1o, con actividades art\u00edsticas, c\u00edvicas, culturales y deportivas, para ello el grupo interinstitucional de seguridad p\u00fablica se reuni\u00f3 con los cuerpos de auxilio para dise\u00f1ar un plan de trabajo en el que se contempla la instalaci\u00f3n de una\u00a0<b>unidad m\u00f3vil del C2.<\/b><\/p>\n<p class=\"sc__font-paragraph\">En una reuni\u00f3n celebrada en la\u00a0<b>Secretar\u00eda de Seguridad P\u00fablica del Estado\u00a0<\/b>se tomaron acuerdos con el objetivo de generar las condiciones de seguridad para que se desarrollen los diversos eventos en los 20 municipios del estado.<\/p>\n<p class=\"sc__font-paragraph\">Los festejos patrios, entre ellos la noche mexicana del grito que durante los a\u00f1os 2024 y 2025 fueron cancelados por el tema de\u00a0<b>la inseguridad y la violencia<\/b>, volver\u00e1n a ser retomados en este a\u00f1o, con el inici\u00f3 de la conmemoraci\u00f3n del 179 aniversario de la gesta heroica de Los Ni\u00f1os H\u00e9roes de Chapultepec.<\/p>\n<p class=\"sc__font-paragraph\">En las festividades conmemorativas al Grito de Independencia la noche del 15 de septiembre, en el Palacio de Gobierno, se instalar\u00e1 una unidad m\u00f3vil del C2, con la presencia de todas las fuerzas de seguridad, municipal, estatal y federal y los cuerpos de emergencia y rescate.<\/p>\n<p class=\"sc__font-paragraph\">Durante la celebraci\u00f3n de la mesa de trabajo, se destac\u00f3 que las festividades patrias culminan con el desfile c\u00edvico militar tanto en la ciudad de Culiac\u00e1n como en el resto de los 19 municipios, donde se tendr\u00e1 presencia de las fuerzas estatales y federales.<\/p>\n<p>La\u00a0<b>gobernadora interina Graciela Dom\u00ednguez Nava<\/b>\u00a0afirm\u00f3 que este a\u00f1o se volver\u00e1 a celebrar un evento art\u00edstico cultural como parte de la celebraci\u00f3n del Grito de la Independencia, cuyo programa a\u00fan no se encuentra establecido.<\/p>\n<h2 class=\"sc__header\">Violencia suspende festejos patrios en 2024<\/h2>\n<p class=\"sc__font-paragraph\">En septiembre del 2024, derivado del inici\u00f3 del estallamiento de la violencia en las ciudades de Culiac\u00e1n y los Mochis, los tradicionales festejos populares y art\u00edsticos de la noche del \u201cGrito de la Independencia\u201d fueron cancelados.<\/p>\n<div class=\"wrapper_box_interarticle_2 dfp-tag-wrapper-container\"><\/div>\n<div>\n<p class=\"sc__font-paragraph\">La ma\u00f1ana del jueves 12 de septiembre del 2025, a trav\u00e9s de un video, gobernador en funciones del estado, Rub\u00e9n Rocha Moya, anunci\u00f3 la cancelaci\u00f3n de los festejos populares del Grito de la Independencia y la suspensi\u00f3n de clases en los municipios de Culiac\u00e1n, C\u00f3sala, Elota y San Ignacio, por espacio de dos d\u00edas, ante los actos de violencia.<\/p>\n<p class=\"sc__font-paragraph\">\n<\/div>\n<div class=\"si__into-item\"><\/div>\n<div>Con informaci\u00f3n de El Universal<\/div>\n","protected":false},"excerpt":{"rendered":"<p>La gobernadora interina Graciela Dom\u00ednguez Nava afirm\u00f3 que este a\u00f1o se volver\u00e1 a celebrar un evento art\u00edstico cultural como parte de la celebraci\u00f3n Culiac\u00e1n. &#8211; Los\u00a0festejos de las\u00a0fiestas patrias\u00a0volver\u00e1n a ser retomados este a\u00f1o, con actividades art\u00edsticas, c\u00edvicas, culturales y deportivas, para ello el grupo interinstitucional de seguridad p\u00fablica se reuni\u00f3 con los cuerpos de auxilio para dise\u00f1ar un plan de trabajo en el que se contempla la instalaci\u00f3n de una\u00a0unidad m\u00f3vil del C2. En una reuni\u00f3n celebrada en la\u00a0Secretar\u00eda de Seguridad P\u00fablica del Estado\u00a0se tomaron acuerdos con el objetivo de generar las condiciones de seguridad para que se desarrollen [&hellip;]<\/p>\n","protected":false},"author":3,"featured_media":152127,"comment_status":"open","ping_status":"open","sticky":false,"template":"","format":"standard","meta":{"_jetpack_newsletter_access":"","_jetpack_dont_email_post_to_subs":false,"_jetpack_newsletter_tier_id":0,"_jetpack_memberships_contains_paywalled_content":false,"_jetpack_feature_clip_id":0,"_jetpack_memberships_contains_paid_content":false,"footnotes":"","jetpack_publicize_message":"","jetpack_publicize_feature_enabled":true,"jetpack_social_post_already_shared":true,"jetpack_social_options":{"image_generator_settings":{"template":"highway","default_image_id":0,"font":"","enabled":false},"version":2},"jetpack_post_was_ever_published":false},"categories":[90],"tags":[],"class_list":["post-152119","post","type-post","status-publish","format-standard","has-post-thumbnail","hentry","category-estatal","post--single"],"jetpack_publicize_connections":[],"jetpack_featured_media_url":"https:\/\/ovelanalista.com\/wp-content\/uploads\/2026\/09\/Captura-de-Pantalla-2026-09-02-a-las-11.14.20.png","jetpack_sharing_enabled":true,"_links":{"self":[{"href":"https:\/\/ovelanalista.com\/index.php?rest_route=\/wp\/v2\/posts\/152119","targetHints":{"allow":["GET"]}}],"collection":[{"href":"https:\/\/ovelanalista.com\/index.php?rest_route=\/wp\/v2\/posts"}],"about":[{"href":"https:\/\/ovelanalista.com\/index.php?rest_route=\/wp\/v2\/types\/post"}],"author":[{"embeddable":true,"href":"https:\/\/ovelanalista.com\/index.php?rest_route=\/wp\/v2\/users\/3"}],"replies":[{"embeddable":true,"href":"https:\/\/ovelanalista.com\/index.php?rest_route=%2Fwp%2Fv2%2Fcomments&post=152119"}],"version-history":[{"count":1,"href":"https:\/\/ovelanalista.com\/index.php?rest_route=\/wp\/v2\/posts\/152119\/revisions"}],"predecessor-version":[{"id":152133,"href":"https:\/\/ovelanalista.com\/index.php?rest_route=\/wp\/v2\/posts\/152119\/revisions\/152133"}],"wp:featuredmedia":[{"embeddable":true,"href":"https:\/\/ovelanalista.com\/index.php?rest_route=\/wp\/v2\/media\/152127"}],"wp:attachment":[{"href":"https:\/\/ovelanalista.com\/index.php?rest_route=%2Fwp%2Fv2%2Fmedia&parent=152119"}],"wp:term":[{"taxonomy":"category","embeddable":true,"href":"https:\/\/ovelanalista.com\/index.php?rest_route=%2Fwp%2Fv2%2Fcategories&post=152119"},{"taxonomy":"post_tag","embeddable":true,"href":"https:\/\/ovelanalista.com\/index.php?rest_route=%2Fwp%2Fv2%2Ftags&post=152119"}],"curies":[{"name":"wp","href":"https:\/\/api.w.org\/{rel}","templated":true}]}}