{"id":152123,"date":"2026-09-02T15:00:49","date_gmt":"2026-09-02T22:00:49","guid":{"rendered":"https:\/\/ovelanalista.com\/?p=152123"},"modified":"2026-09-02T11:22:50","modified_gmt":"2026-09-02T18:22:50","slug":"francisco-antonio-mato-a-su-madre-con-un-marro-tras-discutir-porque-no-trabajaba-pasara-53-anos-en-prision","status":"publish","type":"post","link":"https:\/\/ovelanalista.com\/?p=152123","title":{"rendered":"Francisco Antonio mat\u00f3 a su madre con un marro tras discutir porque no trabajaba; pasar\u00e1 53 a\u00f1os en prisi\u00f3n"},"content":{"rendered":"<h5 class=\"text-secondary text-lg leading-6.5 lg:text-xl lg:leading-8\">Francisco Antonio \u201cP\u201d, de 27 a\u00f1os, fue sentenciado a 53 a\u00f1os y tres meses de prisi\u00f3n por el feminicidio agravado de su propia madre.<\/h5>\n<p>&nbsp;<\/p>\n<h5>Carlos Raeb Morales<\/h5>\n<p><span data-tbw-flag=\"true\">Elizabeth \u201cL\u201d, hija de\u00a0<strong>\u201cDo\u00f1a Licha\u201d,<\/strong>\u00a0fundadora de los tradicionales raspados de Los Mochis, fue asesinada dentro de su departamento en\u00a0<strong>octubre de 2025<\/strong>; la investigaci\u00f3n document\u00f3 antecedentes de violencia ejercida por su hijo.<\/span><\/p>\n<p><strong>Francisco Antonio \u201cP\u201d,<\/strong>\u00a0de 27 a\u00f1os, fue sentenciado a 53 a\u00f1os y tres meses de prisi\u00f3n por el feminicidio agravado de su propia madre, Elizabeth \u201cL\u201d, ocurrido en octubre de 2025 dentro de un departamento ubicado en el Centro de\u00a0Los Mochis, Sinaloa.<\/p>\n<div class=\"contents\"><\/div>\n<p>El caso conmocion\u00f3 a la ciudad no s\u00f3lo por la violencia ejercida contra la mujer, sino tambi\u00e9n porque Elizabeth era hija de Hildelsa L\u00f3pez Galaviz, conocida popularmente como \u201cDo\u00f1a Licha\u201d, fundadora de los tradicionales raspados que durante a\u00f1os se convirtieron en un referente para los habitantes de Los Mochis.<\/p>\n<div class=\"st-inarticle-slot\">\n<div id=\"standard_10\" class=\"st-placement inArticle standard_10\">\n<div class=\"st-adunit st-adunit-tagged st-adunit-inarticle st-reset st-show goku\" data-testid=\"adunit\">\n<div class=\"st-adunit-ad st-reset\" data-testid=\"adunit-ad\">\n<div class=\"st-display-render st-reset open st-controls\" data-testid=\"controls\">\n<div class=\"x-to-close st-reset\" data-testid=\"close-button\"><\/div>\n<\/div>\n<\/div>\n<\/div>\n<\/div>\n<\/div>\n<p>La\u00a0<strong>Fiscal\u00eda General del Estado de Sinaloa\u00a0<\/strong>inform\u00f3 este martes 1 de septiembre que, a trav\u00e9s de la Agencia del Ministerio P\u00fablico Especializada en Violencia contra las Mujeres, Trata de Personas y Grupos en Situaci\u00f3n de Vulnerabilidad Zona Norte, obtuvo mediante procedimiento abreviado el fallo condenatorio contra Francisco Antonio.<\/p>\n<p>Adem\u00e1s, deber\u00e1 cubrir un mill\u00f3n 663 mil 268 pesos por diferentes conceptos, entre ellos multa, reparaci\u00f3n del da\u00f1o moral, reparaci\u00f3n del da\u00f1o emergente por gastos funerarios y reparaci\u00f3n del da\u00f1o inmaterial.<\/p>\n<div class=\"contents\"><\/div>\n<h2><span data-tbw-flag=\"true\">Una cena familiar termin\u00f3 en feminicidio<\/span><\/h2>\n<p>El crimen ocurri\u00f3 durante la noche del 12 de octubre de 2025, en el departamento n\u00famero 202 de un inmueble localizado sobre el callej\u00f3n Hermenegildo Galeana, entre las calles Emiliano Zapata y Ni\u00f1os H\u00e9roes, en el sector Centro de\u00a0Los Mochis,\u00a0municipio de Ahome.<\/p>\n<p>Elizabeth hab\u00eda regresado de una fiesta llevando cena.<\/p>\n<p>Antes del crimen hab\u00eda convivido con sus dos hijos y con la esposa de uno de ellos; posteriormente se qued\u00f3 a solas con Francisco Antonio.<\/p>\n<p>De acuerdo con los datos incorporados a la investigaci\u00f3n y expuestos durante el proceso judicial, madre e hijo comenzaron una discusi\u00f3n.<\/p>\n<p>Elizabeth le reclamaba a Francisco Antonio que no trabajaba y que era ella quien se encargaba de solventar los gastos. Tambi\u00e9n\u00a0<strong>le exig\u00eda que aportara dinero.<\/strong><\/p>\n<p>La discusi\u00f3n escal\u00f3 hasta convertirse en una agresi\u00f3n.<\/p>\n<p>Alrededor de la medianoche, Francisco Antonio atac\u00f3 a su madre utilizando inicialmente una llave creciente, con la cual\u00a0<strong>la golpe\u00f3.<\/strong><\/p>\n<p>Posteriormente utiliz\u00f3 un marro de mango amarillo para golpearla en la cabeza, provoc\u00e1ndole lesiones que terminaron con su vida.<\/p>\n<p>La necropsia determin\u00f3 que Elizabeth muri\u00f3 como consecuencia de un traumatismo craneoencef\u00e1lico severo. La\u00a0<strong>Fiscal\u00eda\u00a0<\/strong>se\u00f1al\u00f3 que las m\u00faltiples lesiones sufridas durante la agresi\u00f3n provocaron su muerte.<\/p>\n<h2><span data-tbw-flag=\"true\">Encontraron el marro y una llave durante el cateo<\/span><\/h2>\n<p>Las investigaciones ministeriales llevaron posteriormente a realizar diligencias en el departamento donde ocurri\u00f3 el\u00a0feminicidio.<\/p>\n<p>En el inmueble fueron localizadas las herramientas presuntamente utilizadas durante el ataque, entre ellas el marro y la llave.<\/p>\n<p>Tambi\u00e9n fueron encontradas latas de cerveza, colillas de cigarro y una silla de pl\u00e1stico quebrada.<\/p>\n<div id=\"FIOnDemandWrapper_fiInstance_116382_16_129186598183732\" class=\"FIOnDemandWrapper\"><\/div>\n<p>Los peritos documentaron adem\u00e1s manchas de sangre dentro de la vivienda.<\/p>\n<p>Durante las investigaciones tambi\u00e9n fueron detectadas salpicaduras de sangre en una bicicleta, as\u00ed como en ropa y otras pertenencias relacionadas con Francisco Antonio, elementos que fueron incorporados a la carpeta de investigaci\u00f3n.<\/p>\n<div class=\"contents\"><\/div>\n<h2><span data-tbw-flag=\"true\">Elizabeth ya hab\u00eda presentado se\u00f1ales de violencia<\/span><\/h2>\n<p>La investigaci\u00f3n permiti\u00f3 reconstruir no solamente lo ocurrido aquella noche, sino tambi\u00e9n el contexto previo entre madre e hijo.<\/p>\n<p>Familiares declararon ante la Fiscal\u00eda que Francisco Antonio ten\u00eda un comportamiento explosivo y agresivo hacia su madre.<\/p>\n<p>Uno de los antecedentes que llam\u00f3 la atenci\u00f3n de los investigadores ocurri\u00f3 aproximadamente 15 d\u00edas antes del feminicidio.<\/p>\n<p>Elizabeth hab\u00eda sido vista con un golpe en el rostro.<\/p>\n<p>Estos testimonios y otros datos obtenidos durante las indagatorias permitieron establecer antecedentes de violencia de g\u00e9nero ejercida por el acusado contra la v\u00edctima, situaci\u00f3n que form\u00f3 parte de la investigaci\u00f3n desarrollada por la Fiscal\u00eda de Sinaloa.<\/p>\n<p>Luego de la agresi\u00f3n, Francisco Antonio sali\u00f3 del departamento.<\/p>\n<p>Horas despu\u00e9s, durante la madrugada, acudi\u00f3 a las instalaciones de Seguridad P\u00fablica de Ahome, donde inicialmente fue detenido por una falta administrativa.<\/p>\n<p>Fue ah\u00ed donde el caso tom\u00f3 otro rumbo.<\/p>\n<p>De acuerdo con los datos expuestos durante las audiencias, Francisco Antonio manifest\u00f3 ante los polic\u00edas que hab\u00eda matado a su madre e indic\u00f3 el lugar donde se encontraba el cuerpo.<\/p>\n<p>Las autoridades acudieron al domicilio se\u00f1alado y comenzaron las diligencias correspondientes.<\/p>\n<p>El hallazgo de Elizabeth y los posteriores peritajes dieron paso a una investigaci\u00f3n por feminicidio.<\/p>\n<p>Mientras Francisco Antonio permanec\u00eda bajo arresto administrativo, la Fiscal\u00eda reuni\u00f3 los primeros datos de prueba y solicit\u00f3 una orden de aprehensi\u00f3n.<\/p>\n<h2><span data-tbw-flag=\"true\">Lo esperaron afuera de Barandilla para detenerlo<\/span><\/h2>\n<p>La orden judicial fue concedida y el 13 de octubre de 2025, un d\u00eda despu\u00e9s del crimen, elementos de la Unidad Especializada en Aprehensiones\u00a0<strong>(UNESA)<\/strong>\u00a0acudieron por Francisco Antonio.<\/p>\n<p>El joven estaba pr\u00f3ximo a recuperar su libertad despu\u00e9s de cumplir con el arresto administrativo.<\/p>\n<p>Sin embargo, agentes investigadores lo esperaban a la salida de Barandilla para ejecutar la orden de aprehensi\u00f3n por el feminicidio de su madre.<\/p>\n<p>Francisco Antonio qued\u00f3 entonces formalmente a disposici\u00f3n de la autoridad judicial y posteriormente fue trasladado al Centro Penitenciario Goros II, en Ahome.<\/p>\n<p>La audiencia inicial se realiz\u00f3 el 14 de octubre de 2025.<\/p>\n<p>El caso qued\u00f3 radicado bajo la causa penal 667\/2025 y durante la audiencia fueron presentados los datos de prueba recopilados por el Ministerio P\u00fablico en las primeras horas posteriores al crimen.<\/p>\n<p>Una jueza determin\u00f3 imponer prisi\u00f3n preventiva oficiosa y concedi\u00f3 un plazo de cuatro meses para desarrollar la investigaci\u00f3n complementaria.<\/p>\n<p>Francisco Antonio permaneci\u00f3 recluido mientras continuaba el proceso penal en su contra.<\/p>\n<p>Casi 11 meses despu\u00e9s del feminicidio, el caso lleg\u00f3 a una resoluci\u00f3n.<\/p>\n<p>Este martes 1 de septiembre de 2026, la Fiscal\u00eda General del Estado de Sinaloa confirm\u00f3 que obtuvo una sentencia condenatoria mediante un procedimiento abreviado.<\/p>\n<p>Francisco Antonio \u201cP\u201d fue declarado culpable de feminicidio agravado y recibi\u00f3 una pena de 53 a\u00f1os y tres meses de prisi\u00f3n.<\/p>\n<p>El sentenciado deber\u00e1 cubrir en total\u00a0<strong>un mill\u00f3n 663 mil 268 pesos<\/strong>, cantidad correspondiente a multa, reparaci\u00f3n del da\u00f1o moral, reparaci\u00f3n del da\u00f1o emergente por concepto de gastos funerarios y reparaci\u00f3n del da\u00f1o inmaterial, en su vertiente de da\u00f1o moral.<\/p>\n<p>La autoridad judicial estableci\u00f3 adem\u00e1s medidas encaminadas a la no repetici\u00f3n.<\/p>\n<p>Francisco Antonio deber\u00e1 someterse a tratamiento psicol\u00f3gico y participar en pl\u00e1ticas sobre derechos humanos.<\/p>\n<div class=\"contents\"><\/div>\n","protected":false},"excerpt":{"rendered":"<p>Francisco Antonio \u201cP\u201d, de 27 a\u00f1os, fue sentenciado a 53 a\u00f1os y tres meses de prisi\u00f3n por el feminicidio agravado de su propia madre. &nbsp; Carlos Raeb Morales Elizabeth \u201cL\u201d, hija de\u00a0\u201cDo\u00f1a Licha\u201d,\u00a0fundadora de los tradicionales raspados de Los Mochis, fue asesinada dentro de su departamento en\u00a0octubre de 2025; la investigaci\u00f3n document\u00f3 antecedentes de violencia ejercida por su hijo. Francisco Antonio \u201cP\u201d,\u00a0de 27 a\u00f1os, fue sentenciado a 53 a\u00f1os y tres meses de prisi\u00f3n por el feminicidio agravado de su propia madre, Elizabeth \u201cL\u201d, ocurrido en octubre de 2025 dentro de un departamento ubicado en el Centro de\u00a0Los Mochis, Sinaloa. [&hellip;]<\/p>\n","protected":false},"author":3,"featured_media":152129,"comment_status":"open","ping_status":"open","sticky":false,"template":"","format":"standard","meta":{"_jetpack_newsletter_access":"","_jetpack_dont_email_post_to_subs":false,"_jetpack_newsletter_tier_id":0,"_jetpack_memberships_contains_paywalled_content":false,"_jetpack_feature_clip_id":0,"_jetpack_memberships_contains_paid_content":false,"footnotes":"","jetpack_publicize_message":"","jetpack_publicize_feature_enabled":true,"jetpack_social_post_already_shared":true,"jetpack_social_options":{"image_generator_settings":{"template":"highway","default_image_id":0,"font":"","enabled":false},"version":2},"jetpack_post_was_ever_published":false},"categories":[90],"tags":[],"class_list":["post-152123","post","type-post","status-publish","format-standard","has-post-thumbnail","hentry","category-estatal","post--single"],"jetpack_publicize_connections":[],"jetpack_featured_media_url":"https:\/\/ovelanalista.com\/wp-content\/uploads\/2026\/09\/medianoche-francisco-antonio-ataco-madre.jpg","jetpack_sharing_enabled":true,"_links":{"self":[{"href":"https:\/\/ovelanalista.com\/index.php?rest_route=\/wp\/v2\/posts\/152123","targetHints":{"allow":["GET"]}}],"collection":[{"href":"https:\/\/ovelanalista.com\/index.php?rest_route=\/wp\/v2\/posts"}],"about":[{"href":"https:\/\/ovelanalista.com\/index.php?rest_route=\/wp\/v2\/types\/post"}],"author":[{"embeddable":true,"href":"https:\/\/ovelanalista.com\/index.php?rest_route=\/wp\/v2\/users\/3"}],"replies":[{"embeddable":true,"href":"https:\/\/ovelanalista.com\/index.php?rest_route=%2Fwp%2Fv2%2Fcomments&post=152123"}],"version-history":[{"count":1,"href":"https:\/\/ovelanalista.com\/index.php?rest_route=\/wp\/v2\/posts\/152123\/revisions"}],"predecessor-version":[{"id":152130,"href":"https:\/\/ovelanalista.com\/index.php?rest_route=\/wp\/v2\/posts\/152123\/revisions\/152130"}],"wp:featuredmedia":[{"embeddable":true,"href":"https:\/\/ovelanalista.com\/index.php?rest_route=\/wp\/v2\/media\/152129"}],"wp:attachment":[{"href":"https:\/\/ovelanalista.com\/index.php?rest_route=%2Fwp%2Fv2%2Fmedia&parent=152123"}],"wp:term":[{"taxonomy":"category","embeddable":true,"href":"https:\/\/ovelanalista.com\/index.php?rest_route=%2Fwp%2Fv2%2Fcategories&post=152123"},{"taxonomy":"post_tag","embeddable":true,"href":"https:\/\/ovelanalista.com\/index.php?rest_route=%2Fwp%2Fv2%2Ftags&post=152123"}],"curies":[{"name":"wp","href":"https:\/\/api.w.org\/{rel}","templated":true}]}}