{"id":152134,"date":"2026-09-02T16:00:00","date_gmt":"2026-09-02T23:00:00","guid":{"rendered":"https:\/\/ovelanalista.com\/?p=152134"},"modified":"2026-09-02T11:35:44","modified_gmt":"2026-09-02T18:35:44","slug":"homicidio-del-influencer-cesar-gastelum-destapa-posible-presencia-del-cartel-de-sinaloa-en-puebla","status":"publish","type":"post","link":"https:\/\/ovelanalista.com\/?p=152134","title":{"rendered":"Homicidio del influencer C\u00e9sar Gast\u00e9lum destapa posible presencia del C\u00e1rtel de Sinaloa en Puebla"},"content":{"rendered":"<p>El homicidio del influencer sinaloense\u00a0<strong>C\u00e9sar Gast\u00e9lum<\/strong>\u00a0<a href=\"https:\/\/www.unotv.com\/estados\/sinaloa\/harfuch-confirma-detencion-de-implicado-en-asesinato-de-cesar-gastelum-streamer-de-culiacan\/\" target=\"_blank\" rel=\"noreferrer noopener\">y<\/a>\u00a0la posterior captura de dos presuntos implicados en\u00a0<strong>Puebla\u00a0<\/strong>encendieron las alertas de las autoridades estatales, ante un posible movimiento del\u00a0<strong>C\u00e1rtel de Sinaloa<\/strong>\u00a0en territorio poblano.<\/p>\n<h2 id=\"h-cartel-de-sinaloa-en-puebla\" class=\"wp-block-heading\">\u00bfC\u00e1rtel de Sinaloa en Puebla?<\/h2>\n<p>Francisco S\u00e1nchez, titular de la Secretar\u00eda de Seguridad P\u00fablica (SSP) de\u00a0<strong>Puebla<\/strong>, explic\u00f3 que no ten\u00edan identificado al grupo delincuencial, pues, solamente se tiene identificada principalmente la presencia de\u00a0<strong>dos organizaciones criminales<\/strong>\u00a0de alcance nacional: la\u00a0<strong>Familia Michoacana<\/strong>\u00a0y el\u00a0C\u00e1rtel Jalisco Nueva Generaci\u00f3n (CJNG).<\/p>\n<figure class=\"wp-block-embed is-type-rich is-provider-x wp-block-embed-x\">\n<div class=\"wp-block-embed__wrapper\">\n<div class=\"twitter-tweet twitter-tweet-rendered\"><iframe id=\"twitter-widget-0\" class=\"\" title=\"X Post\" src=\"https:\/\/platform.twitter.com\/embed\/Tweet.html?creatorScreenName=jmbenite&amp;dnt=true&amp;embedId=twitter-widget-0&amp;features=eyJ0ZndfdGltZWxpbmVfbGlzdCI6eyJidWNrZXQiOltdLCJ2ZXJzaW9uIjpudWxsfSwidGZ3X2ZvbGxvd2VyX2NvdW50X3N1bnNldCI6eyJidWNrZXQiOnRydWUsInZlcnNpb24iOm51bGx9LCJ0ZndfdHdlZXRfZWRpdF9iYWNrZW5kIjp7ImJ1Y2tldCI6Im9uIiwidmVyc2lvbiI6bnVsbH0sInRmd19yZWZzcmNfc2Vzc2lvbiI6eyJidWNrZXQiOiJvbiIsInZlcnNpb24iOm51bGx9LCJ0ZndfZm9zbnJfc29mdF9pbnRlcnZlbnRpb25zX2VuYWJsZWQiOnsiYnVja2V0Ijoib24iLCJ2ZXJzaW9uIjpudWxsfSwidGZ3X21peGVkX21lZGlhXzE1ODk3Ijp7ImJ1Y2tldCI6InRyZWF0bWVudCIsInZlcnNpb24iOm51bGx9LCJ0ZndfZXhwZXJpbWVudHNfY29va2llX2V4cGlyYXRpb24iOnsiYnVja2V0IjoxMjA5NjAwLCJ2ZXJzaW9uIjpudWxsfSwidGZ3X3Nob3dfYmlyZHdhdGNoX3Bpdm90c19lbmFibGVkIjp7ImJ1Y2tldCI6Im9uIiwidmVyc2lvbiI6bnVsbH0sInRmd19kdXBsaWNhdGVfc2NyaWJlc190b19zZXR0aW5ncyI6eyJidWNrZXQiOiJvbiIsInZlcnNpb24iOm51bGx9LCJ0ZndfdXNlX3Byb2ZpbGVfaW1hZ2Vfc2hhcGVfZW5hYmxlZCI6eyJidWNrZXQiOiJvbiIsInZlcnNpb24iOm51bGx9LCJ0ZndfdmlkZW9faGxzX2R5bmFtaWNfbWFuaWZlc3RzXzE1MDgyIjp7ImJ1Y2tldCI6InRydWVfYml0cmF0ZSIsInZlcnNpb24iOm51bGx9LCJ0ZndfbGVnYWN5X3RpbWVsaW5lX3N1bnNldCI6eyJidWNrZXQiOnRydWUsInZlcnNpb24iOm51bGx9LCJ0ZndfdHdlZXRfZWRpdF9mcm9udGVuZCI6eyJidWNrZXQiOiJvbiIsInZlcnNpb24iOm51bGx9fQ%3D%3D&amp;frame=false&amp;hideCard=false&amp;hideThread=false&amp;id=2094884919495249957&amp;lang=es&amp;origin=https%3A%2F%2Fwww.unotv.com%2Festados%2Fpuebla%2Fhomicidio-del-influencer-cesar-gastelum-destapa-posible-presencia-del-cartel-de-sinaloa-en-puebla%2F&amp;sessionId=5a497dc8e46e39c72b07f1836dc6c335d5c6f1a3&amp;siteScreenName=unonoticias&amp;theme=light&amp;widgetsVersion=6a3ad42b224df%3A1778106238597&amp;width=500px\" frameborder=\"0\" scrolling=\"no\" allowfullscreen=\"allowfullscreen\" data-tweet-id=\"2094884919495249957\" data-mce-fragment=\"1\"><\/iframe><\/div>\n<\/div>\n<\/figure>\n<div class=\"code-block code-block-1\">\n<div id=\"unotv_notas_multibanner_8\" align=\"center\" data-freestar-ad=\"__300x600 __300x600\" data-google-query-id=\"CNWMl87D0JYDFSQJvAEdhbQhCA\">\n<div id=\"google_ads_iframe_\/121173452\/UnoTV\/noticias\/estados\/puebla\/MB08_0__container__\"><\/div>\n<\/div>\n<\/div>\n<p>S\u00e1nchez Gonz\u00e1lez se\u00f1al\u00f3 que, seg\u00fan la informaci\u00f3n con la que cuentan las autoridades, los detenidos cometieron el homicidio en\u00a0<strong>Culiac\u00e1n, Sinaloa<\/strong>, y posteriormente,\u00a0<strong>escaparon hacia Puebla<\/strong>. A partir de labores de inteligencia se logr\u00f3 ubicarlos y desplegar el operativo para su captura.<\/p>\n<p>Sin embargo, se\u00f1al\u00f3 que hasta este caso no hab\u00edan detectado movimientos del\u00a0<strong>C\u00e1rtel de Sinaloa<\/strong> en territorio poblano, por lo que la presencia de personas vinculadas con este grupo llam\u00f3 la atenci\u00f3n de las autoridades.<\/p>\n<div id=\"trvdp-container-2dv7nmft\" class=\"trvdp-autoplay trvdp-container-wid-13035\">\n<div>\n<div class=\"trv-player-container\">\n<div class=\"trv-floater-bg\"><\/div>\n<\/div>\n<\/div>\n<\/div>\n<blockquote class=\"wp-block-quote is-layout-flow wp-block-quote-is-layout-flow\"><p>\u201cNos llama la atenci\u00f3n del seguimiento que tenemos que hacer de estas organizaciones. No hab\u00edamos tenido un movimiento de este grupo de Sinaloa, entonces s\u00ed fue algo que nos llam\u00f3 la atenci\u00f3n para hacer seguimiento\u201d, declar\u00f3 S\u00e1nchez Gonz\u00e1lez.<\/p><\/blockquote>\n<h2 id=\"h-que-se-sabe-del-homicidio-de-cesar-gastelum\" class=\"wp-block-heading\">\u00bfQu\u00e9 se sabe del homicidio de C\u00e9sar Gast\u00e9lum?<\/h2>\n<div class=\"code-block code-block-2\">\n<div class=\"truvidPos\"><\/div>\n<\/div>\n<p>El secretario de Seguridad y Protecci\u00f3n Ciudadana,\u00a0<strong>Omar Garc\u00eda Harfuch,<\/strong>\u00a0confirm\u00f3 la detenci\u00f3n de\u00a0<strong>Jes\u00fas Alberto \u201cN\u201d,\u00a0<\/strong>se\u00f1alado como presunto implicado en el asesinato del\u00a0<strong>streamer\u00a0C\u00e9sar Gast\u00e9lum<\/strong>, ocurrido el pasado 4 de agosto mientras realizaba una transmisi\u00f3n en vivo en Culiac\u00e1n, Sinaloa.<\/p>\n<div class=\"code-block code-block-8\">\n<div class=\"code-block\"><\/div>\n<div class=\"code-block\"><\/div>\n<\/div>\n<figure class=\"wp-block-embed is-type-rich is-provider-x wp-block-embed-x\">\n<div class=\"wp-block-embed__wrapper\">\n<div class=\"twitter-tweet twitter-tweet-rendered\"><iframe id=\"twitter-widget-1\" class=\"\" title=\"X Post\" src=\"https:\/\/platform.twitter.com\/embed\/Tweet.html?creatorScreenName=jmbenite&amp;dnt=true&amp;embedId=twitter-widget-1&amp;features=eyJ0ZndfdGltZWxpbmVfbGlzdCI6eyJidWNrZXQiOltdLCJ2ZXJzaW9uIjpudWxsfSwidGZ3X2ZvbGxvd2VyX2NvdW50X3N1bnNldCI6eyJidWNrZXQiOnRydWUsInZlcnNpb24iOm51bGx9LCJ0ZndfdHdlZXRfZWRpdF9iYWNrZW5kIjp7ImJ1Y2tldCI6Im9uIiwidmVyc2lvbiI6bnVsbH0sInRmd19yZWZzcmNfc2Vzc2lvbiI6eyJidWNrZXQiOiJvbiIsInZlcnNpb24iOm51bGx9LCJ0ZndfZm9zbnJfc29mdF9pbnRlcnZlbnRpb25zX2VuYWJsZWQiOnsiYnVja2V0Ijoib24iLCJ2ZXJzaW9uIjpudWxsfSwidGZ3X21peGVkX21lZGlhXzE1ODk3Ijp7ImJ1Y2tldCI6InRyZWF0bWVudCIsInZlcnNpb24iOm51bGx9LCJ0ZndfZXhwZXJpbWVudHNfY29va2llX2V4cGlyYXRpb24iOnsiYnVja2V0IjoxMjA5NjAwLCJ2ZXJzaW9uIjpudWxsfSwidGZ3X3Nob3dfYmlyZHdhdGNoX3Bpdm90c19lbmFibGVkIjp7ImJ1Y2tldCI6Im9uIiwidmVyc2lvbiI6bnVsbH0sInRmd19kdXBsaWNhdGVfc2NyaWJlc190b19zZXR0aW5ncyI6eyJidWNrZXQiOiJvbiIsInZlcnNpb24iOm51bGx9LCJ0ZndfdXNlX3Byb2ZpbGVfaW1hZ2Vfc2hhcGVfZW5hYmxlZCI6eyJidWNrZXQiOiJvbiIsInZlcnNpb24iOm51bGx9LCJ0ZndfdmlkZW9faGxzX2R5bmFtaWNfbWFuaWZlc3RzXzE1MDgyIjp7ImJ1Y2tldCI6InRydWVfYml0cmF0ZSIsInZlcnNpb24iOm51bGx9LCJ0ZndfbGVnYWN5X3RpbWVsaW5lX3N1bnNldCI6eyJidWNrZXQiOnRydWUsInZlcnNpb24iOm51bGx9LCJ0ZndfdHdlZXRfZWRpdF9mcm9udGVuZCI6eyJidWNrZXQiOiJvbiIsInZlcnNpb24iOm51bGx9fQ%3D%3D&amp;frame=false&amp;hideCard=false&amp;hideThread=false&amp;id=2093777307349516615&amp;lang=es&amp;origin=https%3A%2F%2Fwww.unotv.com%2Festados%2Fpuebla%2Fhomicidio-del-influencer-cesar-gastelum-destapa-posible-presencia-del-cartel-de-sinaloa-en-puebla%2F&amp;sessionId=5a497dc8e46e39c72b07f1836dc6c335d5c6f1a3&amp;siteScreenName=unonoticias&amp;theme=light&amp;widgetsVersion=6a3ad42b224df%3A1778106238597&amp;width=500px\" frameborder=\"0\" scrolling=\"no\" allowfullscreen=\"allowfullscreen\" data-tweet-id=\"2093777307349516615\" data-mce-fragment=\"1\"><\/iframe><\/div>\n<\/div>\n<\/figure>\n<p>Seg\u00fan\u00a0<strong><a id=\"1916509\" href=\"https:\/\/www.unotv.com\/estados\/michoacan\/blindan-uruapan-visita-omar-garcia-harfuch\/\" target=\"_blank\" rel=\"noreferrer noopener\" type=\"post\">Garc\u00eda Harfuch<\/a><\/strong>, trabajos de inteligencia e investigaci\u00f3n realizados por el\u00a0<strong>Centro Nacional de Inteligencia<\/strong>\u00a0permitieron ubicar al sospechoso en Puebla. Las autoridades lo se\u00f1alan como uno de los dos hombres que habr\u00edan disparado contra el influencer.<\/p>\n<p>&nbsp;<\/p>\n<p>UNOTV.COM<\/p>\n","protected":false},"excerpt":{"rendered":"<p>El homicidio del influencer sinaloense\u00a0C\u00e9sar Gast\u00e9lum\u00a0y\u00a0la posterior captura de dos presuntos implicados en\u00a0Puebla\u00a0encendieron las alertas de las autoridades estatales, ante un posible movimiento del\u00a0C\u00e1rtel de Sinaloa\u00a0en territorio poblano. \u00bfC\u00e1rtel de Sinaloa en Puebla? Francisco S\u00e1nchez, titular de la Secretar\u00eda de Seguridad P\u00fablica (SSP) de\u00a0Puebla, explic\u00f3 que no ten\u00edan identificado al grupo delincuencial, pues, solamente se tiene identificada principalmente la presencia de\u00a0dos organizaciones criminales\u00a0de alcance nacional: la\u00a0Familia Michoacana\u00a0y el\u00a0C\u00e1rtel Jalisco Nueva Generaci\u00f3n (CJNG). S\u00e1nchez Gonz\u00e1lez se\u00f1al\u00f3 que, seg\u00fan la informaci\u00f3n con la que cuentan las autoridades, los detenidos cometieron el homicidio en\u00a0Culiac\u00e1n, Sinaloa, y posteriormente,\u00a0escaparon hacia Puebla. A partir de labores [&hellip;]<\/p>\n","protected":false},"author":3,"featured_media":152138,"comment_status":"open","ping_status":"open","sticky":false,"template":"","format":"standard","meta":{"_jetpack_newsletter_access":"","_jetpack_dont_email_post_to_subs":false,"_jetpack_newsletter_tier_id":0,"_jetpack_memberships_contains_paywalled_content":false,"_jetpack_feature_clip_id":0,"_jetpack_memberships_contains_paid_content":false,"footnotes":"","jetpack_publicize_message":"","jetpack_publicize_feature_enabled":true,"jetpack_social_post_already_shared":true,"jetpack_social_options":{"image_generator_settings":{"template":"highway","default_image_id":0,"font":"","enabled":false},"version":2},"jetpack_post_was_ever_published":false},"categories":[75],"tags":[],"class_list":["post-152134","post","type-post","status-publish","format-standard","has-post-thumbnail","hentry","category-nacional","post--single"],"jetpack_publicize_connections":[],"jetpack_featured_media_url":"https:\/\/ovelanalista.com\/wp-content\/uploads\/2026\/09\/Captura-de-Pantalla-2026-09-02-a-las-11.31.37.png","jetpack_sharing_enabled":true,"_links":{"self":[{"href":"https:\/\/ovelanalista.com\/index.php?rest_route=\/wp\/v2\/posts\/152134","targetHints":{"allow":["GET"]}}],"collection":[{"href":"https:\/\/ovelanalista.com\/index.php?rest_route=\/wp\/v2\/posts"}],"about":[{"href":"https:\/\/ovelanalista.com\/index.php?rest_route=\/wp\/v2\/types\/post"}],"author":[{"embeddable":true,"href":"https:\/\/ovelanalista.com\/index.php?rest_route=\/wp\/v2\/users\/3"}],"replies":[{"embeddable":true,"href":"https:\/\/ovelanalista.com\/index.php?rest_route=%2Fwp%2Fv2%2Fcomments&post=152134"}],"version-history":[{"count":1,"href":"https:\/\/ovelanalista.com\/index.php?rest_route=\/wp\/v2\/posts\/152134\/revisions"}],"predecessor-version":[{"id":152143,"href":"https:\/\/ovelanalista.com\/index.php?rest_route=\/wp\/v2\/posts\/152134\/revisions\/152143"}],"wp:featuredmedia":[{"embeddable":true,"href":"https:\/\/ovelanalista.com\/index.php?rest_route=\/wp\/v2\/media\/152138"}],"wp:attachment":[{"href":"https:\/\/ovelanalista.com\/index.php?rest_route=%2Fwp%2Fv2%2Fmedia&parent=152134"}],"wp:term":[{"taxonomy":"category","embeddable":true,"href":"https:\/\/ovelanalista.com\/index.php?rest_route=%2Fwp%2Fv2%2Fcategories&post=152134"},{"taxonomy":"post_tag","embeddable":true,"href":"https:\/\/ovelanalista.com\/index.php?rest_route=%2Fwp%2Fv2%2Ftags&post=152134"}],"curies":[{"name":"wp","href":"https:\/\/api.w.org\/{rel}","templated":true}]}}