{"id":152137,"date":"2026-09-02T16:30:56","date_gmt":"2026-09-02T23:30:56","guid":{"rendered":"https:\/\/ovelanalista.com\/?p=152137"},"modified":"2026-09-02T11:38:07","modified_gmt":"2026-09-02T18:38:07","slug":"aseguran-dos-camionetas-con-armas-y-cartuchos-en-sinaloa","status":"publish","type":"post","link":"https:\/\/ovelanalista.com\/?p=152137","title":{"rendered":"Aseguran dos camionetas con armas y cartuchos en Sinaloa"},"content":{"rendered":"<div class=\"l-shared-sec-outer show-mobile\">\n<div class=\"l-shared-sec\">\n<div class=\"l-shared-items effect-fadeout is-color\"><\/div>\n<\/div>\n<\/div>\n<div class=\"e-ct-outer\">\n<div class=\"entry-content rbct clearfix is-highlight-shares\">\n<p class=\"wp-block-paragraph\">Efectivos de seguridad decomisaron dos camionetas de la marca Jeep cargadas con parque vehicular e insumos b\u00e9licos en el municipio de\u00a0<strong>Ahome<\/strong>,\u00a0<strong>Sinaloa<\/strong>.<\/p>\n<p class=\"wp-block-paragraph\">Las unidades de transporte yac\u00edan en calidad de abandono sobre calles de la ciudad de\u00a0<strong>Los Mochis<\/strong>, detectadas durante patrullajes de vigilancia; tras el cotejo de datos, el personal de seguridad confirm\u00f3 que una de las camionetas contaba con reporte de robo vigente en el estado de\u00a0<strong>California<\/strong>,\u00a0<strong>Estados Unidos<\/strong>.<\/p>\n<p class=\"wp-block-paragraph\">En el interior de los veh\u00edculos, los agentes decomisaron cuatro cargadores para fusil, adem\u00e1s de un total de 100 cartuchos \u00fatiles correspondientes a ambos calibres de arma de fuego.<\/p>\n<figure class=\"wp-block-embed is-type-rich is-provider-x wp-block-embed-x\">\n<div class=\"wp-block-embed__wrapper\">\n<div class=\"twitter-tweet twitter-tweet-rendered\"><iframe id=\"twitter-widget-0\" class=\"\" title=\"X Post\" src=\"https:\/\/platform.twitter.com\/embed\/Tweet.html?creatorScreenName=elindpendiente&amp;dnt=true&amp;embedId=twitter-widget-0&amp;features=eyJ0ZndfdGltZWxpbmVfbGlzdCI6eyJidWNrZXQiOltdLCJ2ZXJzaW9uIjpudWxsfSwidGZ3X2ZvbGxvd2VyX2NvdW50X3N1bnNldCI6eyJidWNrZXQiOnRydWUsInZlcnNpb24iOm51bGx9LCJ0ZndfdHdlZXRfZWRpdF9iYWNrZW5kIjp7ImJ1Y2tldCI6Im9uIiwidmVyc2lvbiI6bnVsbH0sInRmd19yZWZzcmNfc2Vzc2lvbiI6eyJidWNrZXQiOiJvbiIsInZlcnNpb24iOm51bGx9LCJ0ZndfZm9zbnJfc29mdF9pbnRlcnZlbnRpb25zX2VuYWJsZWQiOnsiYnVja2V0Ijoib24iLCJ2ZXJzaW9uIjpudWxsfSwidGZ3X21peGVkX21lZGlhXzE1ODk3Ijp7ImJ1Y2tldCI6InRyZWF0bWVudCIsInZlcnNpb24iOm51bGx9LCJ0ZndfZXhwZXJpbWVudHNfY29va2llX2V4cGlyYXRpb24iOnsiYnVja2V0IjoxMjA5NjAwLCJ2ZXJzaW9uIjpudWxsfSwidGZ3X3Nob3dfYmlyZHdhdGNoX3Bpdm90c19lbmFibGVkIjp7ImJ1Y2tldCI6Im9uIiwidmVyc2lvbiI6bnVsbH0sInRmd19kdXBsaWNhdGVfc2NyaWJlc190b19zZXR0aW5ncyI6eyJidWNrZXQiOiJvbiIsInZlcnNpb24iOm51bGx9LCJ0ZndfdXNlX3Byb2ZpbGVfaW1hZ2Vfc2hhcGVfZW5hYmxlZCI6eyJidWNrZXQiOiJvbiIsInZlcnNpb24iOm51bGx9LCJ0ZndfdmlkZW9faGxzX2R5bmFtaWNfbWFuaWZlc3RzXzE1MDgyIjp7ImJ1Y2tldCI6InRydWVfYml0cmF0ZSIsInZlcnNpb24iOm51bGx9LCJ0ZndfbGVnYWN5X3RpbWVsaW5lX3N1bnNldCI6eyJidWNrZXQiOnRydWUsInZlcnNpb24iOm51bGx9LCJ0ZndfdHdlZXRfZWRpdF9mcm9udGVuZCI6eyJidWNrZXQiOiJvbiIsInZlcnNpb24iOm51bGx9fQ%3D%3D&amp;frame=false&amp;hideCard=false&amp;hideThread=false&amp;id=2095151902287663599&amp;lang=es&amp;origin=https%3A%2F%2Felindependiente.mx%2Festados%2F2026%2F09%2F02%2Faseguran-dos-camionetas-con-armas-y-cartuchos-en-sinaloa%2F&amp;sessionId=f944f6caebbb4d0d006ccad4b8e4dfe07bc99662&amp;siteScreenName=elindpendiente&amp;theme=light&amp;widgetsVersion=6a3ad42b224df%3A1778106238597&amp;width=550px\" frameborder=\"0\" scrolling=\"no\" allowfullscreen=\"allowfullscreen\" data-tweet-id=\"2095151902287663599\" data-mce-fragment=\"1\"><\/iframe><\/div>\n<\/div>\n<\/figure>\n<p class=\"wp-block-paragraph\">Las camionetas y el material b\u00e9lico quedaron bajo el resguardo del\u00a0<strong>Ministerio P\u00fablico (MP)<\/strong>, representaci\u00f3n social encargada de integrar la carpeta de investigaci\u00f3n correspondiente y continuar los peritajes de ley.<\/p>\n<p class=\"wp-block-paragraph\">\u00danete al canal de\u00a0WhatsApp de El Independiente\u00a0y recibe las noticias clave del d\u00eda, an\u00e1lisis y \u00faltimas actualizaciones directamente en tu celular.<\/p>\n<\/div>\n<\/div>\n","protected":false},"excerpt":{"rendered":"<p>Efectivos de seguridad decomisaron dos camionetas de la marca Jeep cargadas con parque vehicular e insumos b\u00e9licos en el municipio de\u00a0Ahome,\u00a0Sinaloa. Las unidades de transporte yac\u00edan en calidad de abandono sobre calles de la ciudad de\u00a0Los Mochis, detectadas durante patrullajes de vigilancia; tras el cotejo de datos, el personal de seguridad confirm\u00f3 que una de las camionetas contaba con reporte de robo vigente en el estado de\u00a0California,\u00a0Estados Unidos. En el interior de los veh\u00edculos, los agentes decomisaron cuatro cargadores para fusil, adem\u00e1s de un total de 100 cartuchos \u00fatiles correspondientes a ambos calibres de arma de fuego. Las camionetas y [&hellip;]<\/p>\n","protected":false},"author":3,"featured_media":152144,"comment_status":"open","ping_status":"open","sticky":false,"template":"","format":"standard","meta":{"_jetpack_newsletter_access":"","_jetpack_dont_email_post_to_subs":false,"_jetpack_newsletter_tier_id":0,"_jetpack_memberships_contains_paywalled_content":false,"_jetpack_feature_clip_id":0,"_jetpack_memberships_contains_paid_content":false,"footnotes":"","jetpack_publicize_message":"","jetpack_publicize_feature_enabled":true,"jetpack_social_post_already_shared":true,"jetpack_social_options":{"image_generator_settings":{"template":"highway","default_image_id":0,"font":"","enabled":false},"version":2},"jetpack_post_was_ever_published":false},"categories":[90],"tags":[],"class_list":["post-152137","post","type-post","status-publish","format-standard","has-post-thumbnail","hentry","category-estatal","post--single"],"jetpack_publicize_connections":[],"jetpack_featured_media_url":"https:\/\/ovelanalista.com\/wp-content\/uploads\/2026\/09\/Captura-de-Pantalla-2026-09-02-a-las-11.36.31.png","jetpack_sharing_enabled":true,"_links":{"self":[{"href":"https:\/\/ovelanalista.com\/index.php?rest_route=\/wp\/v2\/posts\/152137","targetHints":{"allow":["GET"]}}],"collection":[{"href":"https:\/\/ovelanalista.com\/index.php?rest_route=\/wp\/v2\/posts"}],"about":[{"href":"https:\/\/ovelanalista.com\/index.php?rest_route=\/wp\/v2\/types\/post"}],"author":[{"embeddable":true,"href":"https:\/\/ovelanalista.com\/index.php?rest_route=\/wp\/v2\/users\/3"}],"replies":[{"embeddable":true,"href":"https:\/\/ovelanalista.com\/index.php?rest_route=%2Fwp%2Fv2%2Fcomments&post=152137"}],"version-history":[{"count":4,"href":"https:\/\/ovelanalista.com\/index.php?rest_route=\/wp\/v2\/posts\/152137\/revisions"}],"predecessor-version":[{"id":152146,"href":"https:\/\/ovelanalista.com\/index.php?rest_route=\/wp\/v2\/posts\/152137\/revisions\/152146"}],"wp:featuredmedia":[{"embeddable":true,"href":"https:\/\/ovelanalista.com\/index.php?rest_route=\/wp\/v2\/media\/152144"}],"wp:attachment":[{"href":"https:\/\/ovelanalista.com\/index.php?rest_route=%2Fwp%2Fv2%2Fmedia&parent=152137"}],"wp:term":[{"taxonomy":"category","embeddable":true,"href":"https:\/\/ovelanalista.com\/index.php?rest_route=%2Fwp%2Fv2%2Fcategories&post=152137"},{"taxonomy":"post_tag","embeddable":true,"href":"https:\/\/ovelanalista.com\/index.php?rest_route=%2Fwp%2Fv2%2Ftags&post=152137"}],"curies":[{"name":"wp","href":"https:\/\/api.w.org\/{rel}","templated":true}]}}