{"id":152148,"date":"2026-09-02T17:30:41","date_gmt":"2026-09-03T00:30:41","guid":{"rendered":"https:\/\/ovelanalista.com\/?p=152148"},"modified":"2026-09-02T12:26:49","modified_gmt":"2026-09-02T19:26:49","slug":"rechaza-sheinbaum-supuesta-pugna-interna-de-morena-en-sinaloa-y-desacuerdos-con-amlo","status":"publish","type":"post","link":"https:\/\/ovelanalista.com\/?p=152148","title":{"rendered":"Rechaza Sheinbaum supuesta pugna interna de Morena en Sinaloa y desacuerdos con AMLO"},"content":{"rendered":"<p>Cuestionada sobre la situaci\u00f3n pol\u00edtica en Sinaloa tras los se\u00f1alamientos de Estados Unidos contra Rub\u00e9n Rocha Moya por presuntos v\u00ednculos con los\u00a0<em>Chapitos<\/em>\u00a0del C\u00e1rtel de Sinaloa, la presidenta Claudia Sheinbaum rechaz\u00f3 tajantemente las versiones sobre una supuesta pugna interna en su movimiento y aclar\u00f3 que se trata de invenciones para incidir en una divisi\u00f3n destinada a debilitarlos.<\/p>\n<div class=\"google-anno-skip google-anno-sc\" tabindex=\"0\" role=\"link\" aria-label=\"Pol\u00edtica (izquierda)\" data-google-vignette=\"false\" data-google-interstitial=\"false\">Pol\u00edtica (izquierda)<\/div>\n<p>Durante su conferencia matutina, la mandataria federal indic\u00f3 que tras los acontecimientos en el estado se ha buscado instalar la narrativa de un enfrentamiento entre bandos denominados obradoristas y claudistas, as\u00ed como la idea de que el expresidente Andr\u00e9s Manuel L\u00f3pez Obrador sigue gobernando detr\u00e1s de ella, calificando dicho argumento como una postura profundamente machista que desestima la capacidad de las mujeres para ejercer el poder.<\/p>\n<p><iframe loading=\"lazy\" class=\"wp-embedded-content\" title=\"\u201cRocha regresa, lo aplasta Sheinbaum y pide otra licencia\u201d \u2014 R\u00edodoce\" src=\"https:\/\/riodoce.mx\/2026\/08\/24\/rocha-regresa-lo-aplasta-sheinbaum-y-pide-otra-licencia\/embed\/#?secret=XgT1AU3nZh#?secret=txGkPvoY9z\" width=\"600\" height=\"494\" frameborder=\"0\" marginwidth=\"0\" marginheight=\"0\" scrolling=\"no\" sandbox=\"allow-scripts\" data-secret=\"txGkPvoY9z\" data-mce-fragment=\"1\"><\/iframe><\/p>\n<p>\u201cEsta idea de que detr\u00e1s de la presidenta est\u00e1 gobernando L\u00f3pez Obrador, es una idea muy machista, la verdad. De que las mujeres no tenemos ninguna posibilidad de desarrollar el gobierno. O de que no hay capacidad de nadie m\u00e1s que en el presidente L\u00f3pez Obrador\u201d, se\u00f1al\u00f3.<\/p>\n<div class=\"google-anno-skip google-anno-sc\" tabindex=\"0\" role=\"link\" aria-label=\"Informaci\u00f3n estatal\" data-google-vignette=\"false\" data-google-interstitial=\"false\">Informaci\u00f3n estatal<\/div>\n<p>Subray\u00f3 que el exmandatario ha sido sumamente respetuoso con su gobierno, sin realizar llamadas ni enviar mensajes para instruir acciones o decisiones, ya que se encuentra retirado de la pol\u00edtica contingente y dedicado a la reflexi\u00f3n y la escritura de su segundo libro, luego de m\u00e1s de treinta a\u00f1os dedicados al pensamiento y a la acci\u00f3n.<\/p>\n<p>Ante los se\u00f1alamientos sobre si pondr\u00eda a sus propios candidatos para demostrar control pol\u00edtico en Sinaloa o en futuros procesos, la titular del Ejecutivo asever\u00f3 que los abanderados en Morena son elegidos exclusivamente por el pueblo mediante encuestas, precisando que ni la presidencia actual ni el expresidente participan en su definici\u00f3n, lo cual otorga cohesi\u00f3n al movimiento.<\/p>\n<p>\u201cY de que vamos a ver si la presidenta ahora s\u00ed pone a sus candidatos para demostrar que tiene el control del pa\u00eds. Bueno, los candidatos en Morena los pone el pueblo, porque lo ponen las encuestas. Ni siquiera la presidenta participa, ni en su momento el presidente L\u00f3pez Obrador, en definir a los candidatos. Eso es lo que le da una enorme cohesi\u00f3n a nuestro movimiento. Entonces es absolutamente falso\u201d, a\u00f1adi\u00f3.<\/p>\n<p>Finalmente, destac\u00f3 que los resultados de recientes encuestas que le otorgan una aprobaci\u00f3n de entre 69 y 70 por ciento tras su segundo informe de gobierno reflejan el respaldo ciudadano a un gobierno que no ha traicionado los principios de no robar, no mentir y no traicionar al pueblo, manteniendo un compromiso con la prosperidad compartida y los principios juaristas.<\/p>\n<p>&nbsp;<\/p>\n<p>&nbsp;<\/p>\n<p>Con informaci\u00f3n de R\u00cdO DOCE<\/p>\n","protected":false},"excerpt":{"rendered":"<p>Cuestionada sobre la situaci\u00f3n pol\u00edtica en Sinaloa tras los se\u00f1alamientos de Estados Unidos contra Rub\u00e9n Rocha Moya por presuntos v\u00ednculos con los\u00a0Chapitos\u00a0del C\u00e1rtel de Sinaloa, la presidenta Claudia Sheinbaum rechaz\u00f3 tajantemente las versiones sobre una supuesta pugna interna en su movimiento y aclar\u00f3 que se trata de invenciones para incidir en una divisi\u00f3n destinada a debilitarlos. Pol\u00edtica (izquierda) Durante su conferencia matutina, la mandataria federal indic\u00f3 que tras los acontecimientos en el estado se ha buscado instalar la narrativa de un enfrentamiento entre bandos denominados obradoristas y claudistas, as\u00ed como la idea de que el expresidente Andr\u00e9s Manuel L\u00f3pez Obrador [&hellip;]<\/p>\n","protected":false},"author":3,"featured_media":152120,"comment_status":"open","ping_status":"open","sticky":false,"template":"","format":"standard","meta":{"_jetpack_newsletter_access":"","_jetpack_dont_email_post_to_subs":false,"_jetpack_newsletter_tier_id":0,"_jetpack_memberships_contains_paywalled_content":false,"_jetpack_feature_clip_id":0,"_jetpack_memberships_contains_paid_content":false,"footnotes":"","jetpack_publicize_message":"","jetpack_publicize_feature_enabled":true,"jetpack_social_post_already_shared":true,"jetpack_social_options":{"image_generator_settings":{"template":"highway","default_image_id":0,"font":"","enabled":false},"version":2},"jetpack_post_was_ever_published":false},"categories":[75],"tags":[],"class_list":["post-152148","post","type-post","status-publish","format-standard","has-post-thumbnail","hentry","category-nacional","post--single"],"jetpack_publicize_connections":[],"jetpack_featured_media_url":"https:\/\/ovelanalista.com\/wp-content\/uploads\/2026\/09\/Captura-de-Pantalla-2026-09-02-a-las-11.00.20.png","jetpack_sharing_enabled":true,"_links":{"self":[{"href":"https:\/\/ovelanalista.com\/index.php?rest_route=\/wp\/v2\/posts\/152148","targetHints":{"allow":["GET"]}}],"collection":[{"href":"https:\/\/ovelanalista.com\/index.php?rest_route=\/wp\/v2\/posts"}],"about":[{"href":"https:\/\/ovelanalista.com\/index.php?rest_route=\/wp\/v2\/types\/post"}],"author":[{"embeddable":true,"href":"https:\/\/ovelanalista.com\/index.php?rest_route=\/wp\/v2\/users\/3"}],"replies":[{"embeddable":true,"href":"https:\/\/ovelanalista.com\/index.php?rest_route=%2Fwp%2Fv2%2Fcomments&post=152148"}],"version-history":[{"count":1,"href":"https:\/\/ovelanalista.com\/index.php?rest_route=\/wp\/v2\/posts\/152148\/revisions"}],"predecessor-version":[{"id":152153,"href":"https:\/\/ovelanalista.com\/index.php?rest_route=\/wp\/v2\/posts\/152148\/revisions\/152153"}],"wp:featuredmedia":[{"embeddable":true,"href":"https:\/\/ovelanalista.com\/index.php?rest_route=\/wp\/v2\/media\/152120"}],"wp:attachment":[{"href":"https:\/\/ovelanalista.com\/index.php?rest_route=%2Fwp%2Fv2%2Fmedia&parent=152148"}],"wp:term":[{"taxonomy":"category","embeddable":true,"href":"https:\/\/ovelanalista.com\/index.php?rest_route=%2Fwp%2Fv2%2Fcategories&post=152148"},{"taxonomy":"post_tag","embeddable":true,"href":"https:\/\/ovelanalista.com\/index.php?rest_route=%2Fwp%2Fv2%2Ftags&post=152148"}],"curies":[{"name":"wp","href":"https:\/\/api.w.org\/{rel}","templated":true}]}}