{"id":152160,"date":"2026-09-02T14:59:55","date_gmt":"2026-09-02T21:59:55","guid":{"rendered":"https:\/\/ovelanalista.com\/?p=152160"},"modified":"2026-09-02T14:59:55","modified_gmt":"2026-09-02T21:59:55","slug":"condena-uas-asesinato-de-estudiante","status":"publish","type":"post","link":"https:\/\/ovelanalista.com\/?p=152160","title":{"rendered":"Condena UAS asesinato de estudiante\u00a0"},"content":{"rendered":"<div><\/div>\n<div><\/div>\n<div>Redacci\u00f3n\/ OV El Analista<\/div>\n<div><\/div>\n<div>Culiac\u00e1n, Sinaloa, a 2 de septiembre de 2026<\/div>\n<div>La Universidad Aut\u00f3noma de Sinaloa condena de manera en\u00e9rgica y absoluta el ataque armado y el asesinato de uno de sus estudiantes, ocurrido la ma\u00f1ana de este mi\u00e9rcoles en las inmediaciones de Ciudad Universitaria, sobre el bulevar Universitarios.<\/div>\n<div>La v\u00edctima ha sido identificada como un alumno de la Facultad de Contadur\u00eda y Administraci\u00f3n. Este hecho criminal representa un atentado no solo contra la vida de un joven universitario, sino tambi\u00e9n contra el derecho fundamental de la comunidad a acceder a la educaci\u00f3n p\u00fablica en entornos seguros y libres de violencia.<\/div>\n<div>La UAS expresa su m\u00e1s profundo pesar y se solidariza con los familiares, amigos, compa\u00f1eros y docentes del estudiante fallecido. De manera inmediata se han activado los protocolos institucionales de atenci\u00f3n, acompa\u00f1amiento psicol\u00f3gico y apoyo a quienes lo requieren, al tiempo que se mantiene un seguimiento puntual del caso ante las autoridades competentes.<\/div>\n<div>Reiteramos nuestro llamado a las instancias de seguridad y procuraci\u00f3n de justicia para que se investigue de forma exhaustiva, se identifique a los responsables y se aplique la ley con todo el rigor que el caso exige. La violencia no puede ni debe tener cabida en los espacios educativos ni en nuestra sociedad.<\/div>\n<div>La Universidad Aut\u00f3noma de Sinaloa reafirma su compromiso inquebrantable de proteger a su comunidad universitaria y de trabajar por entornos seguros donde el estudio, el conocimiento y el desarrollo de las y los j\u00f3venes prevalezcan sobre cualquier acto de agresi\u00f3n.<\/div>\n<div>Atentamente,<\/div>\n<div>Universidad Aut\u00f3noma de Sinaloa<\/div>\n<div>Sursum Versus<\/div>\n","protected":false},"excerpt":{"rendered":"<p>Redacci\u00f3n\/ OV El Analista Culiac\u00e1n, Sinaloa, a 2 de septiembre de 2026 La Universidad Aut\u00f3noma de Sinaloa condena de manera en\u00e9rgica y absoluta el ataque armado y el asesinato de uno de sus estudiantes, ocurrido la ma\u00f1ana de este mi\u00e9rcoles en las inmediaciones de Ciudad Universitaria, sobre el bulevar Universitarios. La v\u00edctima ha sido identificada como un alumno de la Facultad de Contadur\u00eda y Administraci\u00f3n. Este hecho criminal representa un atentado no solo contra la vida de un joven universitario, sino tambi\u00e9n contra el derecho fundamental de la comunidad a acceder a la educaci\u00f3n p\u00fablica en entornos seguros y libres [&hellip;]<\/p>\n","protected":false},"author":3,"featured_media":152161,"comment_status":"open","ping_status":"open","sticky":false,"template":"","format":"standard","meta":{"_jetpack_newsletter_access":"","_jetpack_dont_email_post_to_subs":false,"_jetpack_newsletter_tier_id":0,"_jetpack_memberships_contains_paywalled_content":false,"_jetpack_feature_clip_id":0,"_jetpack_memberships_contains_paid_content":false,"footnotes":"","jetpack_publicize_message":"","jetpack_publicize_feature_enabled":true,"jetpack_social_post_already_shared":true,"jetpack_social_options":{"image_generator_settings":{"template":"highway","default_image_id":0,"font":"","enabled":false},"version":2},"jetpack_post_was_ever_published":false},"categories":[90,72],"tags":[],"class_list":["post-152160","post","type-post","status-publish","format-standard","has-post-thumbnail","hentry","category-estatal","category-portada","post--single"],"jetpack_publicize_connections":[],"jetpack_featured_media_url":"https:\/\/ovelanalista.com\/wp-content\/uploads\/2026\/09\/Comunicado.png","jetpack_sharing_enabled":true,"_links":{"self":[{"href":"https:\/\/ovelanalista.com\/index.php?rest_route=\/wp\/v2\/posts\/152160","targetHints":{"allow":["GET"]}}],"collection":[{"href":"https:\/\/ovelanalista.com\/index.php?rest_route=\/wp\/v2\/posts"}],"about":[{"href":"https:\/\/ovelanalista.com\/index.php?rest_route=\/wp\/v2\/types\/post"}],"author":[{"embeddable":true,"href":"https:\/\/ovelanalista.com\/index.php?rest_route=\/wp\/v2\/users\/3"}],"replies":[{"embeddable":true,"href":"https:\/\/ovelanalista.com\/index.php?rest_route=%2Fwp%2Fv2%2Fcomments&post=152160"}],"version-history":[{"count":1,"href":"https:\/\/ovelanalista.com\/index.php?rest_route=\/wp\/v2\/posts\/152160\/revisions"}],"predecessor-version":[{"id":152162,"href":"https:\/\/ovelanalista.com\/index.php?rest_route=\/wp\/v2\/posts\/152160\/revisions\/152162"}],"wp:featuredmedia":[{"embeddable":true,"href":"https:\/\/ovelanalista.com\/index.php?rest_route=\/wp\/v2\/media\/152161"}],"wp:attachment":[{"href":"https:\/\/ovelanalista.com\/index.php?rest_route=%2Fwp%2Fv2%2Fmedia&parent=152160"}],"wp:term":[{"taxonomy":"category","embeddable":true,"href":"https:\/\/ovelanalista.com\/index.php?rest_route=%2Fwp%2Fv2%2Fcategories&post=152160"},{"taxonomy":"post_tag","embeddable":true,"href":"https:\/\/ovelanalista.com\/index.php?rest_route=%2Fwp%2Fv2%2Ftags&post=152160"}],"curies":[{"name":"wp","href":"https:\/\/api.w.org\/{rel}","templated":true}]}}