{"id":152173,"date":"2026-09-03T10:25:05","date_gmt":"2026-09-03T17:25:05","guid":{"rendered":"https:\/\/ovelanalista.com\/?p=152173"},"modified":"2026-09-03T10:25:05","modified_gmt":"2026-09-03T17:25:05","slug":"en-el-blanco-por-fernando-zepeda-h-50","status":"publish","type":"post","link":"https:\/\/ovelanalista.com\/?p=152173","title":{"rendered":"En el blanco por Fernando Zepeda H."},"content":{"rendered":"<p>*El ataque armado contra el Director de Protecci\u00f3n Civil de Mazatl\u00e1n y su chofer, es algo mas que un atentado contra un funcionario municipal<br \/>\n*Los funcionarios municipales fueron atacados cuando se dirig\u00edan a la reuni\u00f3n de la Mesa por la Paz, fue muy cerca de las instalaciones de Marina y ah\u00ed se encontraban los altos mandos de seguridad en el municipio<br \/>\n*Horas despu\u00e9s del atentado contra Oscar Osuna corri\u00f3 la versi\u00f3n de que renunciar\u00edan el Secretario de Seguridad Municipal de Mazatl\u00e1n y el Director de Polic\u00eda<br \/>\n*Imelda Castro est\u00e1 contra la pared. Por un lado, la evidente ingobernabilidad que se vive en el estado y la ausencia de Sinaloa en el segundo informe de la Presidenta Sheinbaum<br \/>\n*Una burda maniobra de la supuesta expulsi\u00f3n de Inzunza de la bancada morenista en el Senado. Si tiene plumas, pico y hace cua cua, es pato. Ah\u00ed sigue protegido<br \/>\n*Ad\u00e1n Augusto y Fern\u00e1ndez Noro\u00f1a arropan a Enrique Inzunza. \u00bfDesaf\u00edan a Sheinbaum?<br \/>\n*De mal en peor. Secretario del Ayuntamiento Moises R\u00edos dijo que el atentado contra el titular de Protecci\u00f3n Civil fue \u201cun intento de agresi\u00f3n\u201d. Ni leyendo atinan<\/p>\n<p>Mas que un atentado.\u00a0Lo sucedido ayer por la ma\u00f1ana contra el Director de Protecci\u00f3n Civil de Mazatl\u00e1n no es cualquier cosa. Se salvo milagrosamente del atentado que sufri\u00f3 poco despu\u00e9s de las 8 de la ma\u00f1ana cuando se dirig\u00eda en su veh\u00edculo oficial a la reuni\u00f3n de la Mesa por la Paz que se celebro en las instalaciones de la Octava Regi\u00f3n Naval. Sujetos a bordo de dos motocicletas cazaron literalmente a Oscar Osuna y su acompa\u00f1ante. M\u00e1s de 13 casquillos fueron localizados en el sitio del ataque.<\/p>\n<p><img loading=\"lazy\" decoding=\"async\" class=\"alignnone size-full wp-image-284409 td-animation-stack-type0-2\" src=\"https:\/\/sinaloaenlinea.com\/wp-content\/uploads\/2026\/09\/images-2026-09-02T230535.357.jpeg\" sizes=\"auto, (max-width: 595px) 100vw, 595px\" srcset=\"https:\/\/sinaloaenlinea.com\/wp-content\/uploads\/2026\/09\/images-2026-09-02T230535.357.jpeg 595w, https:\/\/sinaloaenlinea.com\/wp-content\/uploads\/2026\/09\/images-2026-09-02T230535.357-300x169.jpeg 300w, https:\/\/sinaloaenlinea.com\/wp-content\/uploads\/2026\/09\/images-2026-09-02T230535.357-150x85.jpeg 150w\" alt=\"\" width=\"595\" height=\"336\" \/><\/p>\n<p>Los delincuentes tiraron a matar. Los dos funcionarios municipales resultaron con lesiones leves. Pero adem\u00e1s de ser un atentado a un funcionario de rango dentro del Gobierno Municipal de Mazatl\u00e1n, los mensajes que env\u00eda este ataque son varios. Se dirig\u00edan a la reuni\u00f3n de la Mesa por La Paz. El ataque se dio justo en la esquina de Guti\u00e9rrez Najera y Gabriel Leyva. A poca distancia de las instalaciones de Marina. Justo en el lugar donde se encontraban reunidos los mandos militares y policiacos que tienen bajo su responsabilidad los operativos de vigilancia. Los asesinos pudieron haber atentado en otro sitio contra el Director de Protecci\u00f3n Civil y su chofer. Pero lo hicieron cerca, muy cerca de las instalaciones de Marina. \u00bfDesaf\u00edo?. No sabemos.<\/p>\n<p><img loading=\"lazy\" decoding=\"async\" class=\"alignnone size-full wp-image-284410 td-animation-stack-type0-2\" src=\"https:\/\/sinaloaenlinea.com\/wp-content\/uploads\/2026\/09\/oscar-roberto-osuna-tiroteo_5_650x365.jpeg\" sizes=\"auto, (max-width: 650px) 100vw, 650px\" srcset=\"https:\/\/sinaloaenlinea.com\/wp-content\/uploads\/2026\/09\/oscar-roberto-osuna-tiroteo_5_650x365.jpeg 650w, https:\/\/sinaloaenlinea.com\/wp-content\/uploads\/2026\/09\/oscar-roberto-osuna-tiroteo_5_650x365-300x168.jpeg 300w, https:\/\/sinaloaenlinea.com\/wp-content\/uploads\/2026\/09\/oscar-roberto-osuna-tiroteo_5_650x365-150x84.jpeg 150w\" alt=\"\" width=\"650\" height=\"365\" \/><\/p>\n<p>El atentado de ayer es el primero que sucede contra un funcionario municipal de Mazatl\u00e1n desde septiembre del 2024 que estallo esta narcoguerra a la fecha. \u00bfMensaje para el resto de funcionarios municipales?. No sabemos. Pero lo que provoco el atentado horas despu\u00e9s fue que corriera la versi\u00f3n de que el Secretario de Seguridad Othoniel Barron e incluso el Director de esa corporaci\u00f3n dejaran sus cargos. Y hasta se adelant\u00f3 que ser\u00eda cuesti\u00f3n de horas para que se efectuaran estos cambios. El atentado contra el Director de Protecci\u00f3n Civil municipal y su acompa\u00f1ante provoco un intenso operativo por tierra y aire. Los patrullajes en varias zonas aumentaron y la presencia de un helic\u00f3ptero sobrevolando Mazatl\u00e1n llamo la atenci\u00f3n. Peso a todo, los asesinatos en Mazatl\u00e1n continuaron. Una pareja fue localizada sin vida a fondo del Fraccionamiento Rinc\u00f3n de las Plazas cerca de las v\u00edas del tren.<\/p>\n<p>Imelda contra la pared.\u00a0Las aspiraciones de Imelda Castro de convertirse en la pr\u00f3xima gobernadora de Sinaloa, enfrenta riesgos importantes. La ingobernabilidad que vive Sinaloa, con un Gobernador con licencia, con un Congreso del Estado plagado de suplentes, alcald\u00edas ocupadas con interinos y de los dos Senadores, uno de ellos con suplente y el otro expulsado de la bancada morenista, no son se\u00f1ales positivas para Imelda Castro. Ni la Senadora con licencia y que busca la candidatura, ni ninguno de los legisladores morenistas escapa a la sospecha de que son parte de lo mismo que ha conducido a Sinaloa a una de sus peores crisis pol\u00edticas y econ\u00f3micas jam\u00e1s vividas. Y si este panorama nada halag\u00fce\u00f1o para las aspiraciones de Imelda Castro, llego el segundo informe de gobierno de la Presidenta Claudia Sheinbaum. Informe en el que estuvo ausente Sinaloa. Informe en el que se soslayo por completo la grave crisis de gobernabilidad, de inseguridad y econ\u00f3mica que enfrenta el estado. Aun as\u00ed, luego de seguir de cerca el desarrollo del informe, Imelda Castro pidi\u00f3 a sus colaboradores a convertirse en promotores de los temas destacados por la Presidenta Sheinbaum.<\/p>\n<p><img loading=\"lazy\" decoding=\"async\" class=\"alignnone size-full wp-image-284411 td-animation-stack-type0-2\" src=\"https:\/\/sinaloaenlinea.com\/wp-content\/uploads\/2026\/09\/791338609_1051995034095674_6100048970971358753_n.jpeg\" sizes=\"auto, (max-width: 1280px) 100vw, 1280px\" srcset=\"https:\/\/sinaloaenlinea.com\/wp-content\/uploads\/2026\/09\/791338609_1051995034095674_6100048970971358753_n.jpeg 1280w, https:\/\/sinaloaenlinea.com\/wp-content\/uploads\/2026\/09\/791338609_1051995034095674_6100048970971358753_n-300x169.jpeg 300w, https:\/\/sinaloaenlinea.com\/wp-content\/uploads\/2026\/09\/791338609_1051995034095674_6100048970971358753_n-1024x576.jpeg 1024w, https:\/\/sinaloaenlinea.com\/wp-content\/uploads\/2026\/09\/791338609_1051995034095674_6100048970971358753_n-768x432.jpeg 768w, https:\/\/sinaloaenlinea.com\/wp-content\/uploads\/2026\/09\/791338609_1051995034095674_6100048970971358753_n-747x420.jpeg 747w, https:\/\/sinaloaenlinea.com\/wp-content\/uploads\/2026\/09\/791338609_1051995034095674_6100048970971358753_n-150x84.jpeg 150w, https:\/\/sinaloaenlinea.com\/wp-content\/uploads\/2026\/09\/791338609_1051995034095674_6100048970971358753_n-696x392.jpeg 696w, https:\/\/sinaloaenlinea.com\/wp-content\/uploads\/2026\/09\/791338609_1051995034095674_6100048970971358753_n-1068x601.jpeg 1068w\" alt=\"\" width=\"1280\" height=\"720\" \/><\/p>\n<p>Trabajo dif\u00edcil cuando evidentemente no se abordo el tema de la crisis en el campo sinaloense, del olvido a la actividad pesquera tanto de altamar como de aguas interiores, del turismo que ha colocado hasta el fondo a la hoteler\u00eda y a todos aquellos que dependen econ\u00f3micamente del turismo. Y ni que hablar de la posici\u00f3n de Sheinbaum y el gobierno de la 4T, que sostiene una reducci\u00f3n del 51 por ciento en los homicidios. Desde luego no se considero a Sinaloa. Pero Imelda Castro insistir\u00e1 en los resultados positivos del Gobierno federal. Pero dif\u00edcilmente podr\u00e1 hacerlo con el papel que juega el Gobierno del Estado. Y La Senadora con licencia adem\u00e1s de estos grandes retos, tendr\u00e1 que lidiar con quienes la siguen y apoyan. Muchos de ellos no aguantan ni la m\u00e1s m\u00ednima revisi\u00f3n sobre su relaci\u00f3n con grupos criminales.<\/p>\n<p>Tiene plumas, pico y hace cua cua: Es pato.\u00a0El Senador \u201cindependiente\u201d Enrique Inzunza, utiliza la plataforma de Morena, se sienta en una curul en la bancada morenista y se mofa de todos asegurando que \u00e9l seguir\u00e1 apoyando las iniciativas de Morena. \u00bfEntonces esta o no fuera de la bancada morenista?. Con palabras y discursos SI. Pero en la pr\u00e1ctica NO. Pero lo peor es la bienvenida que le dieron en la C\u00e1mara de Senadores a Inzunza.<\/p>\n<p><img loading=\"lazy\" decoding=\"async\" class=\"alignnone size-full wp-image-284412 td-animation-stack-type0-2\" src=\"https:\/\/sinaloaenlinea.com\/wp-content\/uploads\/2026\/09\/2042255.jpeg\" sizes=\"auto, (max-width: 1920px) 100vw, 1920px\" srcset=\"https:\/\/sinaloaenlinea.com\/wp-content\/uploads\/2026\/09\/2042255.jpeg 1920w, https:\/\/sinaloaenlinea.com\/wp-content\/uploads\/2026\/09\/2042255-300x200.jpeg 300w, https:\/\/sinaloaenlinea.com\/wp-content\/uploads\/2026\/09\/2042255-1024x683.jpeg 1024w, https:\/\/sinaloaenlinea.com\/wp-content\/uploads\/2026\/09\/2042255-768x512.jpeg 768w, https:\/\/sinaloaenlinea.com\/wp-content\/uploads\/2026\/09\/2042255-1536x1024.jpeg 1536w, https:\/\/sinaloaenlinea.com\/wp-content\/uploads\/2026\/09\/2042255-630x420.jpeg 630w, https:\/\/sinaloaenlinea.com\/wp-content\/uploads\/2026\/09\/2042255-150x100.jpeg 150w, https:\/\/sinaloaenlinea.com\/wp-content\/uploads\/2026\/09\/2042255-696x464.jpeg 696w, https:\/\/sinaloaenlinea.com\/wp-content\/uploads\/2026\/09\/2042255-1068x712.jpeg 1068w\" alt=\"\" width=\"1920\" height=\"1280\" \/><\/p>\n<p>El cuestionadisimo Senador Ad\u00e1n Augusto L\u00f3pez atraves\u00f3 el frente del recinto legislativo para ir a saludar a Inzunza. Como para que todos se enteraran de lo que estaba haciendo. Y el infumable Gerardo Fern\u00e1ndez Noro\u00f1a no solo fue a darle la bienvenida a Inzunza. Ostensiblemente acudi\u00f3 a saludarlo y se quedo un buen rato sentado a su lado platicando animadamente. \u00bfDesaf\u00edan a la Presidenta Sheinbaum?. \u00bfA caso retan a la l\u00edder nacional de Morena Ariadna Montiel?. Al \u201cChangoleon\u201d ya le dieron su lecci\u00f3n. Atoraron sus pretensiones de presidir la C\u00e1mara de Senadores, al nombrarse a Higinio Mart\u00ednez. \u00bfCu\u00e1ndo llegar\u00e1 la de Ad\u00e1n Augusto?. Ya le mandaron un mensaje. Andrea Ch\u00e1vez no ser\u00e1 candidata a gobernadora por Chihuahua. Al menos eso se asegura. Ch\u00e1vez es la candidata de Ad\u00e1n Augusto.<\/p>\n<p>\u00bfQu\u00e9 les pasa en Palacio Municipal?.\u00a0La falta de oficio pol\u00edtico y sentido com\u00fan de quienes forman parte del gobierno municipal de Mazatl\u00e1n cada vez es mas evidente. Mire que decir que el atentado en el que milagrosamente sali\u00f3 con vida el Director de Protecci\u00f3n Civil Oscar Osuna fue un \u201cintento de agresi\u00f3n\u201d, eso si que los exhibe. El Secretario del Ayuntamiento Moises R\u00edos fue quien sali\u00f3 a dar a conocer el posicionamiento del Gobierno Municipal en torno a la agresi\u00f3n a balazos que sufri\u00f3 el Director de Protecci\u00f3n Civil y su chofer. \u201cEn t\u00e9rminos concretos decirles que est\u00e1n bien los compa\u00f1eros. Eso es lo mas importante. Fue el intento de agresi\u00f3n podemos decirlo ya as\u00ed\u201d. \u00a1Queee!. En el lugar del ataque fueron recuperados por lo menos 12 casquillos de las balas que se dispararon contra la humanidad de Oscar Osuna y su acompa\u00f1ante. Y que les tiraron a matar. Esta m\u00e1s que claro. Entonces, \u00bfd\u00f3nde est\u00e1 ese intento de agresi\u00f3n\u201d del que habla el Secretario del Ayuntamiento. Y eso que sali\u00f3 a dar la cara dando lectura a un escrito. Ni leyendo atinan.<\/p>\n","protected":false},"excerpt":{"rendered":"<p>*El ataque armado contra el Director de Protecci\u00f3n Civil de Mazatl\u00e1n y su chofer, es algo mas que un atentado contra un funcionario municipal *Los funcionarios municipales fueron atacados cuando se dirig\u00edan a la reuni\u00f3n de la Mesa por la Paz, fue muy cerca de las instalaciones de Marina y ah\u00ed se encontraban los altos mandos de seguridad en el municipio *Horas despu\u00e9s del atentado contra Oscar Osuna corri\u00f3 la versi\u00f3n de que renunciar\u00edan el Secretario de Seguridad Municipal de Mazatl\u00e1n y el Director de Polic\u00eda *Imelda Castro est\u00e1 contra la pared. Por un lado, la evidente ingobernabilidad que se [&hellip;]<\/p>\n","protected":false},"author":3,"featured_media":92500,"comment_status":"open","ping_status":"open","sticky":false,"template":"","format":"standard","meta":{"_jetpack_newsletter_access":"","_jetpack_dont_email_post_to_subs":false,"_jetpack_newsletter_tier_id":0,"_jetpack_memberships_contains_paywalled_content":false,"_jetpack_feature_clip_id":0,"_jetpack_memberships_contains_paid_content":false,"footnotes":"","jetpack_publicize_message":"","jetpack_publicize_feature_enabled":true,"jetpack_social_post_already_shared":true,"jetpack_social_options":{"image_generator_settings":{"template":"highway","default_image_id":0,"font":"","enabled":false},"version":2},"jetpack_post_was_ever_published":false},"categories":[104],"tags":[],"class_list":["post-152173","post","type-post","status-publish","format-standard","has-post-thumbnail","hentry","category-columnistas-estatales","post--single"],"jetpack_publicize_connections":[],"jetpack_featured_media_url":"https:\/\/ovelanalista.com\/wp-content\/uploads\/2024\/03\/Fernando-Zepeda-Hurtado-300x150-1.png","jetpack_sharing_enabled":true,"_links":{"self":[{"href":"https:\/\/ovelanalista.com\/index.php?rest_route=\/wp\/v2\/posts\/152173","targetHints":{"allow":["GET"]}}],"collection":[{"href":"https:\/\/ovelanalista.com\/index.php?rest_route=\/wp\/v2\/posts"}],"about":[{"href":"https:\/\/ovelanalista.com\/index.php?rest_route=\/wp\/v2\/types\/post"}],"author":[{"embeddable":true,"href":"https:\/\/ovelanalista.com\/index.php?rest_route=\/wp\/v2\/users\/3"}],"replies":[{"embeddable":true,"href":"https:\/\/ovelanalista.com\/index.php?rest_route=%2Fwp%2Fv2%2Fcomments&post=152173"}],"version-history":[{"count":1,"href":"https:\/\/ovelanalista.com\/index.php?rest_route=\/wp\/v2\/posts\/152173\/revisions"}],"predecessor-version":[{"id":152179,"href":"https:\/\/ovelanalista.com\/index.php?rest_route=\/wp\/v2\/posts\/152173\/revisions\/152179"}],"wp:featuredmedia":[{"embeddable":true,"href":"https:\/\/ovelanalista.com\/index.php?rest_route=\/wp\/v2\/media\/92500"}],"wp:attachment":[{"href":"https:\/\/ovelanalista.com\/index.php?rest_route=%2Fwp%2Fv2%2Fmedia&parent=152173"}],"wp:term":[{"taxonomy":"category","embeddable":true,"href":"https:\/\/ovelanalista.com\/index.php?rest_route=%2Fwp%2Fv2%2Fcategories&post=152173"},{"taxonomy":"post_tag","embeddable":true,"href":"https:\/\/ovelanalista.com\/index.php?rest_route=%2Fwp%2Fv2%2Ftags&post=152173"}],"curies":[{"name":"wp","href":"https:\/\/api.w.org\/{rel}","templated":true}]}}