{"id":152180,"date":"2026-09-03T10:33:08","date_gmt":"2026-09-03T17:33:08","guid":{"rendered":"https:\/\/ovelanalista.com\/?p=152180"},"modified":"2026-09-03T10:33:08","modified_gmt":"2026-09-03T17:33:08","slug":"morena-y-la-4t-no-cumplen","status":"publish","type":"post","link":"https:\/\/ovelanalista.com\/?p=152180","title":{"rendered":"Morena y la 4T no cumplen"},"content":{"rendered":"<p><strong>Estado de los ESTADOS.<\/strong><\/p>\n<blockquote><p>\u201cLa corrupci\u00f3n de cada gobierno comienza casi siempre por la corrupci\u00f3n de sus principios\u201d: Montesquieu<\/p><\/blockquote>\n<ul>\n<li>Morena y la 4T no cumplen<\/li>\n<li>En 8 a\u00f1os, m\u00e1s millonarios<\/li>\n<li>Q. Roo: esc\u00e1ndalos caribe\u00f1os<\/li>\n<\/ul>\n<p>Ciudad de M\u00e9xico, 2 de septiembre de 2026.- Dos de las posturas ofrecidas por Morena y su creador Andr\u00e9s Manuel L\u00f3pez Obrador se derrumban d\u00eda tras d\u00eda. La corrupci\u00f3n est\u00e1 en todo su apogeo y la austeridad republicana transformada en pobreza franciscana nunca existi\u00f3. El entorno familiar del expresidente, los integrantes de su gabinete, los seleccionados como gobernadores, diputados y senadores han conformado una nueva clase de multimillonarios; presidentes municipales, legisladores estatales y directores de las m\u00e1s importantes dependencias se quedaron solo en millonarios. No hay semana en la que no se exhiban con las pruebas siempre solicitadas acciones corruptas de gobernadores, riquezas inexplicables de toda clase de pol\u00edticos ligados a Morena o sus aliados y una clase empresarial formada a la ligera y con el \u00fanico objetivo de obtener jugosas ganancias negociando con el gobierno.<\/p>\n<p><img loading=\"lazy\" decoding=\"async\" class=\"wp-image-152191 aligncenter\" style=\"font-size: 1.21429rem;\" src=\"https:\/\/ovelanalista.com\/wp-content\/uploads\/2026\/09\/Captura-de-Pantalla-2026-09-03-a-las-10.29.37-300x135.png\" alt=\"\" width=\"680\" height=\"306\" srcset=\"https:\/\/ovelanalista.com\/wp-content\/uploads\/2026\/09\/Captura-de-Pantalla-2026-09-03-a-las-10.29.37-300x135.png 300w, https:\/\/ovelanalista.com\/wp-content\/uploads\/2026\/09\/Captura-de-Pantalla-2026-09-03-a-las-10.29.37-1024x461.png 1024w, https:\/\/ovelanalista.com\/wp-content\/uploads\/2026\/09\/Captura-de-Pantalla-2026-09-03-a-las-10.29.37-768x346.png 768w, https:\/\/ovelanalista.com\/wp-content\/uploads\/2026\/09\/Captura-de-Pantalla-2026-09-03-a-las-10.29.37-400x180.png 400w, https:\/\/ovelanalista.com\/wp-content\/uploads\/2026\/09\/Captura-de-Pantalla-2026-09-03-a-las-10.29.37-750x338.png 750w, https:\/\/ovelanalista.com\/wp-content\/uploads\/2026\/09\/Captura-de-Pantalla-2026-09-03-a-las-10.29.37-1140x513.png 1140w, https:\/\/ovelanalista.com\/wp-content\/uploads\/2026\/09\/Captura-de-Pantalla-2026-09-03-a-las-10.29.37.png 1190w\" sizes=\"auto, (max-width: 680px) 100vw, 680px\" \/><\/p>\n<p>Las primeras planas de los diarios conocidos como \u201cnacionales\u201d se pelean la nota m\u00e1s corrupta. Las relaciones con empresarios surgidos al vapor abarcan todos los renglones en donde pueden hacerse jugosos negocios y podr\u00eda comenzar a mencionar los cientos de millones de pesos destinados a comprar escobas y los miles de millones de pesos destinados a la adquisici\u00f3n de tecnolog\u00edas. Esas sumas millonarias no se reflejan en calles limpias o en servicios que permitan a los ciudadanos agilizar tr\u00e1mites, contar con las tan ofrecidas ventanillas \u00fanicas o disponer, por lo menos, con las prometidas m\u00e1quinas expendedoras de actas de nacimiento o certificados de defunci\u00f3n.<\/p>\n<p>Han sido reveladas las operaciones en torno a la tecnolog\u00eda realizadas con la misma empresa de<span style=\"font-size: 1.21429rem;\">sde el sexenio de Felipe Calder\u00f3n hasta con la actual titular del Ejecutivo federal. Aparece el esc\u00e1ndalo que llev\u00f3 a la IBM a tener que abandonar con todos sus productos al pa\u00eds, porque la carga de contratos obtenidos a base de corruptelas fue totalmente rechazada por sus oficinas centrales. De los miles de millones de pesos entregados a Sixsigma Networks solo se salva una entrega de aparatos y software a la central de inteligencia puesta en operaci\u00f3n por Genaro Garc\u00eda Luna. Con L\u00f3pez Obrador el software para recopilar datos para el Banco del Bienestar cost\u00f3 mil 739 millones de pesos; para Claudia Sheinbaum el contrato m\u00e1s jugoso fue superior a los 542 millones de pesos para la Secretar\u00eda del Trabajo y Previsi\u00f3n Social (STPS).<\/span><\/p>\n<p style=\"text-align: center;\"><img loading=\"lazy\" decoding=\"async\" class=\"wp-image-152188 aligncenter\" style=\"font-size: 1.21429rem;\" src=\"https:\/\/ovelanalista.com\/wp-content\/uploads\/2026\/09\/Captura-de-Pantalla-2026-09-03-a-las-10.28.33-300x134.png\" alt=\"\" width=\"672\" height=\"300\" srcset=\"https:\/\/ovelanalista.com\/wp-content\/uploads\/2026\/09\/Captura-de-Pantalla-2026-09-03-a-las-10.28.33-300x134.png 300w, https:\/\/ovelanalista.com\/wp-content\/uploads\/2026\/09\/Captura-de-Pantalla-2026-09-03-a-las-10.28.33-1024x459.png 1024w, https:\/\/ovelanalista.com\/wp-content\/uploads\/2026\/09\/Captura-de-Pantalla-2026-09-03-a-las-10.28.33-768x344.png 768w, https:\/\/ovelanalista.com\/wp-content\/uploads\/2026\/09\/Captura-de-Pantalla-2026-09-03-a-las-10.28.33-400x179.png 400w, https:\/\/ovelanalista.com\/wp-content\/uploads\/2026\/09\/Captura-de-Pantalla-2026-09-03-a-las-10.28.33-750x336.png 750w, https:\/\/ovelanalista.com\/wp-content\/uploads\/2026\/09\/Captura-de-Pantalla-2026-09-03-a-las-10.28.33-1140x511.png 1140w, https:\/\/ovelanalista.com\/wp-content\/uploads\/2026\/09\/Captura-de-Pantalla-2026-09-03-a-las-10.28.33.png 1192w\" sizes=\"auto, (max-width: 672px) 100vw, 672px\" \/>Ana Paty Peralta y Mara Lezama<\/p>\n<p>En los \u00faltimos d\u00edas el gobierno del estado de Quintana Roo y el municipal de Benito Ju\u00e1rez, Canc\u00fan, se han visto envueltos en graves se\u00f1alamientos sobre el manejo de recurso<span style=\"font-size: 1.21429rem;\">s, las \u201cmalas amistades\u201d y una guerra sucia sin cuartel al acercarse la fecha de la definici\u00f3n sobre las sucesiones. En un permanente af\u00e1n de da\u00f1ar al \u00fanico morenista en la contienda por la coordinaci\u00f3n que lleva a la candidatura por la gubernatura, Rafael Mar\u00edn Mollinedo, no han dudado en utilizar a terceros y para ello lo mismo les ha servido vincular a un sujeto presuntamente relacionado con la mafia rumana, que a la alcaldesa de Canc\u00fan y una supuestas relaciones que un d\u00eda dicen con el c\u00e1rtel de Sinaloa, otro con el CJNG y explotan la fotograf\u00eda en donde aparece dentro de su despacho Berm\u00fadez Requena, l\u00edder de la \u201cBarredora\u201d.<\/span><\/p>\n<p>La gobernadora quintanarroense Mara Lezama ya vivi\u00f3 la etapa que hoy sacude a Ana Patricia Peralta con respecto al retiro de visa. La alcaldesa siguiendo el mismo camino de los exmandatarios estatales se\u00f1alados de haberles retirado el permiso de entrada a los EU, en entrevista banquetera sostuvo \u201cMi familia y yo tenemos nuestros documentos en orden\u201d, Americo Villareal, de Tamaulipas mostro su visa, peeero\u2026 solo se saben que retiran la visa en el momento en que se intenta ingresar al territorio del vecino y no se recoge ning\u00fan documento, solo se niega la entrada. La respuesta de todos estos funcionarios debiera ser por lo menos un poquito m\u00e1s inteligente pero la falta de sentido com\u00fan lleva hasta pretender se crea que la alcaldesa cancunense obtiene recursos il\u00edcitos p<span style=\"font-size: 1.21429rem;\">ara entreg\u00e1rselo a Mar\u00edn Mollinedo. Intereses que se miden en cientos de miles de millones de d\u00f3lares son los que se est\u00e1n peleando en Quintana Roo y de ah\u00ed que ya hayan alcanzado estos niveles los intentos de jugar cartas de todos los colores en favor de un sujeto cuya mancha principal es la soberbia seguida de la ambici\u00f3n y la insensibilidad: Eugenio Segura.<\/span><\/p>\n<p><img loading=\"lazy\" decoding=\"async\" class=\"wp-image-152187 aligncenter\" src=\"https:\/\/ovelanalista.com\/wp-content\/uploads\/2026\/09\/Captura-de-Pantalla-2026-09-03-a-las-10.27.22-300x135.png\" alt=\"\" width=\"620\" height=\"279\" srcset=\"https:\/\/ovelanalista.com\/wp-content\/uploads\/2026\/09\/Captura-de-Pantalla-2026-09-03-a-las-10.27.22-300x135.png 300w, https:\/\/ovelanalista.com\/wp-content\/uploads\/2026\/09\/Captura-de-Pantalla-2026-09-03-a-las-10.27.22-1024x461.png 1024w, https:\/\/ovelanalista.com\/wp-content\/uploads\/2026\/09\/Captura-de-Pantalla-2026-09-03-a-las-10.27.22-768x346.png 768w, https:\/\/ovelanalista.com\/wp-content\/uploads\/2026\/09\/Captura-de-Pantalla-2026-09-03-a-las-10.27.22-400x180.png 400w, https:\/\/ovelanalista.com\/wp-content\/uploads\/2026\/09\/Captura-de-Pantalla-2026-09-03-a-las-10.27.22-750x338.png 750w, https:\/\/ovelanalista.com\/wp-content\/uploads\/2026\/09\/Captura-de-Pantalla-2026-09-03-a-las-10.27.22-1140x514.png 1140w, https:\/\/ovelanalista.com\/wp-content\/uploads\/2026\/09\/Captura-de-Pantalla-2026-09-03-a-las-10.27.22.png 1194w\" sizes=\"auto, (max-width: 620px) 100vw, 620px\" \/><\/p>\n<p style=\"text-align: center;\">Rafael Mar\u00edn Mollinedo<\/p>\n<p>Por la tarde de ayer, Ariadna Montiel deslindo a Mara Lezama de Morena o a Morena de Mara Lezama y eso empieza a ser preocupante porque, al no haberse producido alguna defensa desde el templete presidencial muchas cosas pueden pasar y la menor de ellas es no llevarse a la gobernadora al gabinete federal aunque, habr\u00e1 de reconocerse, todav\u00eda falta tiempo y se recuerda que entre morenos no se investigan y lo \u00fanico que podr\u00eda llevar a la mandataria a un conflicto ser\u00eda alg\u00fan se\u00f1alamiento surgido de las oficinas en donde se audita al Estado.<\/p>\n<p><strong>DE LOS PASILLOS<\/strong><\/p>\n<p>Las pesquisas contra Ad\u00e1n Augusto L\u00f3pez lanzadas por los EU est\u00e1n llegando a Europa. Por lo pronto, ni Andrea Ch\u00e1vez le ha visto la cara\u2026 La pesadilla de los migrantes en los Estados Unidos no termina y ni quienes han logrado regular su documentaci\u00f3n tienen un sue\u00f1o tranquilo\u2026 La Suprema Corte de Justicia de la Naci\u00f3n est\u00e1 de duelo y no por la muerte de un ministro sino del articulado constitucional.<\/p>\n<p>Lo invitamos a descargar en su tel\u00e9fono la aplicaci\u00f3n de Inf<span style=\"font-size: 1.21429rem;\">ormativo MXN, con las noticias entidad por entidad y cubriendo los sectores de mayor inter\u00e9s para nuestros paisanos radicados en el extranjero y para la migraci\u00f3n nacional. As\u00ed tambi\u00e9n est\u00e1 la p\u00e1gina https:\/\/www.informativomxn.com\/ el canal en YouTube https:\/\/www.youtube.com\/@InformativoMXN<\/span><\/p>\n<p>Lo invitamos a visitar nuestras redes:<br \/>\nhttps:\/\/www.youtube.com\/mxntelevision<br \/>\nhttps:\/\/www.youtube.com\/Liliaarellano<br \/>\nhttps:\/\/www.facebook.com\/1liliaarellano<\/p>\n<div class=\"twitter-timeline twitter-timeline-rendered\"><iframe id=\"twitter-widget-0\" class=\"\" title=\"Twitter Timeline\" src=\"https:\/\/syndication.twitter.com\/srv\/timeline-profile\/screen-name\/Lilia_Arellano1?creatorScreenName=pacorodriguez&amp;dnt=true&amp;embedId=twitter-widget-0&amp;features=eyJ0ZndfdGltZWxpbmVfbGlzdCI6eyJidWNrZXQiOltdLCJ2ZXJzaW9uIjpudWxsfSwidGZ3X2ZvbGxvd2VyX2NvdW50X3N1bnNldCI6eyJidWNrZXQiOnRydWUsInZlcnNpb24iOm51bGx9LCJ0ZndfdHdlZXRfZWRpdF9iYWNrZW5kIjp7ImJ1Y2tldCI6Im9uIiwidmVyc2lvbiI6bnVsbH0sInRmd19yZWZzcmNfc2Vzc2lvbiI6eyJidWNrZXQiOiJvbiIsInZlcnNpb24iOm51bGx9LCJ0ZndfZm9zbnJfc29mdF9pbnRlcnZlbnRpb25zX2VuYWJsZWQiOnsiYnVja2V0Ijoib24iLCJ2ZXJzaW9uIjpudWxsfSwidGZ3X21peGVkX21lZGlhXzE1ODk3Ijp7ImJ1Y2tldCI6InRyZWF0bWVudCIsInZlcnNpb24iOm51bGx9LCJ0ZndfZXhwZXJpbWVudHNfY29va2llX2V4cGlyYXRpb24iOnsiYnVja2V0IjoxMjA5NjAwLCJ2ZXJzaW9uIjpudWxsfSwidGZ3X3Nob3dfYmlyZHdhdGNoX3Bpdm90c19lbmFibGVkIjp7ImJ1Y2tldCI6Im9uIiwidmVyc2lvbiI6bnVsbH0sInRmd19kdXBsaWNhdGVfc2NyaWJlc190b19zZXR0aW5ncyI6eyJidWNrZXQiOiJvbiIsInZlcnNpb24iOm51bGx9LCJ0ZndfdXNlX3Byb2ZpbGVfaW1hZ2Vfc2hhcGVfZW5hYmxlZCI6eyJidWNrZXQiOiJvbiIsInZlcnNpb24iOm51bGx9LCJ0ZndfdmlkZW9faGxzX2R5bmFtaWNfbWFuaWZlc3RzXzE1MDgyIjp7ImJ1Y2tldCI6InRydWVfYml0cmF0ZSIsInZlcnNpb24iOm51bGx9LCJ0ZndfbGVnYWN5X3RpbWVsaW5lX3N1bnNldCI6eyJidWNrZXQiOnRydWUsInZlcnNpb24iOm51bGx9LCJ0ZndfdHdlZXRfZWRpdF9mcm9udGVuZCI6eyJidWNrZXQiOiJvbiIsInZlcnNpb24iOm51bGx9fQ%3D%3D&amp;frame=false&amp;hideBorder=false&amp;hideFooter=false&amp;hideHeader=false&amp;hideScrollBar=false&amp;lang=es&amp;maxHeight=1000px&amp;origin=https%3A%2F%2Findicepolitico.com%2Fmorena-y-la-4t-no-cumplen%2F&amp;partner=ogwp&amp;sessionId=3525fa621450ce179d774420efb4e3048216134c&amp;showHeader=true&amp;showReplies=false&amp;siteScreenName=pacorodriguez&amp;transparent=false&amp;widgetsVersion=6a3ad42b224df%3A1778106238597\" frameborder=\"0\" scrolling=\"no\" allowfullscreen=\"allowfullscreen\" data-mce-fragment=\"1\"><\/iframe><\/div>\n<p><a class=\"twitter-timeline\" href=\"https:\/\/x.com\/Lilia_Arellano1?ref_src=twsrc%5Etfw\" data-width=\"696\" data-height=\"1000\" data-dnt=\"true\" data-twitter-extracted-i1788456210392196136=\"true\">Posts by Lilia_Arellano1<\/a><br \/>\nhttps:\/\/instagram.com\/liliaarellanooficiala<\/p>\n<p>&nbsp;<\/p>\n<p>&nbsp;<\/p>\n","protected":false},"excerpt":{"rendered":"<p>Estado de los ESTADOS. \u201cLa corrupci\u00f3n de cada gobierno comienza casi siempre por la corrupci\u00f3n de sus principios\u201d: Montesquieu Morena y la 4T no cumplen En 8 a\u00f1os, m\u00e1s millonarios Q. Roo: esc\u00e1ndalos caribe\u00f1os Ciudad de M\u00e9xico, 2 de septiembre de 2026.- Dos de las posturas ofrecidas por Morena y su creador Andr\u00e9s Manuel L\u00f3pez Obrador se derrumban d\u00eda tras d\u00eda. La corrupci\u00f3n est\u00e1 en todo su apogeo y la austeridad republicana transformada en pobreza franciscana nunca existi\u00f3. El entorno familiar del expresidente, los integrantes de su gabinete, los seleccionados como gobernadores, diputados y senadores han conformado una nueva clase [&hellip;]<\/p>\n","protected":false},"author":3,"featured_media":98646,"comment_status":"open","ping_status":"open","sticky":false,"template":"","format":"standard","meta":{"_jetpack_newsletter_access":"","_jetpack_dont_email_post_to_subs":false,"_jetpack_newsletter_tier_id":0,"_jetpack_memberships_contains_paywalled_content":false,"_jetpack_feature_clip_id":0,"_jetpack_memberships_contains_paid_content":false,"footnotes":"","jetpack_publicize_message":"","jetpack_publicize_feature_enabled":true,"jetpack_social_post_already_shared":true,"jetpack_social_options":{"image_generator_settings":{"template":"highway","default_image_id":0,"font":"","enabled":false},"version":2},"jetpack_post_was_ever_published":false},"categories":[79],"tags":[],"class_list":["post-152180","post","type-post","status-publish","format-standard","has-post-thumbnail","hentry","category-columnistas-nacionales","post--single"],"jetpack_publicize_connections":[],"jetpack_featured_media_url":"https:\/\/ovelanalista.com\/wp-content\/uploads\/2024\/07\/lilia_arellano.jpg","jetpack_sharing_enabled":true,"_links":{"self":[{"href":"https:\/\/ovelanalista.com\/index.php?rest_route=\/wp\/v2\/posts\/152180","targetHints":{"allow":["GET"]}}],"collection":[{"href":"https:\/\/ovelanalista.com\/index.php?rest_route=\/wp\/v2\/posts"}],"about":[{"href":"https:\/\/ovelanalista.com\/index.php?rest_route=\/wp\/v2\/types\/post"}],"author":[{"embeddable":true,"href":"https:\/\/ovelanalista.com\/index.php?rest_route=\/wp\/v2\/users\/3"}],"replies":[{"embeddable":true,"href":"https:\/\/ovelanalista.com\/index.php?rest_route=%2Fwp%2Fv2%2Fcomments&post=152180"}],"version-history":[{"count":1,"href":"https:\/\/ovelanalista.com\/index.php?rest_route=\/wp\/v2\/posts\/152180\/revisions"}],"predecessor-version":[{"id":152196,"href":"https:\/\/ovelanalista.com\/index.php?rest_route=\/wp\/v2\/posts\/152180\/revisions\/152196"}],"wp:featuredmedia":[{"embeddable":true,"href":"https:\/\/ovelanalista.com\/index.php?rest_route=\/wp\/v2\/media\/98646"}],"wp:attachment":[{"href":"https:\/\/ovelanalista.com\/index.php?rest_route=%2Fwp%2Fv2%2Fmedia&parent=152180"}],"wp:term":[{"taxonomy":"category","embeddable":true,"href":"https:\/\/ovelanalista.com\/index.php?rest_route=%2Fwp%2Fv2%2Fcategories&post=152180"},{"taxonomy":"post_tag","embeddable":true,"href":"https:\/\/ovelanalista.com\/index.php?rest_route=%2Fwp%2Fv2%2Ftags&post=152180"}],"curies":[{"name":"wp","href":"https:\/\/api.w.org\/{rel}","templated":true}]}}