{"id":152185,"date":"2026-09-03T10:36:08","date_gmt":"2026-09-03T17:36:08","guid":{"rendered":"https:\/\/ovelanalista.com\/?p=152185"},"modified":"2026-09-03T10:36:08","modified_gmt":"2026-09-03T17:36:08","slug":"el-cartel-inmobiliario-la-prueba-de-fuego-de-ahued","status":"publish","type":"post","link":"https:\/\/ovelanalista.com\/?p=152185","title":{"rendered":"El C\u00e1rtel Inmobiliario: la prueba de fuego de Ahued"},"content":{"rendered":"<p><strong>Astrolabio Pol\u00edtico<\/strong><\/p>\n<p>Por: <strong>Luis Ram\u00edrez Baqueiro<\/strong><\/p>\n<blockquote><p>\u201cConfiamos demasiado en los sistemas y muy poco en los hombres\u201d. \u2013 Benjam\u00edn Disraeli.<\/p><\/blockquote>\n<p>&nbsp;<\/p>\n<p>El llamado \u201cC\u00e1rtel Inmobiliario\u201d comienza a convertirse en algo m\u00e1s que un expediente inc\u00f3modo para el Gobierno de Veracruz. Conforme aparecen acusaciones, nombres, litigios y se\u00f1alamientos p\u00fablicos, el asunto adquiere una dimensi\u00f3n pol\u00edtica que inevitablemente alcanza a la Secretar\u00eda de Gobierno y, por extensi\u00f3n, a la administraci\u00f3n de Roc\u00edo Nahle Garc\u00eda.<\/p>\n<p>La Gobernadora ha fijado una posici\u00f3n: revisar notar\u00edas, combatir irregularidades y garantizar certeza jur\u00eddica sobre la propiedad. Pero la operaci\u00f3n pol\u00edtica e institucional de semejante encomienda pasa necesariamente por el secretario de Gobierno, Ricardo Ahued Bardahuil.<\/p>\n<p>Y ah\u00ed est\u00e1 precisamente el problema.<\/p>\n<p>Ahued ha construido durante a\u00f1os una imagen de funcionario austero y alejado de negocios pol\u00edticos. Sin embargo, un esc\u00e1ndalo de esta naturaleza obliga a preguntarse si alguien alrededor de esta estructura institucional pudiera estar aprovech\u00e1ndose de esa confianza o utilizando su nombre para intereses que nada tienen que ver con la instrucci\u00f3n de sanear el sistema notarial.<\/p>\n<p>No significa que Ahued participe en irregularidad alguna. Hasta ahora no existe elemento p\u00fablico suficiente para afirmarlo. Pero cuando el r\u00edo pol\u00edtico comienza a sonar de semejante manera, la responsabilidad del funcionario no consiste solamente en deslindarse: consiste en investigar hasta las \u00faltimas consecuencias.<\/p>\n<p>El abogado Jorge Reyes Peralta elev\u00f3 considerablemente la temperatura al acusar p\u00fablicamente al Secretario de Gobierno de supuesto encubrimiento de integrantes del denominado \u201cC\u00e1rtel Inmobiliario\u201d. Ahued respondi\u00f3 este mi\u00e9rcoles con dureza: calific\u00f3 los se\u00f1alamientos como falsos, acus\u00f3 al litigante de difamarlo y lo ret\u00f3 a presentar ante la Fiscal\u00eda y el Poder Judicial las pruebas que asegura tener. Adem\u00e1s, neg\u00f3 categ\u00f3ricamente intervenir ante ambas instituciones o \u201capadrinar\u201d asuntos judiciales.<\/p>\n<p>Ahued incluso sostuvo que la instrucci\u00f3n de Nahle es precisamente garantizar justicia y transparencia y no tolerar actos que afecten a leg\u00edtimos propietarios.<\/p>\n<p>Entonces hay que tomarle la palabra.<\/p>\n<p>Porque alrededor del esc\u00e1ndalo han comenzado a circular versiones sobre personajes del \u00e1mbito notarial xalape\u00f1o, entre ellos se\u00f1alamientos no acreditados p\u00fablicamente contra un notario de apellido D\u00edaz Pedroza. Tambi\u00e9n se pretende relacionar, por v\u00ednculos familiares, al exfuncionario duartista Armando Adriano Fabre. Pero una columna responsable no puede convertir parentescos, versiones o sospechas en sentencias: si existen elementos contra cualquiera de ellos, tendr\u00e1n que incorporarse a investigaciones y demostrarse ante las autoridades.<\/p>\n<p>Ese principio debe valer para todos.<\/p>\n<p>Precisamente porque Veracruz padeci\u00f3 durante a\u00f1os redes de intereses construidas alrededor del poder p\u00fablico, las notar\u00edas, prestanombres, propiedades y operaciones inmobiliarias, ser\u00eda grav\u00edsimo permitir que el problema termine reducido a un pleito entre Ricardo Ahued y Jorge Reyes Peralta.<\/p>\n<p>Ese ser\u00eda el peor desenlace.<\/p>\n<p>La discusi\u00f3n verdaderamente importante es saber si existi\u00f3 una estructura dedicada a despojar propiedades, falsificar documentos, manipular instrumentos notariales o aprovechar conexiones institucionales para convertir bienes ajenos en un negocio multimillonario. Y, de existir, conocer qui\u00e9nes participaron, qui\u00e9nes protegieron y qui\u00e9nes se beneficiaron.<\/p>\n<p>&nbsp;<\/p>\n<p><img loading=\"lazy\" decoding=\"async\" class=\"wp-image-152194 aligncenter\" src=\"https:\/\/ovelanalista.com\/wp-content\/uploads\/2026\/09\/Captura-de-Pantalla-2026-09-03-a-las-10.30.19-300x164.png\" alt=\"\" width=\"871\" height=\"476\" srcset=\"https:\/\/ovelanalista.com\/wp-content\/uploads\/2026\/09\/Captura-de-Pantalla-2026-09-03-a-las-10.30.19-300x164.png 300w, https:\/\/ovelanalista.com\/wp-content\/uploads\/2026\/09\/Captura-de-Pantalla-2026-09-03-a-las-10.30.19-1024x559.png 1024w, https:\/\/ovelanalista.com\/wp-content\/uploads\/2026\/09\/Captura-de-Pantalla-2026-09-03-a-las-10.30.19-768x419.png 768w, https:\/\/ovelanalista.com\/wp-content\/uploads\/2026\/09\/Captura-de-Pantalla-2026-09-03-a-las-10.30.19-400x218.png 400w, https:\/\/ovelanalista.com\/wp-content\/uploads\/2026\/09\/Captura-de-Pantalla-2026-09-03-a-las-10.30.19-750x410.png 750w, https:\/\/ovelanalista.com\/wp-content\/uploads\/2026\/09\/Captura-de-Pantalla-2026-09-03-a-las-10.30.19-1140x623.png 1140w, https:\/\/ovelanalista.com\/wp-content\/uploads\/2026\/09\/Captura-de-Pantalla-2026-09-03-a-las-10.30.19.png 1194w\" sizes=\"auto, (max-width: 871px) 100vw, 871px\" \/><\/p>\n<p>Ahued asegura que no protege a nadie. Perfecto.<\/p>\n<p>Ahora deber\u00e1 demostrarlo institucionalmente.<\/p>\n<p>Porque para un pol\u00edtico cuya trayectoria todav\u00eda puede tener horizontes mayores, este asunto representa una prueba particularmente delicada. No basta con defender la honorabilidad personal ni responder con adjetivos a quien acusa. La mejor respuesta ser\u00eda entregar resultados: investigaciones concluidas, notar\u00edas sancionadas cuando corresponda, t\u00edtulos revisados, propiedades restituidas si hubo despojos y responsables llevados ante los tribunales.<\/p>\n<p>Si detr\u00e1s del llamado C\u00e1rtel Inmobiliario existe realmente una maquinaria de corrupci\u00f3n, Ricardo Ahued tiene una oportunidad excepcional: desmantelarla.<\/p>\n<p>Y si alguien utiliz\u00f3 su buena fe, su nombre o su posici\u00f3n para hacer negocios, entonces tendr\u00eda todav\u00eda m\u00e1s razones para llegar hasta el fondo.<\/p>\n<p>Porque en este expediente ya no solamente est\u00e1 en juego la propiedad de quienes denuncian haber sido afectados.<\/p>\n<p>Tambi\u00e9n est\u00e1 en juego el prestigio pol\u00edtico del propio Secretario de Gobierno..<\/p>\n<p>Al tiempo.<\/p>\n<p>astrolabiopoliticomx@gmail.com<br \/>\n\u201cX\u201d antes Twitter: @LuisBaqueiro_mx<\/p>\n","protected":false},"excerpt":{"rendered":"<p>Astrolabio Pol\u00edtico Por: Luis Ram\u00edrez Baqueiro \u201cConfiamos demasiado en los sistemas y muy poco en los hombres\u201d. \u2013 Benjam\u00edn Disraeli. &nbsp; El llamado \u201cC\u00e1rtel Inmobiliario\u201d comienza a convertirse en algo m\u00e1s que un expediente inc\u00f3modo para el Gobierno de Veracruz. Conforme aparecen acusaciones, nombres, litigios y se\u00f1alamientos p\u00fablicos, el asunto adquiere una dimensi\u00f3n pol\u00edtica que inevitablemente alcanza a la Secretar\u00eda de Gobierno y, por extensi\u00f3n, a la administraci\u00f3n de Roc\u00edo Nahle Garc\u00eda. La Gobernadora ha fijado una posici\u00f3n: revisar notar\u00edas, combatir irregularidades y garantizar certeza jur\u00eddica sobre la propiedad. Pero la operaci\u00f3n pol\u00edtica e institucional de semejante encomienda pasa necesariamente [&hellip;]<\/p>\n","protected":false},"author":3,"featured_media":85767,"comment_status":"open","ping_status":"open","sticky":false,"template":"","format":"standard","meta":{"_jetpack_newsletter_access":"","_jetpack_dont_email_post_to_subs":false,"_jetpack_newsletter_tier_id":0,"_jetpack_memberships_contains_paywalled_content":false,"_jetpack_feature_clip_id":0,"_jetpack_memberships_contains_paid_content":false,"footnotes":"","jetpack_publicize_message":"","jetpack_publicize_feature_enabled":true,"jetpack_social_post_already_shared":true,"jetpack_social_options":{"image_generator_settings":{"template":"highway","default_image_id":0,"font":"","enabled":false},"version":2},"jetpack_post_was_ever_published":false},"categories":[79],"tags":[],"class_list":["post-152185","post","type-post","status-publish","format-standard","has-post-thumbnail","hentry","category-columnistas-nacionales","post--single"],"jetpack_publicize_connections":[],"jetpack_featured_media_url":"https:\/\/ovelanalista.com\/wp-content\/uploads\/2023\/11\/luis_ramirez_baqueiro.jpeg","jetpack_sharing_enabled":true,"_links":{"self":[{"href":"https:\/\/ovelanalista.com\/index.php?rest_route=\/wp\/v2\/posts\/152185","targetHints":{"allow":["GET"]}}],"collection":[{"href":"https:\/\/ovelanalista.com\/index.php?rest_route=\/wp\/v2\/posts"}],"about":[{"href":"https:\/\/ovelanalista.com\/index.php?rest_route=\/wp\/v2\/types\/post"}],"author":[{"embeddable":true,"href":"https:\/\/ovelanalista.com\/index.php?rest_route=\/wp\/v2\/users\/3"}],"replies":[{"embeddable":true,"href":"https:\/\/ovelanalista.com\/index.php?rest_route=%2Fwp%2Fv2%2Fcomments&post=152185"}],"version-history":[{"count":1,"href":"https:\/\/ovelanalista.com\/index.php?rest_route=\/wp\/v2\/posts\/152185\/revisions"}],"predecessor-version":[{"id":152201,"href":"https:\/\/ovelanalista.com\/index.php?rest_route=\/wp\/v2\/posts\/152185\/revisions\/152201"}],"wp:featuredmedia":[{"embeddable":true,"href":"https:\/\/ovelanalista.com\/index.php?rest_route=\/wp\/v2\/media\/85767"}],"wp:attachment":[{"href":"https:\/\/ovelanalista.com\/index.php?rest_route=%2Fwp%2Fv2%2Fmedia&parent=152185"}],"wp:term":[{"taxonomy":"category","embeddable":true,"href":"https:\/\/ovelanalista.com\/index.php?rest_route=%2Fwp%2Fv2%2Fcategories&post=152185"},{"taxonomy":"post_tag","embeddable":true,"href":"https:\/\/ovelanalista.com\/index.php?rest_route=%2Fwp%2Fv2%2Ftags&post=152185"}],"curies":[{"name":"wp","href":"https:\/\/api.w.org\/{rel}","templated":true}]}}