{"id":152186,"date":"2026-09-03T10:28:38","date_gmt":"2026-09-03T17:28:38","guid":{"rendered":"https:\/\/ovelanalista.com\/?p=152186"},"modified":"2026-09-03T10:28:38","modified_gmt":"2026-09-03T17:28:38","slug":"normalizar-la-violencia-2","status":"publish","type":"post","link":"https:\/\/ovelanalista.com\/?p=152186","title":{"rendered":"Normalizar la violencia"},"content":{"rendered":"<p><strong>TRANSICION<\/strong><\/p>\n<p>El Poder de La Cruz<br \/>\nSi la Cruz salv\u00f3 a la humanidad hace 2 mil a\u00f1os, en el 2027 te puede salvar de nuevo. Vota cruzado, no le des todo el poder a un solo partido. Vota por quien t\u00fa quieras pero haz la cruz de tu salvaci\u00f3n.<\/p>\n<p><strong>Oswaldo Villase\u00f1or<\/strong><br \/>\n<strong>@oswaldovillase<\/strong><\/p>\n<p>Cuando Jes\u00fas Aguilar Padilla era gobernador de Sinaloa la violencia ya era un fuerte problema sin controlar. Los asesinatos se dispararon.<\/p>\n<p>En una entrevista realizada en la CDMX, le preguntaron por la violenta y los homicidios y dijo \u201ceso era normal\u201d en Sinaloa. Las reacciones, desde luego, fueron inmediatas. La violencia y la muerte, no pod\u00eda ser \u201cnormal\u201d y mucho menos \u201cnormalizarse\u201d.<\/p>\n<p>Quienes lo cuestionaron duramente, en ese tiempo estaban y eran militantes del PRD. Hoy son gobierno con Morena. En aquel tiempo ten\u00edan raz\u00f3n y todo mundo se la concedi\u00f3.<\/p>\n<p>Hoy la violencia se \u201cnormaliza\u201d y se ejecuta como un c\u00e1lculo electoral. Ya no juega en contra del gobernante, sino el gobernante la utiliza y la administra en su beneficio y en perjuicio de sus gobernados,\u00a0 osea el pueblo.<\/p>\n<p>Volver la \u201cnormal\u201d la violencia y los homicidios pas\u00f3 de ser un fuerte reclamo de indignaci\u00f3n social, al no tener otra opci\u00f3n m\u00e1s que adaptarse a ella. Eso los sinaloenses lo saben.<\/p>\n<p>Pero hoy la expresi\u00f3n de que la violencia es \u201cnormal\u201d ya no se repite en Sinaloa, sino ahora en Zacatecas y antes fue en Jalisco.<\/p>\n<p>1.-El 30 de agosto explot\u00f3 un coche bomba en Zacatecas. Aqu\u00ed y en China a esto se le llama un acto terrorista.<br \/>\n\u00bfY en M\u00e9xico? Bueno aqu\u00ed retomo la definici\u00f3n enviada por un lector para entender c\u00f3mo definirlo. \u201cNo fue coche bomba: Se trat\u00f3 de una liberaci\u00f3n repentina de energ\u00eda con estallido, proveniente de un dispositivo transportador de cuatro ruedas, lo que result\u00f3 en una transferencia cal\u00f3rica, que obedece a las leyes de la termodin\u00e1mica, por lo que en un sentido amplio, se realiz\u00f3 dentro del marco de la ley. Siete personas participaron, de manera involuntaria, en la absorci\u00f3n de energ\u00eda, todo dentro del marco de las leyes de la f\u00edsica\u201d. \u00bfLe entendi\u00f3 c\u00f3mo lo define el gobierno ahora a un acto terrorista?<\/p>\n<p>2.-Pues bien, el diputado federal y patriarca de la dinast\u00eda Monrreal, sali\u00f3 en la defensa de su hermano David, el actual gobernador y dijo que es una \u201creacci\u00f3n normal\u201d del crimen organizado ante el \u201ccombate frontal\u201d que, seg\u00fan \u00e9l, mantienen las autoridades.<\/p>\n<p>3.-D\u00edas antes del ataque frente a la comandancia de polic\u00eda de Ojocaliente, Zacatecas, se filtr\u00f3 un audio donde un jefe de plaza le manda un mensaje a un jefe policiaco y donde le dice que se cuide del otro bando pero que siga combati\u00e9ndolo y apoy\u00e1ndose en corporaciones federales. \u00bfEntonces si fue una reacci\u00f3n \u201cnormal cuando se les ataca\u201d, dijera Ricardo Monreal.<\/p>\n<p>4.-El diputado federal, argument\u00f3 que en gobiernos anteriores se toleraba a la delincuencia, mientras que ahora las respuestas \u201cno son pac\u00edficas, son violentas\u201d, y que esto constitu\u00eda una se\u00f1al de que se est\u00e1 combatiendo a fondo. Defendi\u00f3 adem\u00e1s la gesti\u00f3n de su hermano, el gobernador David Monreal, destacando una supuesta reducci\u00f3n cercana al 70 % en homicidios dolosos en el estado.<\/p>\n<p>5.-Estas palabras dichas por Ricardo Monreal, no pueden analizarse como un desliz aislado. Representan un mecanismo de normalizaci\u00f3n de la violencia: convertir lo excepcional y atroz en previsible, incluso en indicador de \u00e9xito como lo intent\u00f3 mostrar el patriarca. \u00bfY si lo son? \u00bfAs\u00ed lo ven los Zacatecanos? \u00bfY en todo el pa\u00eds as\u00ed se ve? \u00bfO es m\u00e1s bien la respuesta a\u00a0 cuerpos policiacos que tienen complicidad con un grupo delictivo y el otro les cobra con estas acciones?<\/p>\n<p>6.-Cuando un dirigente de primer nivel califica de \u201cnormal\u201d un atentado con explosivos contra una instituci\u00f3n de seguridad, el mensaje que se transmite a la sociedad es que la violencia extrema forma parte de su vida diaria y, peor a\u00fan, que debe aceptarse como costo necesario de una estrategia. Y la pregunta del mill\u00f3n. \u00bfY si piensa un pol\u00edtico de la talla de Ricardo Monreal que sus paisanos le crean y vean estos hechos con sus mismos ojos?<\/p>\n<p>7.-Lo cierto es que el gobierno ya no combate a la delincuencia. Ahora la administra. Ya no combate a la violencia, sino ahora la usa en su beneficio para tener dominado al pueblo.<\/p>\n<p>Lo que antes generaba indignaci\u00f3n colectiva cuando se presenta un hecho violento, ahora tiende a volverse noticia rutinaria, comentada con resignaci\u00f3n o incluso con iron\u00eda en redes.<br \/>\nHoy pasan a ser solo \u201cda\u00f1os colaterales\u201d , \u201creacciones esperadas\u201d o \u201calgo normal\u201d.<\/p>\n<p>8.-En el caso de Zacatecas y la respuesta \u201cnormal de Ricardo Monreal\u201d,\u00a0 la narrativa oficial va m\u00e1s all\u00e1: presenta la violencia ejercida por la delincuencia en contra de cuerpos policiacos, no como fracaso parcial de la pol\u00edtica de seguridad, sino como prueba de que \u201cse est\u00e1 haciendo el trabajo\u201d. \u00bfSi es as\u00ed?<\/p>\n<p>Lo cierto que el intento de transformar tragedias en argumentos de legitimidad, hoy tambi\u00e9n ya se volvi\u00f3 \u201cnormal\u201d.<\/p>\n<p>Explotar un coche bomba nunca podr\u00e1 ser \u201cnormal\u201d. La violencia nunca debe serlo aunque lo diga Ricardo Monreal.\u200b\u200b\u200b\u200b\u200b\u200b\u200b\u200b\u200b\u200b\u200b\u200b\u200b\u200b\u200b\u200b\u200b\u200b\u200b\u200b\u200b\u200b<wbr \/>\u200b\u200b\u200b\u200b\u200b\u200b\u200b\u200b\u200b\u200b\u200b\u200b\u200b\u200b\u200b\u200b\u200b\u200b\u200b\u200b\u200b\u200b<br \/>\nHabr\u00e1 que estar pendientes.<\/p>\n<p>PASO A PASITO.-La presidente Claudia Sheinbaum estar\u00e1 en Sinaloa el pr\u00f3ximo d\u00eda 20 de Septiembre como parte de la gira que har\u00e1 por todo el pa\u00eds para promocionar los resultados de su segundo informe de gobierno.<\/p>\n<p>Aprovechar\u00e1 para sostener un encuentro con la gobernadora Graciela Dom\u00ednguez y todo el gabinete de Seguridad Nacional.<\/p>\n<p>OTRO PASITO.-La Universidad Aut\u00f3noma de Sinaloa otra vez volvi\u00f3 a ser sede de otro asesinato m\u00e1s. La violencia en Sinaloa est\u00e1 en todas partes. Ya no se respetan las escuelas ni ning\u00fan lugar.<br \/>\nPero la buena noticia es que ya baj\u00f3 casi un 63% la violencia en Sinaloa. Si no la percibe, es que es un insensible.<br \/>\nPASITO CH\u00c9VERE.-<br \/>\nS\u00edguenos En:<br \/>\nOvelanalista.com<br \/>\nTwitteer.- @oswaldo villase<br \/>\nFacebook.-OV El Analista<br \/>\nTelevisi\u00f3n.<br \/>\nMegacanal canal 151 y 1151 de lunes a viernes de 1:30 a 2 de la tarde y s\u00e1bados de 11 a 12.<br \/>\nRADIO<br \/>\nConexi\u00f3n Sinaloa con Gabriel Cota<br \/>\nCDMX y todo el pa\u00eds.<br \/>\nIndice\u00a0<a href=\"http:\/\/xn--poltico-9ya.com\/\" target=\"_blank\" rel=\"noopener noreferrer\" data-saferedirecturl=\"https:\/\/www.google.com\/url?q=http:\/\/xn--poltico-9ya.com&amp;source=gmail&amp;ust=1788542718420000&amp;usg=AOvVaw3NUhcSRgQ5jdTPABkrQQ22\">pol\u00edtico.com<\/a>.<br \/>\nLa Pol\u00edtica OnLine.com<br \/>\nLa Aurora de M\u00e9xico.com<br \/>\nEl Arsenal.Net<br \/>\nWhatsApp. 6681640391 m\u00e1ndanos un mensaje y recibe nuestra informaci\u00f3n.<\/p>\n","protected":false},"excerpt":{"rendered":"<p>TRANSICION El Poder de La Cruz Si la Cruz salv\u00f3 a la humanidad hace 2 mil a\u00f1os, en el 2027 te puede salvar de nuevo. Vota cruzado, no le des todo el poder a un solo partido. Vota por quien t\u00fa quieras pero haz la cruz de tu salvaci\u00f3n. Oswaldo Villase\u00f1or @oswaldovillase Cuando Jes\u00fas Aguilar Padilla era gobernador de Sinaloa la violencia ya era un fuerte problema sin controlar. Los asesinatos se dispararon. En una entrevista realizada en la CDMX, le preguntaron por la violenta y los homicidios y dijo \u201ceso era normal\u201d en Sinaloa. Las reacciones, desde luego, fueron [&hellip;]<\/p>\n","protected":false},"author":3,"featured_media":139858,"comment_status":"open","ping_status":"open","sticky":false,"template":"","format":"standard","meta":{"_jetpack_newsletter_access":"","_jetpack_dont_email_post_to_subs":false,"_jetpack_newsletter_tier_id":0,"_jetpack_memberships_contains_paywalled_content":false,"_jetpack_feature_clip_id":0,"_jetpack_memberships_contains_paid_content":false,"footnotes":"","jetpack_publicize_message":"","jetpack_publicize_feature_enabled":true,"jetpack_social_post_already_shared":true,"jetpack_social_options":{"image_generator_settings":{"template":"highway","default_image_id":0,"font":"","enabled":false},"version":2},"jetpack_post_was_ever_published":false},"categories":[91],"tags":[],"class_list":["post-152186","post","type-post","status-publish","format-standard","has-post-thumbnail","hentry","category-transicion","post--single"],"jetpack_publicize_connections":[],"jetpack_featured_media_url":"https:\/\/ovelanalista.com\/wp-content\/uploads\/2026\/02\/WhatsApp-Image-2026-02-03-at-10.59.53-AM.jpeg","jetpack_sharing_enabled":true,"_links":{"self":[{"href":"https:\/\/ovelanalista.com\/index.php?rest_route=\/wp\/v2\/posts\/152186","targetHints":{"allow":["GET"]}}],"collection":[{"href":"https:\/\/ovelanalista.com\/index.php?rest_route=\/wp\/v2\/posts"}],"about":[{"href":"https:\/\/ovelanalista.com\/index.php?rest_route=\/wp\/v2\/types\/post"}],"author":[{"embeddable":true,"href":"https:\/\/ovelanalista.com\/index.php?rest_route=\/wp\/v2\/users\/3"}],"replies":[{"embeddable":true,"href":"https:\/\/ovelanalista.com\/index.php?rest_route=%2Fwp%2Fv2%2Fcomments&post=152186"}],"version-history":[{"count":1,"href":"https:\/\/ovelanalista.com\/index.php?rest_route=\/wp\/v2\/posts\/152186\/revisions"}],"predecessor-version":[{"id":152189,"href":"https:\/\/ovelanalista.com\/index.php?rest_route=\/wp\/v2\/posts\/152186\/revisions\/152189"}],"wp:featuredmedia":[{"embeddable":true,"href":"https:\/\/ovelanalista.com\/index.php?rest_route=\/wp\/v2\/media\/139858"}],"wp:attachment":[{"href":"https:\/\/ovelanalista.com\/index.php?rest_route=%2Fwp%2Fv2%2Fmedia&parent=152186"}],"wp:term":[{"taxonomy":"category","embeddable":true,"href":"https:\/\/ovelanalista.com\/index.php?rest_route=%2Fwp%2Fv2%2Fcategories&post=152186"},{"taxonomy":"post_tag","embeddable":true,"href":"https:\/\/ovelanalista.com\/index.php?rest_route=%2Fwp%2Fv2%2Ftags&post=152186"}],"curies":[{"name":"wp","href":"https:\/\/api.w.org\/{rel}","templated":true}]}}