{"id":152193,"date":"2026-09-03T10:35:41","date_gmt":"2026-09-03T17:35:41","guid":{"rendered":"https:\/\/ovelanalista.com\/?p=152193"},"modified":"2026-09-03T10:35:41","modified_gmt":"2026-09-03T17:35:41","slug":"es-toxico-acercarse-al-tal-andy-lopez","status":"publish","type":"post","link":"https:\/\/ovelanalista.com\/?p=152193","title":{"rendered":"Es t\u00f3xico acercarse al tal \u2018Andy\u2019 L\u00f3pez"},"content":{"rendered":"<p><strong>La Espinita<\/strong><\/p>\n<p><strong>Andy S. K. Brown<\/strong><\/p>\n<ul>\n<li><strong>Es t\u00f3xico acercarse al tal \u2018Andy\u2019 L\u00f3pez<\/strong><\/li>\n<li><strong>Los cojones tricolores de \u2018Alito\u2019 Moreno<\/strong><\/li>\n<li><strong>Mal\u00fa Micher dio sabor al caldo aguado<\/strong><\/li>\n<\/ul>\n<p>&nbsp;<\/p>\n<p>Confirm\u00f3 ya la se\u00f1ora Sheinbaum que el prestanombres del tal \u201cAndy\u201d L\u00f3pez, su paisano y amigo de infancia y juventud Am\u00edlcar Ol\u00e1n, ya es investigado por la Fiscal\u00eda \u201caut\u00f3noma\u201d y por la Secretar\u00eda del nombre chistoso: Anticorrupci\u00f3n y Buen Gobierno de la 4T.<\/p>\n<p>La columna de H\u00e9ctor de Maule\u00f3n en la que el colega dio a conocer que el 24 del mes anterior se desarroll\u00f3 un c\u00f3nclave en el que participaron junto el tal \u2018Andy\u2019 su hermano \u2018El Bobby, Bobby, Bobby\u2019 y la \u201cnana\u201d de ambos Daniel Asaf con los millonarios empresarios Juan Domingo Beckmann y Mauricio Gardu\u00f1o, ya los \u201cquem\u00f3\u201d a ambos.<\/p>\n<p>Pertenecer al C\u00e1rtel Tabasco Nueva Generaci\u00f3n y\/o ser amigo de su capo el tal \u201cAndy\u201d \u2013el real jefe de la banda es AMLO\u2013 resulta sumamente da\u00f1ino y peligroso.<\/p>\n<p>Que lo diga si no es as\u00ed don Juan Domingo, director general y presidente de Becle, el conglomerado que concentra los negocios de la familia y cuenta en su portafolio con marcas como Jos\u00e9 Cuervo, adem\u00e1s de otras bebidas espirituosas con presencia nacional e internacional.<\/p>\n<p>Por andarse juntando con el tal \u2018Andy\u2019 sus asociados ya empiezan a dudar por su evidente cercan\u00eda con quien pretender ser, tambi\u00e9n, heredero del legado pol\u00edtico de su padre, jejeje.<\/p>\n<p>Lo peor es que, como la empresa ya casi tricentenaria cotiza en la bolsa neoyorquina, la SEC podr\u00eda echarle el ojo a ese emporio creado en 1758 por Jos\u00e9 Antonio de Cuervo y Vald\u00e9s.<\/p>\n<p>El otro comensal, tambi\u00e9n \u201cmilloneta\u201d, qued\u00f3 al descubierto tras el c\u00f3nclave de la Condesa revelado por De Maule\u00f3n. Mauricio Gardu\u00f1o Gonz\u00e1lez Elizondo, en efecto, ya fue expuesto como contratista de los gobiernos de Calder\u00f3n, EPN y AMLO a los que ha servido con diversas compa\u00f1\u00edas por montos que rebasan los 33 mil millones de pesos en una sola de ellas: Sixsigma Networks.<\/p>\n<p>No cabe duda. El tal \u2018Andy\u2019 es t\u00f3xico. Genera desgastes emocionales constantes, malestares y conflictos entre quienes lo rodean.<\/p>\n<p>\u00a1Ni se le ocurra acerc\u00e1rsele!<\/p>\n<p>* * *<\/p>\n<p>A diferencia del tibio dirigente panista Jorge Romero, y del emecista M\u00e1ynez \u2013no me acuerdo c\u00f3mo se llama\u2014entregado a la 4T, Alejandro \u201cAlito\u201d Moreno C\u00e1rdenas s\u00ed los tiene bien puestos.<\/p>\n<p>Menci\u00f3n aparte merecen los dirigentes del naciente Somos (M\u00e9xico) \u2013con todo y contorno de la Rep\u00fablica Mexicana, aunque les duela a los integrantes del cooptado INE, muchos le seguiremos llamando as\u00ed.<\/p>\n<p>Pero es \u201cAlito\u201d quien ocupa hoy mi atenci\u00f3n que, espero, sea coincidente con la m\u00eda. Y si no, tambi\u00e9n la respetar\u00e9.<\/p>\n<p>Moreno C\u00e1rdenas, por lo pronto, tiene captada la mirada con lupa de la se\u00f1ora Sheinbaum y de los dem\u00e1s feligreses de la secta de AMLO. Lo menciona en sus menti\u00f1eras. Tira l\u00ednea para que \u201cla del billete\u201d Ariadna Montiel lo ataque.<\/p>\n<p>Podr\u00e1n decir lo que quieran ambas se\u00f1oras, pero la realidad es que quien verdaderamente las saca de quicio es el senador y dirigente pri\u00edsta.<\/p>\n<p>Y no solo por sus frecuentes viajes a Washington donde se re\u00fane con los m\u00e1s influyentes decision makers de la pol\u00edtica, la inversi\u00f3n privada y los medios de comunicaci\u00f3n, tambi\u00e9n por lo que declara y postea en redes que, definitivamente, coincide con lo que muchos pensamos es la 4T.<\/p>\n<p>Que est\u00e1 sustentada en un narcopartido. Que, como \u00e9l dice con mucha frecuencia, \u201cson una bola de c\u00ednicos\u201d. Que, efectivamente, est\u00e1n acabando con el pa\u00eds, al cual ya le arrebataron sus m\u00e1s preciadas instituciones democr\u00e1ticas que empezaban a funcionar y a servir como contrapesos del abrumador poder del Ejecutivo Federal, que\u2026<\/p>\n<p>Su intervenci\u00f3n en la tribuna de San L\u00e1zaro este 1 de septiembre fue precisa. Y aunque Sheinbaum no estuvo ah\u00ed, seguramente no se perdi\u00f3 detalle de ella en la transmisi\u00f3n televisiva.<\/p>\n<p>Por eso lo quieren desaforar, luego de que el INE ya coart\u00f3 su derecho a la libertad de expresi\u00f3n prohibi\u00e9ndole que llame \u201cnarcopartido\u201d al narcopartido Morena e, incluso, que borre todos los posts en los que as\u00ed califique al Movimiento de Resentidos y Narcos.<\/p>\n<p>\u201cAlito\u201d no es \u201cla esperanza de M\u00e9xico\u201d, como presum\u00edan los guindas para luego destrozarla.<\/p>\n<p>Pero s\u00ed, en cambio, es un h\u00e1lito de ox\u00edgeno en un ambiente de podredumbre morenista.<\/p>\n<p><img loading=\"lazy\" decoding=\"async\" class=\"wp-image-152195 aligncenter\" src=\"https:\/\/ovelanalista.com\/wp-content\/uploads\/2026\/09\/Captura-de-Pantalla-2026-09-03-a-las-10.32.06-300x162.png\" alt=\"\" width=\"869\" height=\"469\" srcset=\"https:\/\/ovelanalista.com\/wp-content\/uploads\/2026\/09\/Captura-de-Pantalla-2026-09-03-a-las-10.32.06-300x162.png 300w, https:\/\/ovelanalista.com\/wp-content\/uploads\/2026\/09\/Captura-de-Pantalla-2026-09-03-a-las-10.32.06-1024x553.png 1024w, https:\/\/ovelanalista.com\/wp-content\/uploads\/2026\/09\/Captura-de-Pantalla-2026-09-03-a-las-10.32.06-768x415.png 768w, https:\/\/ovelanalista.com\/wp-content\/uploads\/2026\/09\/Captura-de-Pantalla-2026-09-03-a-las-10.32.06-400x216.png 400w, https:\/\/ovelanalista.com\/wp-content\/uploads\/2026\/09\/Captura-de-Pantalla-2026-09-03-a-las-10.32.06-750x405.png 750w, https:\/\/ovelanalista.com\/wp-content\/uploads\/2026\/09\/Captura-de-Pantalla-2026-09-03-a-las-10.32.06.png 1100w\" sizes=\"auto, (max-width: 869px) 100vw, 869px\" \/><\/p>\n<p>&nbsp;<\/p>\n<p>* * *<\/p>\n<p>\u201cNunca falta alguien as\u00ed\u201d, le\u00eda el tecleador hace a\u00f1os en el Reader\u2019s Digest.<\/p>\n<p>Y este 1 de septiembre la nota la dio (redoble de tambores) \u00a1la guanajuatense Martha Luc\u00eda (acr\u00f3nimo: Mal\u00fa) Micher Camarena, quien desde la tribuna que desde hace ya varias Legislaturas dej\u00f3 de ser \u201cla m\u00e1s alta del pa\u00eds\u201d, solt\u00f3 la m\u00e1s grande burrada de las muchas que ah\u00ed se sueltan en cada sesi\u00f3n en San L\u00e1zaro.<\/p>\n<p>Que las ayudas econ\u00f3micas, o d\u00e1divas, o apoyos del supuesto Bienestar entregados por las brigadas del chaleco guinda como \u201cde parte del se\u00f1or presidente\u201d, antes, y ahora \u201cte lo manda la se\u00f1ora Sheinbaum\u201d no se financian con las contribuciones de la ciudadan\u00eda. Durante su boba intervenci\u00f3n, la legisladora arremeti\u00f3 contra los se\u00f1alamientos de la oposici\u00f3n asegurando:<\/p>\n<p>\u201cY ya estuvo bueno que anden diciendo que es que ese dinero es de nuestros impuestos. \u00a1Mentira! Es de una austeridad republicana que logr\u00f3 que estuvi\u00e9ramos a 42 millones de familias de bienestar\u201d.<\/p>\n<p>\u00a1Ay, do\u00f1a Mal\u00fa! \u00bfEn que pensaba cuando solt\u00f3 tama\u00f1a estupidez? Cre\u00eda que el financiamiento proven\u00eda del huachicol fiscal \u2013con el que s\u00ed se remunera a los youtuberos del bienestar\u2013, de los \u201cbisnes\u201d del tal \u201cAndy?, \u00bfladr\u00f3nde?<\/p>\n<p>Ya aclar\u00f3 la guanajuatense. Pero as\u00ed como lo dijo ella, son millones de connacionales quienes piensan y creen que ese dinero regalado con el que medio los mantiene el gobierno no es producto de quienes s\u00ed trabajamos y pagamos religiosamente nuestros impuestos al SAT, voraz instrumento recaudador de una fallida Administraci\u00f3n que no retorna nada. Ni obra p\u00fablica. Ni servicios.<\/p>\n<p>@AndySKBrown1<\/p>\n<p><em>*Pseud\u00f3nimo bajo el que se redactan informaciones comprobadas que son enviadas por lectores y colaboradores del portal \u00cdndice Pol\u00edtico.<\/em><\/p>\n","protected":false},"excerpt":{"rendered":"<p>La Espinita Andy S. K. Brown Es t\u00f3xico acercarse al tal \u2018Andy\u2019 L\u00f3pez Los cojones tricolores de \u2018Alito\u2019 Moreno Mal\u00fa Micher dio sabor al caldo aguado &nbsp; Confirm\u00f3 ya la se\u00f1ora Sheinbaum que el prestanombres del tal \u201cAndy\u201d L\u00f3pez, su paisano y amigo de infancia y juventud Am\u00edlcar Ol\u00e1n, ya es investigado por la Fiscal\u00eda \u201caut\u00f3noma\u201d y por la Secretar\u00eda del nombre chistoso: Anticorrupci\u00f3n y Buen Gobierno de la 4T. La columna de H\u00e9ctor de Maule\u00f3n en la que el colega dio a conocer que el 24 del mes anterior se desarroll\u00f3 un c\u00f3nclave en el que participaron junto el [&hellip;]<\/p>\n","protected":false},"author":3,"featured_media":86899,"comment_status":"open","ping_status":"open","sticky":false,"template":"","format":"standard","meta":{"_jetpack_newsletter_access":"","_jetpack_dont_email_post_to_subs":false,"_jetpack_newsletter_tier_id":0,"_jetpack_memberships_contains_paywalled_content":false,"_jetpack_feature_clip_id":0,"_jetpack_memberships_contains_paid_content":false,"footnotes":"","jetpack_publicize_message":"","jetpack_publicize_feature_enabled":true,"jetpack_social_post_already_shared":true,"jetpack_social_options":{"image_generator_settings":{"template":"highway","default_image_id":0,"font":"","enabled":false},"version":2},"jetpack_post_was_ever_published":false},"categories":[79],"tags":[],"class_list":["post-152193","post","type-post","status-publish","format-standard","has-post-thumbnail","hentry","category-columnistas-nacionales","post--single"],"jetpack_publicize_connections":[],"jetpack_featured_media_url":"https:\/\/ovelanalista.com\/wp-content\/uploads\/2023\/12\/Andy-S.-K.-Brown.jpeg","jetpack_sharing_enabled":true,"_links":{"self":[{"href":"https:\/\/ovelanalista.com\/index.php?rest_route=\/wp\/v2\/posts\/152193","targetHints":{"allow":["GET"]}}],"collection":[{"href":"https:\/\/ovelanalista.com\/index.php?rest_route=\/wp\/v2\/posts"}],"about":[{"href":"https:\/\/ovelanalista.com\/index.php?rest_route=\/wp\/v2\/types\/post"}],"author":[{"embeddable":true,"href":"https:\/\/ovelanalista.com\/index.php?rest_route=\/wp\/v2\/users\/3"}],"replies":[{"embeddable":true,"href":"https:\/\/ovelanalista.com\/index.php?rest_route=%2Fwp%2Fv2%2Fcomments&post=152193"}],"version-history":[{"count":1,"href":"https:\/\/ovelanalista.com\/index.php?rest_route=\/wp\/v2\/posts\/152193\/revisions"}],"predecessor-version":[{"id":152200,"href":"https:\/\/ovelanalista.com\/index.php?rest_route=\/wp\/v2\/posts\/152193\/revisions\/152200"}],"wp:featuredmedia":[{"embeddable":true,"href":"https:\/\/ovelanalista.com\/index.php?rest_route=\/wp\/v2\/media\/86899"}],"wp:attachment":[{"href":"https:\/\/ovelanalista.com\/index.php?rest_route=%2Fwp%2Fv2%2Fmedia&parent=152193"}],"wp:term":[{"taxonomy":"category","embeddable":true,"href":"https:\/\/ovelanalista.com\/index.php?rest_route=%2Fwp%2Fv2%2Fcategories&post=152193"},{"taxonomy":"post_tag","embeddable":true,"href":"https:\/\/ovelanalista.com\/index.php?rest_route=%2Fwp%2Fv2%2Ftags&post=152193"}],"curies":[{"name":"wp","href":"https:\/\/api.w.org\/{rel}","templated":true}]}}