{"id":152197,"date":"2026-09-03T10:35:15","date_gmt":"2026-09-03T17:35:15","guid":{"rendered":"https:\/\/ovelanalista.com\/?p=152197"},"modified":"2026-09-03T10:35:15","modified_gmt":"2026-09-03T17:35:15","slug":"gira-sheinbaumista","status":"publish","type":"post","link":"https:\/\/ovelanalista.com\/?p=152197","title":{"rendered":"Gira Sheinbaumista"},"content":{"rendered":"<p>HOMO POL\u00cdTICUS<\/p>\n<p><strong>PAVE SOBERANES<\/strong><\/p>\n<ul>\n<li><b>\u00a0<\/b><i>De Los Colorines a Los Vikingos<\/i><\/li>\n<\/ul>\n<p>&nbsp;<\/p>\n<p>Con 61.6 de aprobaci\u00f3n en Morelos \u2014el m\u00e1s bajo del pa\u00eds, seg\u00fan\u00a0<i>Demoscopia<\/i>\u2014, la presidente Sheinbaum iniciar\u00e1 en ese estado su recorrido nacional de promoci\u00f3n constitucional de logros y pendientes de su segundo a\u00f1o de gobierno.<\/p>\n<p>La recibir\u00e1 Margarita Gonz\u00e1lez con una calificaci\u00f3n ciudadana de 43.7 en el mes que reci\u00e9n concluy\u00f3, la m\u00e1s baja de las 32 entidades de la Rep\u00fablica.<\/p>\n<p>En julio, la aprobaci\u00f3n de ambas, seg\u00fan la casa encuestadora de Roy Campos, en ese orden, era de 48.4 y 46.6. Mejor\u00f3 Sheinbaum, no as\u00ed Gonz\u00e1lez.<\/p>\n<p>Lo \u00fanico qu\u00e9 presumir de la visita presidencial es que el gobierno federal apoya al estado con programas, adquisiciones, ministraciones extraordinarias, obras y acciones, que tendr\u00edan que agradecerse con todas sus letras p\u00fablicamente. El gobierno del estado no ayuda a la Presidencia de la Rep\u00fablica, sino con hojas de respaldo firmadas por todos los gobernadores, cuyos textos son dictado en Palacio Nacional.<\/p>\n<p>Lo importante de la visita es que la presidente Sheinbaum \u2014con 71 por ciento de aprobaci\u00f3n nacional\u2014, cada vez m\u00e1s alejada de Palenque seg\u00fan\u00a0<i>The Wall Street Journal<\/i>, trae bajo el brazo la investigaci\u00f3n dom\u00e9stica a Jorge Am\u00edlcar Ol\u00e1n, el amigo-socio de Andr\u00e9s Manuel chico, investigaci\u00f3n que podr\u00eda generar la mejor noticia de la Cuatrot\u00e9 en ocho a\u00f1os y repuntar septiembre sobre agosto, de dar entrada a un proceso de judicializaci\u00f3n por la posibilidad de delitos cometidos.<\/p>\n<p>\u00bfPor qu\u00e9 esos numerales? Qued\u00f3 claro el martes 1: los discursos en Cuernavaca giraron en torno a una urgencia por ahora acr\u00edtica: violencia e inseguridad. Hubo tres actos pol\u00edticos importantes, ausente la mandataria estatal.<\/p>\n<p>El n\u00famero 3 del organigrama direccion\u00f3 sus discursos y declaraciones en la imperiosa necesidad de paz social. Adem\u00e1s, Morelos es el primer estado de M\u00e9xico donde la violencia pol\u00edtica cuenta ya dos muertes por ese motivo, este a\u00f1o. Las detenciones m\u00e1s importantes, de pol\u00edticos y criminales, las ha hecho el gobierno sheinbaumista.<\/p>\n<p>&nbsp;<\/p>\n<p><b>letras<\/b>chiquitas<\/p>\n<p>Aqu\u00ed se anticip\u00f3:\u00a0<b>Mirsa Su\u00e1rez<\/b>\u00a0dejar\u00eda la direcci\u00f3n estatal de MORENA. Ayer la despidi\u00f3 su comit\u00e9 con un desayuno que casi era tambi\u00e9n comida en el sugerente restor\u00e1n\u00a0<i>T\u00eda Licha<\/i>, propiedad de la diputada federal\u00a0<b>Sandra Anaya<\/b>. Para muchos de dentro y de fuera la salida de Su\u00e1rez \u2014que no debi\u00f3 salir de la direcci\u00f3n general del DIF estatal\u2014 es buena noticia, como que\u00a0<b>Patricia Garnica<\/b>\u00a0\u2014la ex primera cu\u00f1ada de Cuautla\u2014se har\u00e1 cargo de las funciones de la presidencia.<\/p>\n<p>&nbsp;<\/p>\n<p><b>20<\/b>pretendientes<b>27<\/b><\/p>\n<p>Copia de\u00a0<i>La Cumbre de Los Colorines<\/i>, donde el G10 de MORENA se promocion\u00f3 almorzando en el restor\u00e1n con nombre de \u00e1rbol cuyas flores son comestibles \u2014\u00bfya las probaron en tortas con mole?\u2014, el PRI tuvo ayer su cumbre, con una ausencia notable \u2014<b>Jorge Meade Gonz\u00e1lez<\/b>, con 33.8 de preferencia seg\u00fan la encuestadora nacional\u00a0<i>GobernArte<\/i>\u2014, m\u00e1s notable cuantitativamente que las presencias \u2014<b>Luc\u00eda Meza<\/b>,\u00a0<b>Gabriel Haddad<\/b>\u00a0y\u00a0<b>Manuel Mart\u00ednez<\/b>, que buscan ser candidato a alcalde\u2014, en el restor\u00e1n\u00a0<i>Los Vikingos<\/i>\u00a0\u2014nombre dado a los guerreros escandinavos que realizaban incursiones de saqueos\u2014.<\/p>\n","protected":false},"excerpt":{"rendered":"<p>HOMO POL\u00cdTICUS PAVE SOBERANES \u00a0De Los Colorines a Los Vikingos &nbsp; Con 61.6 de aprobaci\u00f3n en Morelos \u2014el m\u00e1s bajo del pa\u00eds, seg\u00fan\u00a0Demoscopia\u2014, la presidente Sheinbaum iniciar\u00e1 en ese estado su recorrido nacional de promoci\u00f3n constitucional de logros y pendientes de su segundo a\u00f1o de gobierno. La recibir\u00e1 Margarita Gonz\u00e1lez con una calificaci\u00f3n ciudadana de 43.7 en el mes que reci\u00e9n concluy\u00f3, la m\u00e1s baja de las 32 entidades de la Rep\u00fablica. En julio, la aprobaci\u00f3n de ambas, seg\u00fan la casa encuestadora de Roy Campos, en ese orden, era de 48.4 y 46.6. Mejor\u00f3 Sheinbaum, no as\u00ed Gonz\u00e1lez. Lo \u00fanico [&hellip;]<\/p>\n","protected":false},"author":3,"featured_media":123567,"comment_status":"open","ping_status":"open","sticky":false,"template":"","format":"standard","meta":{"_jetpack_newsletter_access":"","_jetpack_dont_email_post_to_subs":false,"_jetpack_newsletter_tier_id":0,"_jetpack_memberships_contains_paywalled_content":false,"_jetpack_feature_clip_id":0,"_jetpack_memberships_contains_paid_content":false,"footnotes":"","jetpack_publicize_message":"","jetpack_publicize_feature_enabled":true,"jetpack_social_post_already_shared":true,"jetpack_social_options":{"image_generator_settings":{"template":"highway","default_image_id":0,"font":"","enabled":false},"version":2},"jetpack_post_was_ever_published":false},"categories":[79],"tags":[],"class_list":["post-152197","post","type-post","status-publish","format-standard","has-post-thumbnail","hentry","category-columnistas-nacionales","post--single"],"jetpack_publicize_connections":[],"jetpack_featured_media_url":"https:\/\/ovelanalista.com\/wp-content\/uploads\/2025\/06\/pave_soberanes.jpg","jetpack_sharing_enabled":true,"_links":{"self":[{"href":"https:\/\/ovelanalista.com\/index.php?rest_route=\/wp\/v2\/posts\/152197","targetHints":{"allow":["GET"]}}],"collection":[{"href":"https:\/\/ovelanalista.com\/index.php?rest_route=\/wp\/v2\/posts"}],"about":[{"href":"https:\/\/ovelanalista.com\/index.php?rest_route=\/wp\/v2\/types\/post"}],"author":[{"embeddable":true,"href":"https:\/\/ovelanalista.com\/index.php?rest_route=\/wp\/v2\/users\/3"}],"replies":[{"embeddable":true,"href":"https:\/\/ovelanalista.com\/index.php?rest_route=%2Fwp%2Fv2%2Fcomments&post=152197"}],"version-history":[{"count":1,"href":"https:\/\/ovelanalista.com\/index.php?rest_route=\/wp\/v2\/posts\/152197\/revisions"}],"predecessor-version":[{"id":152199,"href":"https:\/\/ovelanalista.com\/index.php?rest_route=\/wp\/v2\/posts\/152197\/revisions\/152199"}],"wp:featuredmedia":[{"embeddable":true,"href":"https:\/\/ovelanalista.com\/index.php?rest_route=\/wp\/v2\/media\/123567"}],"wp:attachment":[{"href":"https:\/\/ovelanalista.com\/index.php?rest_route=%2Fwp%2Fv2%2Fmedia&parent=152197"}],"wp:term":[{"taxonomy":"category","embeddable":true,"href":"https:\/\/ovelanalista.com\/index.php?rest_route=%2Fwp%2Fv2%2Fcategories&post=152197"},{"taxonomy":"post_tag","embeddable":true,"href":"https:\/\/ovelanalista.com\/index.php?rest_route=%2Fwp%2Fv2%2Ftags&post=152197"}],"curies":[{"name":"wp","href":"https:\/\/api.w.org\/{rel}","templated":true}]}}