{"id":152204,"date":"2026-09-03T10:44:46","date_gmt":"2026-09-03T17:44:46","guid":{"rendered":"https:\/\/ovelanalista.com\/?p=152204"},"modified":"2026-09-03T10:44:46","modified_gmt":"2026-09-03T17:44:46","slug":"jus-semper-loquitur","status":"publish","type":"post","link":"https:\/\/ovelanalista.com\/?p=152204","title":{"rendered":"Jus semper loquitur"},"content":{"rendered":"<p>En libros de derecho muy antiguos aparece escrito con claridad\u00a0<strong>De ommi re scibili et quidbusdam aliis<\/strong>, lo que traducido al lenguaje de los juristas dice: \u201cde las cosas que se pueden saber y de algunas m\u00e1s\u201d. Hoy todos los mexicanos estamos al corriente y entendemos que la soberan\u00eda, adem\u00e1s, de ser una caracter\u00edstica, atribuci\u00f3n o facultad imprescindible e indispensable del Poder del Estado, consiste en que \u00e9ste d\u00e9 \u00f3rdenes definitivas, haci\u00e9ndose obedecer para que con ello se mantenga la norma en el Estado de Derecho.<\/p>\n<p>Si tomamos en cuenta lo expuesto, consecuentemente, la existencia de un poder soberano es primigenio y, factor determinante para caracterizar un gobierno que se dice soberano, como lo defiende la Primera Magistrada de la Naci\u00f3n.<\/p>\n<p>Sin pretender contradecir, debatir o ilustrar a la Presidenta Constitucional de los Estados Unidos Mexicanos, la abogac\u00eda racional y reflexiva de la Rep\u00fablica, desea expresar que la soberan\u00eda es el poder ilimitado de mantener la propia existencia independientemente de cualquier voluntad externa, sea mejor dicho, ser\u00eda el describir un poder supremo que no se encuentre sujeto a extra\u00f1os poderes como el de la narco-pol\u00edtica. O al menos, eso fue lo que se nos ense\u00f1\u00f3 en las aulas de la Facultad de Derecho de la Universidad Nacional Aut\u00f3noma de M\u00e9xico.<\/p>\n<p>En nuestros d\u00edas y en tr\u00e1nsito de los pensamientos del neoliberalismo y de Andr\u00e9s Manuel L\u00f3pez Obrador, el poder de la narco-delincuencia pol\u00edtica ha pretendido, de manera muy insana e ilegal, crear una fuerza pol\u00edtica que afecte la dignidad de M\u00e9xico y que subordine la gobernanza del Estado a los oscuros intereses que ellos representan.<\/p>\n<p>Es p\u00fablico y notorio que independientemente de la lucha de la justicia por parte de la abogac\u00eda independiente y diversos medios de opini\u00f3n, la propia Presidenta Constitucional y el Estado que representa tiene grandes limitaciones para impedir que la narco-pol\u00edtica nacida en el neoliberalismo sea castigada conforme al C\u00f3digo Penal Federal, lo cual sigue constituyendo una seria y grave amenaza para la Soberan\u00eda del Estado Mexicano.<\/p>\n<p>\u00bfO no es as\u00ed Dra. Claudia Sheinbaum Pardo?.<\/p>\n<p>Es cu\u00e1nto.<\/p>\n<p>Lic. Alberto Woolrich Ortiz.<br \/>\nPresidente de la Academia de Derecho Penal<br \/>\ndel Colegio Nacional de Abogados Foro de M\u00e9xico, A. C.<\/p>\n","protected":false},"excerpt":{"rendered":"<p>En libros de derecho muy antiguos aparece escrito con claridad\u00a0De ommi re scibili et quidbusdam aliis, lo que traducido al lenguaje de los juristas dice: \u201cde las cosas que se pueden saber y de algunas m\u00e1s\u201d. Hoy todos los mexicanos estamos al corriente y entendemos que la soberan\u00eda, adem\u00e1s, de ser una caracter\u00edstica, atribuci\u00f3n o facultad imprescindible e indispensable del Poder del Estado, consiste en que \u00e9ste d\u00e9 \u00f3rdenes definitivas, haci\u00e9ndose obedecer para que con ello se mantenga la norma en el Estado de Derecho. Si tomamos en cuenta lo expuesto, consecuentemente, la existencia de un poder soberano es primigenio [&hellip;]<\/p>\n","protected":false},"author":3,"featured_media":112363,"comment_status":"open","ping_status":"open","sticky":false,"template":"","format":"standard","meta":{"_jetpack_newsletter_access":"","_jetpack_dont_email_post_to_subs":false,"_jetpack_newsletter_tier_id":0,"_jetpack_memberships_contains_paywalled_content":false,"_jetpack_feature_clip_id":0,"_jetpack_memberships_contains_paid_content":false,"footnotes":"","jetpack_publicize_message":"","jetpack_publicize_feature_enabled":true,"jetpack_social_post_already_shared":true,"jetpack_social_options":{"image_generator_settings":{"template":"highway","default_image_id":0,"font":"","enabled":false},"version":2},"jetpack_post_was_ever_published":false},"categories":[79],"tags":[],"class_list":["post-152204","post","type-post","status-publish","format-standard","has-post-thumbnail","hentry","category-columnistas-nacionales","post--single"],"jetpack_publicize_connections":[],"jetpack_featured_media_url":"https:\/\/ovelanalista.com\/wp-content\/uploads\/2025\/01\/alberto_woolrich_ortiz.jpg","jetpack_sharing_enabled":true,"_links":{"self":[{"href":"https:\/\/ovelanalista.com\/index.php?rest_route=\/wp\/v2\/posts\/152204","targetHints":{"allow":["GET"]}}],"collection":[{"href":"https:\/\/ovelanalista.com\/index.php?rest_route=\/wp\/v2\/posts"}],"about":[{"href":"https:\/\/ovelanalista.com\/index.php?rest_route=\/wp\/v2\/types\/post"}],"author":[{"embeddable":true,"href":"https:\/\/ovelanalista.com\/index.php?rest_route=\/wp\/v2\/users\/3"}],"replies":[{"embeddable":true,"href":"https:\/\/ovelanalista.com\/index.php?rest_route=%2Fwp%2Fv2%2Fcomments&post=152204"}],"version-history":[{"count":1,"href":"https:\/\/ovelanalista.com\/index.php?rest_route=\/wp\/v2\/posts\/152204\/revisions"}],"predecessor-version":[{"id":152207,"href":"https:\/\/ovelanalista.com\/index.php?rest_route=\/wp\/v2\/posts\/152204\/revisions\/152207"}],"wp:featuredmedia":[{"embeddable":true,"href":"https:\/\/ovelanalista.com\/index.php?rest_route=\/wp\/v2\/media\/112363"}],"wp:attachment":[{"href":"https:\/\/ovelanalista.com\/index.php?rest_route=%2Fwp%2Fv2%2Fmedia&parent=152204"}],"wp:term":[{"taxonomy":"category","embeddable":true,"href":"https:\/\/ovelanalista.com\/index.php?rest_route=%2Fwp%2Fv2%2Fcategories&post=152204"},{"taxonomy":"post_tag","embeddable":true,"href":"https:\/\/ovelanalista.com\/index.php?rest_route=%2Fwp%2Fv2%2Ftags&post=152204"}],"curies":[{"name":"wp","href":"https:\/\/api.w.org\/{rel}","templated":true}]}}