{"id":152210,"date":"2026-09-03T10:49:35","date_gmt":"2026-09-03T17:49:35","guid":{"rendered":"https:\/\/ovelanalista.com\/?p=152210"},"modified":"2026-09-03T10:49:35","modified_gmt":"2026-09-03T17:49:35","slug":"la-costumbre-del-poder-el-desastre-climatico-en-europa","status":"publish","type":"post","link":"https:\/\/ovelanalista.com\/?p=152210","title":{"rendered":"La Costumbre del Poder: El desastre clim\u00e1tico en Europa"},"content":{"rendered":"<p><strong>* \u00bfExiste la voluntad de convivir en paz? La codicia de Vladimir Putin y sus asesores militares, o la de Benjam\u00edn Netanyahu, o la obsesi\u00f3n supuestamente religiosa de Hamas y el ensue\u00f1o de la v\u00edrgenes que Al\u00e1 destinar\u00e1 a los justos. Pero la realidad es otra, todos van a la sed y la muerte por el cambio clim\u00e1tico; tengo la impresi\u00f3n de que hasta que estemos fallecientes abriremos los ojos, para dimensionar el desastre que propician los gobernantes<\/strong><\/p>\n<p><strong>Gregorio Ortega Molina<\/strong><\/p>\n<p>&nbsp;<\/p>\n<p>Los efectos del cambio clim\u00e1tico que afecta buena parte de Europa y mata flora y fauna, entre los animales tambi\u00e9n fallecen humanos, sobre todo los ancianos que no resisten la ola de calor, o por pobreza y enfermedad.<\/p>\n<p>Leo las notas informativas de los incendios, los r\u00edos convertidos en riachuelos, los temblores donde nunca supuse que eso suceder\u00eda, como en Granada, y las olas migratorias que se desbordan desde Marruecos. Ahora es cuando la imagen de Greta Thunberg se redimensiona.<\/p>\n<p>El desastre tiene un origen, y no hemos querido verlo o, a lo peor, el equivocado soy yo y el anuncio es otro. Creo que todo inici\u00f3 hace 40 a\u00f1os. Evoco la nota informativa: \u201cEl accidente nuclear de Chern\u00f3bil ocurri\u00f3 el 26 de abril de 1986 en la central nuclear ubicada en Pr\u00edpiat, Ucrania (entonces parte de la Uni\u00f3n Sovi\u00e9tica). Durante una prueba de seguridad en el reactor 4, una combinaci\u00f3n de fallos de dise\u00f1o y errores humanos provoc\u00f3 una explosi\u00f3n y un incendio masivo que liberaron grandes cantidades de radiaci\u00f3n a la atm\u00f3sfera\u201d.<\/p>\n<p>Despu\u00e9s, las guerras de supuesta baja intensidad, pero que destruyen el ambiente y diezman vidas humanas, de flora y fauna diversa y, lo peor, transforman el comportamiento de hombres y mujeres. La advertencia de que puedes morir por equivocaci\u00f3n o deseo del enemigo, modifica conductas y transforma la percepci\u00f3n que tenemos del mundo.<\/p>\n<p>\u00bfExiste la voluntad de convivir en paz? La codicia de Vladimir Putin y sus asesores militares, o la de Benjam\u00edn Netanyahu, o la obsesi\u00f3n supuestamente religiosa de Hamas y el ensue\u00f1o de la v\u00edrgenes que Al\u00e1 destinar\u00e1 a los justos. Pero la realidad es otra, todos van a la sed y la muerte por el cambio clim\u00e1tico.<\/p>\n<p><strong><em>El Pa\u00eds\u00a0<\/em><\/strong>consigna que los r\u00edos Rin, Danubio, Loira y Po pierden parte de su caudal, lo que propicia afectaciones en: \u201c<strong>Transporte fluvial<\/strong>: Las embarcaciones reducen su peso de carga para poder flotar en aguas poco profundas.\u00a0<strong>Energ\u00eda e industria<\/strong>: Varias plantas industriales y centrales reducen su producci\u00f3n ante la falta de agua para refrigeraci\u00f3n o transporte.\u00a0<strong>Agricultura<\/strong>: Los cultivos sufren por la falta de agua en las cuencas del centro y este del continente\u201d.<\/p>\n<p>Tengo la impresi\u00f3n de que hasta que estemos fallecientes de sed abriremos los ojos, para dimensionar el desastre que propician los gobernantes.<\/p>\n<p>@OrtegaGregorio<\/p>\n","protected":false},"excerpt":{"rendered":"<p>* \u00bfExiste la voluntad de convivir en paz? La codicia de Vladimir Putin y sus asesores militares, o la de Benjam\u00edn Netanyahu, o la obsesi\u00f3n supuestamente religiosa de Hamas y el ensue\u00f1o de la v\u00edrgenes que Al\u00e1 destinar\u00e1 a los justos. Pero la realidad es otra, todos van a la sed y la muerte por el cambio clim\u00e1tico; tengo la impresi\u00f3n de que hasta que estemos fallecientes abriremos los ojos, para dimensionar el desastre que propician los gobernantes Gregorio Ortega Molina &nbsp; Los efectos del cambio clim\u00e1tico que afecta buena parte de Europa y mata flora y fauna, entre los [&hellip;]<\/p>\n","protected":false},"author":3,"featured_media":91773,"comment_status":"open","ping_status":"open","sticky":false,"template":"","format":"standard","meta":{"_jetpack_newsletter_access":"","_jetpack_dont_email_post_to_subs":false,"_jetpack_newsletter_tier_id":0,"_jetpack_memberships_contains_paywalled_content":false,"_jetpack_feature_clip_id":0,"_jetpack_memberships_contains_paid_content":false,"footnotes":"","jetpack_publicize_message":"","jetpack_publicize_feature_enabled":true,"jetpack_social_post_already_shared":true,"jetpack_social_options":{"image_generator_settings":{"template":"highway","default_image_id":0,"font":"","enabled":false},"version":2},"jetpack_post_was_ever_published":false},"categories":[79],"tags":[],"class_list":["post-152210","post","type-post","status-publish","format-standard","has-post-thumbnail","hentry","category-columnistas-nacionales","post--single"],"jetpack_publicize_connections":[],"jetpack_featured_media_url":"https:\/\/ovelanalista.com\/wp-content\/uploads\/2024\/03\/Gregorio-Ortega-Molina.jpeg","jetpack_sharing_enabled":true,"_links":{"self":[{"href":"https:\/\/ovelanalista.com\/index.php?rest_route=\/wp\/v2\/posts\/152210","targetHints":{"allow":["GET"]}}],"collection":[{"href":"https:\/\/ovelanalista.com\/index.php?rest_route=\/wp\/v2\/posts"}],"about":[{"href":"https:\/\/ovelanalista.com\/index.php?rest_route=\/wp\/v2\/types\/post"}],"author":[{"embeddable":true,"href":"https:\/\/ovelanalista.com\/index.php?rest_route=\/wp\/v2\/users\/3"}],"replies":[{"embeddable":true,"href":"https:\/\/ovelanalista.com\/index.php?rest_route=%2Fwp%2Fv2%2Fcomments&post=152210"}],"version-history":[{"count":1,"href":"https:\/\/ovelanalista.com\/index.php?rest_route=\/wp\/v2\/posts\/152210\/revisions"}],"predecessor-version":[{"id":152215,"href":"https:\/\/ovelanalista.com\/index.php?rest_route=\/wp\/v2\/posts\/152210\/revisions\/152215"}],"wp:featuredmedia":[{"embeddable":true,"href":"https:\/\/ovelanalista.com\/index.php?rest_route=\/wp\/v2\/media\/91773"}],"wp:attachment":[{"href":"https:\/\/ovelanalista.com\/index.php?rest_route=%2Fwp%2Fv2%2Fmedia&parent=152210"}],"wp:term":[{"taxonomy":"category","embeddable":true,"href":"https:\/\/ovelanalista.com\/index.php?rest_route=%2Fwp%2Fv2%2Fcategories&post=152210"},{"taxonomy":"post_tag","embeddable":true,"href":"https:\/\/ovelanalista.com\/index.php?rest_route=%2Fwp%2Fv2%2Ftags&post=152210"}],"curies":[{"name":"wp","href":"https:\/\/api.w.org\/{rel}","templated":true}]}}