{"id":152217,"date":"2026-09-03T11:03:56","date_gmt":"2026-09-03T18:03:56","guid":{"rendered":"https:\/\/ovelanalista.com\/?p=152217"},"modified":"2026-09-03T11:03:56","modified_gmt":"2026-09-03T18:03:56","slug":"congreso-de-sinaloa-designa-a-ignacio-campa-en-la-unidad-de-evaluacion-del-desempeno","status":"publish","type":"post","link":"https:\/\/ovelanalista.com\/?p=152217","title":{"rendered":"Congreso de Sinaloa designa a Ignacio Campa en la Unidad de Evaluaci\u00f3n del Desempe\u00f1o"},"content":{"rendered":"<h5 class=\"eo-tv-vid__abstract\">Campa Verduzco form\u00f3 parte de la terna final, junto con Esteban Jes\u00fas Carlos Palafox y Jes\u00fas Manuel Mart\u00ednez P\u00e9rez<\/h5>\n<p class=\"Typography_text-l__QLRR8 Typography_weight-bold__uT6mq\"><strong>Josemiguel Souza<\/strong><\/p>\n<p class=\"Typography_text-default__P3otY Typography_weight-normal__pqUbH Typography_text-default__P3otY Typography_weight-normal__pqUbH\">Culiac\u00e1n, Sin.- Por unanimidad, el Pleno del\u00a0<b class=\"bold\">Congreso del Estado de Sinaloa<\/b>\u00a0design\u00f3 a\u00a0<b class=\"bold\">Ignacio Guadalupe Campa Verduzco<\/b>\u00a0como titular de la\u00a0<b class=\"bold\">Unidad de Evaluaci\u00f3n del Desempe\u00f1o<\/b>, durante la Sesi\u00f3n Extraordinaria celebrada este\u00a0<b class=\"bold\">mi\u00e9rcoles<\/b>\u00a0por la\u00a0<b class=\"bold\">65 Legislatura<\/b>.<\/p>\n<p class=\"Typography_text-default__P3otY Typography_weight-normal__pqUbH Typography_text-default__P3otY Typography_weight-normal__pqUbH\">La designaci\u00f3n se realiz\u00f3 a propuesta de la\u00a0<b class=\"bold\">Comisi\u00f3n de Fiscalizaci\u00f3n<\/b>, luego de concluir el proceso de selecci\u00f3n establecido mediante convocatoria p\u00fablica.<\/p>\n<div class=\"ad-wrapper mexico-nota-1x3 relative min-h-[var(--ad-slot-mh-mobile)] w-full max-w-full overflow-hidden md:min-h-[var(--ad-slot-mh-web)]\">\n<div id=\"\/2000002\/elsoldesinaloa\/mexico_nota_1x3\" class=\"ad mexico-nota-1x3 relative block !w-full !max-w-full overflow-hidden min-h-[1px]\" data-google-query-id=\"CPHTgoL_0pYDFeuspgQddTUNaA\">\n<div id=\"google_ads_iframe_\/2000002\/elsoldesinaloa\/mexico_nota_1x3_0__container__\"><\/div>\n<\/div>\n<\/div>\n<p class=\"Typography_text-default__P3otY Typography_weight-normal__pqUbH Typography_text-default__P3otY Typography_weight-normal__pqUbH\"><b class=\"bold\">Campa Verduzco<\/b>\u00a0form\u00f3 parte de la terna final, junto con\u00a0<b class=\"bold\">Esteban Jes\u00fas Carlos Palafox<\/b>\u00a0y\u00a0<b class=\"bold\">Jes\u00fas Manuel Mart\u00ednez P\u00e9rez<\/b>, quienes tambi\u00e9n cumplieron con los requisitos de elegibilidad para continuar en el procedimiento.<\/p>\n<p class=\"Typography_text-default__P3otY Typography_weight-normal__pqUbH Typography_text-default__P3otY Typography_weight-normal__pqUbH\">Para determinar al perfil propuesto, la\u00a0<b class=\"bold\">Comisi\u00f3n de Fiscalizaci\u00f3n<\/b>\u00a0tom\u00f3 en cuenta los expedientes de los aspirantes, su trayectoria profesional, los proyectos de trabajo presentados, as\u00ed como las comparecencias y respuestas ofrecidas durante el proceso.<\/p>\n<p class=\"Typography_text-default__P3otY Typography_weight-normal__pqUbH Typography_text-default__P3otY Typography_weight-normal__pqUbH\">Luego de la votaci\u00f3n,\u00a0<b class=\"bold\">Campa Verduzco<\/b>\u00a0rindi\u00f3 protesta de ley ante el\u00a0<b class=\"bold\">Congreso del Estado<\/b>\u00a0y asumi\u00f3 formalmente la titularidad de la\u00a0<b class=\"bold\">Unidad de Evaluaci\u00f3n del Desempe\u00f1o<\/b>, desde donde tendr\u00e1 a su cargo las funciones correspondientes a este \u00f3rgano especializado en materia de evaluaci\u00f3n.<\/p>\n<p class=\"Typography_text-default__P3otY Typography_weight-normal__pqUbH Typography_text-default__P3otY Typography_weight-normal__pqUbH\">El nuevo titular permanecer\u00e1 en el puesto durante\u00a0<b class=\"bold\">4 a\u00f1os<\/b>, con la posibilidad de ser designado nuevamente por un periodo similar. Para ello, deber\u00e1 existir una nueva propuesta de la\u00a0<b class=\"bold\">Comisi\u00f3n de Fiscalizaci\u00f3n<\/b>\u00a0y la aprobaci\u00f3n correspondiente por parte del Pleno del\u00a0<b class=\"bold\">Congreso del Estado<\/b>.<\/p>\n<p>&nbsp;<\/p>\n<p>&nbsp;<\/p>\n<p>Con informaci\u00f3n de El Sol de Sinaloa<\/p>\n","protected":false},"excerpt":{"rendered":"<p>Campa Verduzco form\u00f3 parte de la terna final, junto con Esteban Jes\u00fas Carlos Palafox y Jes\u00fas Manuel Mart\u00ednez P\u00e9rez Josemiguel Souza Culiac\u00e1n, Sin.- Por unanimidad, el Pleno del\u00a0Congreso del Estado de Sinaloa\u00a0design\u00f3 a\u00a0Ignacio Guadalupe Campa Verduzco\u00a0como titular de la\u00a0Unidad de Evaluaci\u00f3n del Desempe\u00f1o, durante la Sesi\u00f3n Extraordinaria celebrada este\u00a0mi\u00e9rcoles\u00a0por la\u00a065 Legislatura. La designaci\u00f3n se realiz\u00f3 a propuesta de la\u00a0Comisi\u00f3n de Fiscalizaci\u00f3n, luego de concluir el proceso de selecci\u00f3n establecido mediante convocatoria p\u00fablica. Campa Verduzco\u00a0form\u00f3 parte de la terna final, junto con\u00a0Esteban Jes\u00fas Carlos Palafox\u00a0y\u00a0Jes\u00fas Manuel Mart\u00ednez P\u00e9rez, quienes tambi\u00e9n cumplieron con los requisitos de elegibilidad para continuar en el procedimiento. [&hellip;]<\/p>\n","protected":false},"author":3,"featured_media":152219,"comment_status":"open","ping_status":"open","sticky":false,"template":"","format":"standard","meta":{"_jetpack_newsletter_access":"","_jetpack_dont_email_post_to_subs":false,"_jetpack_newsletter_tier_id":0,"_jetpack_memberships_contains_paywalled_content":false,"_jetpack_feature_clip_id":0,"_jetpack_memberships_contains_paid_content":false,"footnotes":"","jetpack_publicize_message":"","jetpack_publicize_feature_enabled":true,"jetpack_social_post_already_shared":true,"jetpack_social_options":{"image_generator_settings":{"template":"highway","default_image_id":0,"font":"","enabled":false},"version":2},"jetpack_post_was_ever_published":false},"categories":[90],"tags":[],"class_list":["post-152217","post","type-post","status-publish","format-standard","has-post-thumbnail","hentry","category-estatal","post--single"],"jetpack_publicize_connections":[],"jetpack_featured_media_url":"https:\/\/ovelanalista.com\/wp-content\/uploads\/2026\/09\/Captura-de-Pantalla-2026-09-03-a-las-11.02.08.png","jetpack_sharing_enabled":true,"_links":{"self":[{"href":"https:\/\/ovelanalista.com\/index.php?rest_route=\/wp\/v2\/posts\/152217","targetHints":{"allow":["GET"]}}],"collection":[{"href":"https:\/\/ovelanalista.com\/index.php?rest_route=\/wp\/v2\/posts"}],"about":[{"href":"https:\/\/ovelanalista.com\/index.php?rest_route=\/wp\/v2\/types\/post"}],"author":[{"embeddable":true,"href":"https:\/\/ovelanalista.com\/index.php?rest_route=\/wp\/v2\/users\/3"}],"replies":[{"embeddable":true,"href":"https:\/\/ovelanalista.com\/index.php?rest_route=%2Fwp%2Fv2%2Fcomments&post=152217"}],"version-history":[{"count":1,"href":"https:\/\/ovelanalista.com\/index.php?rest_route=\/wp\/v2\/posts\/152217\/revisions"}],"predecessor-version":[{"id":152220,"href":"https:\/\/ovelanalista.com\/index.php?rest_route=\/wp\/v2\/posts\/152217\/revisions\/152220"}],"wp:featuredmedia":[{"embeddable":true,"href":"https:\/\/ovelanalista.com\/index.php?rest_route=\/wp\/v2\/media\/152219"}],"wp:attachment":[{"href":"https:\/\/ovelanalista.com\/index.php?rest_route=%2Fwp%2Fv2%2Fmedia&parent=152217"}],"wp:term":[{"taxonomy":"category","embeddable":true,"href":"https:\/\/ovelanalista.com\/index.php?rest_route=%2Fwp%2Fv2%2Fcategories&post=152217"},{"taxonomy":"post_tag","embeddable":true,"href":"https:\/\/ovelanalista.com\/index.php?rest_route=%2Fwp%2Fv2%2Ftags&post=152217"}],"curies":[{"name":"wp","href":"https:\/\/api.w.org\/{rel}","templated":true}]}}