{"id":152222,"date":"2026-09-03T12:00:33","date_gmt":"2026-09-03T19:00:33","guid":{"rendered":"https:\/\/ovelanalista.com\/?p=152222"},"modified":"2026-09-03T11:08:36","modified_gmt":"2026-09-03T18:08:36","slug":"la-factoria-y-el-chapo-de-sinaloa-encabezan-la-cartelera-del-festival-de-la-butifarra-2026","status":"publish","type":"post","link":"https:\/\/ovelanalista.com\/?p=152222","title":{"rendered":"La Factor\u00eda y El Chapo de Sinaloa encabezan la cartelera del Festival de la Butifarra 2026"},"content":{"rendered":"<p>La agrupaci\u00f3n se presentar\u00e1 el 16 de octubre durante la edici\u00f3n n\u00famero 11 del encuentro gastron\u00f3mico en Jalpa de M\u00e9ndez. El Chapo de Sinaloa tambi\u00e9n forma parte de la cartelera y se presentar\u00e1 el 17 de octubre<\/p>\n<p class=\"Typography_text-l__QLRR8 Typography_weight-bold__uT6mq\">Marco L\u00f3pez y Deysicristel Osorio \/ El Heraldo de Tabasco<\/p>\n<p class=\"Typography_text-default__P3otY Typography_weight-normal__pqUbH Typography_text-default__P3otY Typography_weight-normal__pqUbH\"><b class=\"bold\">La Factor\u00eda<\/b>\u00a0ser\u00e1 uno de los actos musicales que formar\u00e1n parte del\u00a0<b class=\"bold\">Festival de la Butifarra 2026<\/b>, cuya edici\u00f3n n\u00famero 11 se realizar\u00e1 del 16 al 18 de octubre en el parque recreativo \u201cEl Campestre\u201d, en Jalpa de M\u00e9ndez.<\/p>\n<p class=\"Typography_text-default__P3otY Typography_weight-normal__pqUbH Typography_text-default__P3otY Typography_weight-normal__pqUbH\">La agrupaci\u00f3n se presentar\u00e1 el\u00a0<b class=\"bold\">16 de octubre<\/b>, de acuerdo con la cartelera anunciada durante la rueda de prensa del festival. Un d\u00eda despu\u00e9s, el 17 de octubre, est\u00e1 programada la participaci\u00f3n de\u00a0<b class=\"bold\">El Chapo de Sinaloa<\/b>.<\/p>\n<p class=\"Typography_text-default__P3otY Typography_weight-normal__pqUbH Typography_text-default__P3otY Typography_weight-normal__pqUbH\">El anuncio de los artistas forma parte de la programaci\u00f3n con la que Jalpa de M\u00e9ndez se prepara para recibir visitantes durante uno de los principales encuentros gastron\u00f3micos del municipio.<\/p>\n<h3 class=\"Typography_text-xl__yFuoP Typography_weight-normal__pqUbH SubHead_sub-head__PVEMA\">La Factor\u00eda abrir\u00e1 la cartelera musical<\/h3>\n<p class=\"Typography_text-default__P3otY Typography_weight-normal__pqUbH Typography_text-default__P3otY Typography_weight-normal__pqUbH\">La participaci\u00f3n de\u00a0<b class=\"bold\">La Factor\u00eda<\/b>\u00a0est\u00e1 contemplada para el viernes 16 de octubre, con lo que la agrupaci\u00f3n ser\u00e1 uno de los primeros actos anunciados para la programaci\u00f3n art\u00edstica del festival. La cartelera continuar\u00e1 el s\u00e1bado 17 de octubre con\u00a0<b class=\"bold\">El Chapo de Sinaloa<\/b>, mientras que el festival se extender\u00e1 hasta el domingo 18 de octubre.<\/p>\n<p class=\"Typography_text-default__P3otY Typography_weight-normal__pqUbH Typography_text-default__P3otY Typography_weight-normal__pqUbH\">La organizaci\u00f3n ha se\u00f1alado que la celebraci\u00f3n contar\u00e1 con una programaci\u00f3n art\u00edstica que contempla la participaci\u00f3n de artistas nacionales e internacionales, adem\u00e1s de las actividades relacionadas con la gastronom\u00eda y la tradicional butifarra de Jalpa de M\u00e9ndez.<\/p>\n<h3 class=\"Typography_text-xl__yFuoP Typography_weight-normal__pqUbH SubHead_sub-head__PVEMA\">Esperan 220 mil visitantes<\/h3>\n<p class=\"Typography_text-default__P3otY Typography_weight-normal__pqUbH Typography_text-default__P3otY Typography_weight-normal__pqUbH\">Para esta edici\u00f3n,\u00a0<b class=\"bold\">Jalpa de M\u00e9ndez<\/b>\u00a0prev\u00e9 una afluencia aproximada de\u00a0<b class=\"bold\">220 mil visitantes<\/b>\u00a0durante los tres d\u00edas de actividades. La expectativa tambi\u00e9n contempla una derrama econ\u00f3mica cercana a los\u00a0<b class=\"bold\">220 millones de pesos<\/b>, de acuerdo con las estimaciones difundidas previo a la celebraci\u00f3n.<\/p>\n<p class=\"Typography_text-default__P3otY Typography_weight-normal__pqUbH Typography_text-default__P3otY Typography_weight-normal__pqUbH\">El festival representa as\u00ed una de las actividades previstas para impulsar el movimiento comercial y tur\u00edstico del municipio durante octubre, con visitantes que acudir\u00e1n tanto por la oferta gastron\u00f3mica como por la programaci\u00f3n art\u00edstica.<\/p>\n<p class=\"Typography_text-default__P3otY Typography_weight-normal__pqUbH Typography_text-default__P3otY Typography_weight-normal__pqUbH\">La\u00a0<b class=\"bold\">11.\u00aa edici\u00f3n del Festival de la Butifarra<\/b>\u00a0tendr\u00e1 como sede el parque recreativo \u201cEl Campestre\u201d de Jalpa de M\u00e9ndez. Las actividades comenzar\u00e1n el 16 de octubre y concluir\u00e1n el 18, por lo que la cartelera musical anunciada hasta ahora se concentrar\u00e1 en los dos primeros d\u00edas del encuentro.<\/p>\n<p class=\"Typography_text-default__P3otY Typography_weight-normal__pqUbH Typography_text-default__P3otY Typography_weight-normal__pqUbH\">Con la confirmaci\u00f3n de La Factor\u00eda y El Chapo de Sinaloa, la programaci\u00f3n art\u00edstica se suma a la oferta gastron\u00f3mica que caracteriza al festival y que cada a\u00f1o re\u00fane a productores y visitantes en torno a uno de los alimentos representativos de la regi\u00f3n.<\/p>\n<p>&nbsp;<\/p>\n<p>Con informaci\u00f3n de El Heraldo de Tabasco<\/p>\n","protected":false},"excerpt":{"rendered":"<p>La agrupaci\u00f3n se presentar\u00e1 el 16 de octubre durante la edici\u00f3n n\u00famero 11 del encuentro gastron\u00f3mico en Jalpa de M\u00e9ndez. El Chapo de Sinaloa tambi\u00e9n forma parte de la cartelera y se presentar\u00e1 el 17 de octubre Marco L\u00f3pez y Deysicristel Osorio \/ El Heraldo de Tabasco La Factor\u00eda\u00a0ser\u00e1 uno de los actos musicales que formar\u00e1n parte del\u00a0Festival de la Butifarra 2026, cuya edici\u00f3n n\u00famero 11 se realizar\u00e1 del 16 al 18 de octubre en el parque recreativo \u201cEl Campestre\u201d, en Jalpa de M\u00e9ndez. La agrupaci\u00f3n se presentar\u00e1 el\u00a016 de octubre, de acuerdo con la cartelera anunciada durante la rueda [&hellip;]<\/p>\n","protected":false},"author":3,"featured_media":152224,"comment_status":"open","ping_status":"open","sticky":false,"template":"","format":"standard","meta":{"_jetpack_newsletter_access":"","_jetpack_dont_email_post_to_subs":false,"_jetpack_newsletter_tier_id":0,"_jetpack_memberships_contains_paywalled_content":false,"_jetpack_feature_clip_id":0,"_jetpack_memberships_contains_paid_content":false,"footnotes":"","jetpack_publicize_message":"","jetpack_publicize_feature_enabled":true,"jetpack_social_post_already_shared":true,"jetpack_social_options":{"image_generator_settings":{"template":"highway","default_image_id":0,"font":"","enabled":false},"version":2},"jetpack_post_was_ever_published":false},"categories":[75],"tags":[],"class_list":["post-152222","post","type-post","status-publish","format-standard","has-post-thumbnail","hentry","category-nacional","post--single"],"jetpack_publicize_connections":[],"jetpack_featured_media_url":"https:\/\/ovelanalista.com\/wp-content\/uploads\/2026\/09\/Captura-de-Pantalla-2026-09-03-a-las-11.07.10.png","jetpack_sharing_enabled":true,"_links":{"self":[{"href":"https:\/\/ovelanalista.com\/index.php?rest_route=\/wp\/v2\/posts\/152222","targetHints":{"allow":["GET"]}}],"collection":[{"href":"https:\/\/ovelanalista.com\/index.php?rest_route=\/wp\/v2\/posts"}],"about":[{"href":"https:\/\/ovelanalista.com\/index.php?rest_route=\/wp\/v2\/types\/post"}],"author":[{"embeddable":true,"href":"https:\/\/ovelanalista.com\/index.php?rest_route=\/wp\/v2\/users\/3"}],"replies":[{"embeddable":true,"href":"https:\/\/ovelanalista.com\/index.php?rest_route=%2Fwp%2Fv2%2Fcomments&post=152222"}],"version-history":[{"count":1,"href":"https:\/\/ovelanalista.com\/index.php?rest_route=\/wp\/v2\/posts\/152222\/revisions"}],"predecessor-version":[{"id":152227,"href":"https:\/\/ovelanalista.com\/index.php?rest_route=\/wp\/v2\/posts\/152222\/revisions\/152227"}],"wp:featuredmedia":[{"embeddable":true,"href":"https:\/\/ovelanalista.com\/index.php?rest_route=\/wp\/v2\/media\/152224"}],"wp:attachment":[{"href":"https:\/\/ovelanalista.com\/index.php?rest_route=%2Fwp%2Fv2%2Fmedia&parent=152222"}],"wp:term":[{"taxonomy":"category","embeddable":true,"href":"https:\/\/ovelanalista.com\/index.php?rest_route=%2Fwp%2Fv2%2Fcategories&post=152222"},{"taxonomy":"post_tag","embeddable":true,"href":"https:\/\/ovelanalista.com\/index.php?rest_route=%2Fwp%2Fv2%2Ftags&post=152222"}],"curies":[{"name":"wp","href":"https:\/\/api.w.org\/{rel}","templated":true}]}}