{"id":152225,"date":"2026-09-03T13:00:42","date_gmt":"2026-09-03T20:00:42","guid":{"rendered":"https:\/\/ovelanalista.com\/?p=152225"},"modified":"2026-09-03T11:11:54","modified_gmt":"2026-09-03T18:11:54","slug":"regresa-la-licencia-permanente-a-sinaloa-cuanto-cuesta-y-requisitos","status":"publish","type":"post","link":"https:\/\/ovelanalista.com\/?p=152225","title":{"rendered":"Regresa la licencia permanente a Sinaloa: \u00bfCu\u00e1nto cuesta y requisitos?"},"content":{"rendered":"<p>El Servicio de Administraci\u00f3n Tributaria del Estado de Sinaloa (SATES) inform\u00f3 que el tr\u00e1mite de la licencia permanente estar\u00e1 vigente todo septiembre, junto a los programas Ponte al corriente y Baja definitiva<\/p>\n<p>La\u00a0<strong>licencia permanente\u00a0<\/strong>est\u00e1 de regreso para los conductores de la entidad; as\u00ed lo inform\u00f3 el Servicio de Administraci\u00f3n Tributaria del Estado de\u00a0<strong>Sinaloa\u00a0<\/strong>(SATES). El tr\u00e1mite se puede realizar desde este 1 de septiembre y durante todo el mes.<\/p>\n<p>Cabe destacar que la\u00a0licencia permanente\u00a0en Sinaloa se encuentra disponible en las modalidades de\u00a0<strong>automovilista particular y motociclista particular<\/strong>. La cual podr\u00e1n tramitar las personas mayores de 18 a\u00f1os.<\/p>\n<figure class=\"image-container\"><img decoding=\"async\" class=\"lazyload image\" src=\"https:\/\/blob.tusbuenasnoticias.com\/images\/2026\/09\/02\/licencia-permanente-en-sinaloa-7feca32d-focus-0-0-1152-1440.webp\" alt=\"Licencia Permanente en Sinaloa. Foto: Cortes\u00eda \" \/><figcaption class=\"meta_categories\">Licencia Permanente en Sinaloa. Foto: Cortes\u00eda<\/figcaption><\/figure>\n<div class=\"qp-ia-scope\"><\/div>\n<h2><strong>\u00bfCosto de la licencia permanente en Sinaloa?<\/strong><\/h2>\n<p>El<strong>\u00a0costo de este tr\u00e1mite es de $2,323 pesos<\/strong>, el cual se puede realizar en la Unidad de Recaudaci\u00f3n de cada municipio del Estado, siempre y cuando cumplan con los requisitos y entreguen la documentaci\u00f3n correspondiente. Tambi\u00e9n se puede hacer el proceso en l\u00ednea.<\/p>\n<p><strong>Requisitos para solicitar la licencia permanente en l\u00ednea:<\/strong><\/p>\n<ol>\n<li>N\u00famero de licencia previa expedida exclusivamente por el Estado de Sinaloa en la modalidad correspondiente.<\/li>\n<li>N\u00famero de CURP.<\/li>\n<li>Contacto de emergencia<\/li>\n<\/ol>\n<div class=\"qp-ia-scope\"><\/div>\n<h2><strong>Lo que debes saber sobre la licencia permanente en Sinaloa<\/strong><\/h2>\n<ul>\n<li>Si tu licencia fue expedida antes de 2014 o es de otra entidad federativa, el tr\u00e1mite deber\u00e1 realizarse de manera presencial.<\/li>\n<li><strong>Historial libre de infracciones<\/strong>:\u00a0Sin multas pendientes ni antecedentes de conducci\u00f3n bajo efectos del alcohol o sustancias qu\u00edmicas.<\/li>\n<li><strong>Si tienes 65 a\u00f1os o m\u00e1s<\/strong>, deber\u00e1s incluir tu certificado m\u00e9dico vigente de aptitud (m\u00e1ximo 6 meses de antig\u00fcedad) firmado por el m\u00e9dico certificado. El certificado debe acreditar: agudeza visual (con o sin correcci\u00f3n), audici\u00f3n funcional y coordinaci\u00f3n y movilidad compatibles con la conducci\u00f3n.<\/li>\n<li>Si deseas realizar modificaciones en tu licencia, ya sea en informaci\u00f3n y\/o fotograf\u00eda, tu tr\u00e1mite deber\u00e1 realizarse de manera presencial en la Unidad Administrativa de tu municipio.<\/li>\n<li>La licencia de conducir permanente est\u00e1 disponible \u00fanicamente para personas con nacionalidad mexicana. Para personas extranjeras, este tr\u00e1mite no se encuentra disponible.<\/li>\n<\/ul>\n<h2>Ponte al corriente y Baja definitiva<\/h2>\n<p><strong>&#8220;Ponte al corriente&#8221;<\/strong>\u00a0y\u00a0<strong>&#8220;Baja definitiva&#8221;<\/strong>\u00a0son de los programas vigentes en Sinaloa, con el objetivo de brindar mayor facilidad a las familias para regularizar su situaci\u00f3n vehicular, revel\u00f3 el SATES.<\/p>\n<figure class=\"image-container\"><img decoding=\"async\" class=\"lazyload image\" src=\"https:\/\/blob.tusbuenasnoticias.com\/images\/2026\/09\/02\/programa-ponte-al-corriente-de-vehiculos-147ea7b6-focus-0-0-1080-1350.webp\" alt=\"Programa Ponte al Corriente de Veh\u00edculos. Foto: Cortes\u00eda  \" \/><figcaption class=\"meta_categories\">Programa Ponte al Corriente de Veh\u00edculos. Foto: Cortes\u00eda<\/figcaption><\/figure>\n<p>El programa\u00a0<strong>&#8220;Ponte al Corriente&#8221;<\/strong>\u00a0ofrece a las y los propietarios de veh\u00edculos 2022 y anteriores la oportunidad de regularizar sus adeudos y poner al d\u00eda su situaci\u00f3n vehicular con un pago \u00fanico de\u00a0<strong>$6,000 pesos\u00a0<\/strong>aprovechando oportunidades establecidas por el Gobierno del Estado.<\/p>\n<p>Por\u00a0su parte, el\u00a0<strong>programa<\/strong>\u00a0<strong>&#8220;Baja Definitiva&#8221;<\/strong>\u00a0est\u00e1 dirigido\u00a0a los propietarios de veh\u00edculos que ya no se encuentran en circulaci\u00f3n y que desean realizar su baja formal. La cantidad de este programa es de\u00a0<strong>$3,237 pesos.<\/strong><\/p>\n<p>&nbsp;<\/p>\n<figure class=\"image-container\"><img decoding=\"async\" class=\"lazyload image\" src=\"https:\/\/blob.tusbuenasnoticias.com\/images\/2026\/09\/02\/programa-baja-definitiva-de-vehiculos-27de76f8-focus-0-0-1080-1350.webp\" alt=\"Programa Baja Definitiva de Veh\u00edculos. Foto: Cortes\u00eda  \" \/><figcaption class=\"meta_categories\">Programa Baja Definitiva de Veh\u00edculos. Foto: Cortes\u00eda<\/figcaption><\/figure>\n<p>El SATES invita<strong>\u00a0<\/strong>a todos los ciudadanos a\u00a0<strong>aprovechar estos beneficios durante todo septiembre<\/strong>, acudiendo a las oficinas de recaudaci\u00f3n, m\u00f3dulos del estado para realizar los tr\u00e1mites correspondientes.<\/p>\n<p>&nbsp;<\/p>\n<p>&nbsp;<\/p>\n<p>&nbsp;<\/p>\n<p>Con informaci\u00f3n de Tus Buenas Noticias<\/p>\n","protected":false},"excerpt":{"rendered":"<p>El Servicio de Administraci\u00f3n Tributaria del Estado de Sinaloa (SATES) inform\u00f3 que el tr\u00e1mite de la licencia permanente estar\u00e1 vigente todo septiembre, junto a los programas Ponte al corriente y Baja definitiva La\u00a0licencia permanente\u00a0est\u00e1 de regreso para los conductores de la entidad; as\u00ed lo inform\u00f3 el Servicio de Administraci\u00f3n Tributaria del Estado de\u00a0Sinaloa\u00a0(SATES). El tr\u00e1mite se puede realizar desde este 1 de septiembre y durante todo el mes. Cabe destacar que la\u00a0licencia permanente\u00a0en Sinaloa se encuentra disponible en las modalidades de\u00a0automovilista particular y motociclista particular. La cual podr\u00e1n tramitar las personas mayores de 18 a\u00f1os. Licencia Permanente en Sinaloa. Foto: [&hellip;]<\/p>\n","protected":false},"author":3,"featured_media":152229,"comment_status":"open","ping_status":"open","sticky":false,"template":"","format":"standard","meta":{"_jetpack_newsletter_access":"","_jetpack_dont_email_post_to_subs":false,"_jetpack_newsletter_tier_id":0,"_jetpack_memberships_contains_paywalled_content":false,"_jetpack_feature_clip_id":0,"_jetpack_memberships_contains_paid_content":false,"footnotes":"","jetpack_publicize_message":"","jetpack_publicize_feature_enabled":true,"jetpack_social_post_already_shared":true,"jetpack_social_options":{"image_generator_settings":{"template":"highway","default_image_id":0,"font":"","enabled":false},"version":2},"jetpack_post_was_ever_published":false},"categories":[90],"tags":[],"class_list":["post-152225","post","type-post","status-publish","format-standard","has-post-thumbnail","hentry","category-estatal","post--single"],"jetpack_publicize_connections":[],"jetpack_featured_media_url":"https:\/\/ovelanalista.com\/wp-content\/uploads\/2026\/09\/Captura-de-Pantalla-2026-09-03-a-las-11.10.45.png","jetpack_sharing_enabled":true,"_links":{"self":[{"href":"https:\/\/ovelanalista.com\/index.php?rest_route=\/wp\/v2\/posts\/152225","targetHints":{"allow":["GET"]}}],"collection":[{"href":"https:\/\/ovelanalista.com\/index.php?rest_route=\/wp\/v2\/posts"}],"about":[{"href":"https:\/\/ovelanalista.com\/index.php?rest_route=\/wp\/v2\/types\/post"}],"author":[{"embeddable":true,"href":"https:\/\/ovelanalista.com\/index.php?rest_route=\/wp\/v2\/users\/3"}],"replies":[{"embeddable":true,"href":"https:\/\/ovelanalista.com\/index.php?rest_route=%2Fwp%2Fv2%2Fcomments&post=152225"}],"version-history":[{"count":2,"href":"https:\/\/ovelanalista.com\/index.php?rest_route=\/wp\/v2\/posts\/152225\/revisions"}],"predecessor-version":[{"id":152232,"href":"https:\/\/ovelanalista.com\/index.php?rest_route=\/wp\/v2\/posts\/152225\/revisions\/152232"}],"wp:featuredmedia":[{"embeddable":true,"href":"https:\/\/ovelanalista.com\/index.php?rest_route=\/wp\/v2\/media\/152229"}],"wp:attachment":[{"href":"https:\/\/ovelanalista.com\/index.php?rest_route=%2Fwp%2Fv2%2Fmedia&parent=152225"}],"wp:term":[{"taxonomy":"category","embeddable":true,"href":"https:\/\/ovelanalista.com\/index.php?rest_route=%2Fwp%2Fv2%2Fcategories&post=152225"},{"taxonomy":"post_tag","embeddable":true,"href":"https:\/\/ovelanalista.com\/index.php?rest_route=%2Fwp%2Fv2%2Ftags&post=152225"}],"curies":[{"name":"wp","href":"https:\/\/api.w.org\/{rel}","templated":true}]}}