{"id":152226,"date":"2026-09-03T12:30:08","date_gmt":"2026-09-03T19:30:08","guid":{"rendered":"https:\/\/ovelanalista.com\/?p=152226"},"modified":"2026-09-03T11:15:41","modified_gmt":"2026-09-03T18:15:41","slug":"detienen-a-el-goben-ligado-al-cartel-de-sinaloa-en-un-fraccionamiento-en-puebla","status":"publish","type":"post","link":"https:\/\/ovelanalista.com\/?p=152226","title":{"rendered":"Detienen a \u2018El G\u00f3ben\u2019, ligado al C\u00e1rtel de Sinaloa, en un fraccionamiento en Puebla"},"content":{"rendered":"<h5 class=\"c-heading b-subheadline\">\u2018El Amarillo\u2019, presunto l\u00edder de Los Rusos, era uno de los objetivos prioritarios de la Secretar\u00eda de Seguridad.<\/h5>\n<p>&nbsp;<\/p>\n<p class=\"c-paragraph\"><b>G\u00f3ven Ulisses \u2018N\u2019<\/b>, alias \u2018El Amarillo\u2019 o \u2018El G\u00f3ben\u2019, presunto l\u00edder del\u00a0grupo delictivo Los Rusos, ligado al\u00a0C\u00e1rtel de Sinaloa, fue detenido en el fraccionamiento Lomas de Angel\u00f3polis, en Puebla, inform\u00f3 el secretario de Seguridad, Omar Garc\u00eda Harfuch.<\/p>\n<div id=\"FIOnDemandWrapper_fiInstance_116232_0_256756472731646\" class=\"FIOnDemandWrapper\">\n<div class=\"apd_static_banner \"><\/div>\n<\/div>\n<p class=\"c-paragraph\">El sujeto, considerado un objetivo prioritario y uno de los principales generadores de violencia con centro de\u00a0operaciones en Acapulco, Guerrero, fue aprehendido junto con dos de sus escoltas. Adem\u00e1s, durante la operaci\u00f3n se aseguraron armas, drogas y veh\u00edculos de lujo.<\/p>\n<div id=\"arcad-feature-f0ffmTzFzpuU8mf-145b97f97a56a3\" class=\"c-stack b-ads-block \" data-style-direction=\"vertical\" data-style-justification=\"start\" data-style-alignment=\"center\" data-style-inline=\"false\" data-style-wrap=\"nowrap\">\n<div class=\"ad_1x1\" data-testid=\"ad-block-unit-wrapper\">\n<div id=\"arcad_f0ffmTzFzpuU8mf-145b97f97a56a3\" data-google-query-id=\"CIyg-eKA05YDFUtejgUdMGERyg\">\n<div id=\"google_ads_iframe_\/77835600\/ElFinanciero__internas\/inread_oop_0__container__\"><\/div>\n<\/div>\n<\/div>\n<\/div>\n<p class=\"c-paragraph\"><b>Garc\u00eda Harfuch<\/b>\u00a0detall\u00f3 que la captura es resultado de labores de inteligencia e investigaci\u00f3n ejecutadas por la Agencia de Investigaci\u00f3n Criminal y la FEMDO de la Fiscal\u00eda General de la Rep\u00fablica (FGR), la Secretar\u00eda de Seguridad y Protecci\u00f3n Ciudadana (SSPC) y la Secretar\u00eda de Marina (SEMAR).<\/p>\n<p class=\"c-paragraph\">La intervenci\u00f3n cont\u00f3 adem\u00e1s con informaci\u00f3n proporcionada por el Centro Nacional de Inteligencia (CNI), en coordinaci\u00f3n estrat\u00e9gica con las autoridades locales de Puebla y Guerrero.<\/p>\n<p>&nbsp;<\/p>\n<p>Con informaci\u00f3n de El Financiero<\/p>\n","protected":false},"excerpt":{"rendered":"<p>\u2018El Amarillo\u2019, presunto l\u00edder de Los Rusos, era uno de los objetivos prioritarios de la Secretar\u00eda de Seguridad. &nbsp; G\u00f3ven Ulisses \u2018N\u2019, alias \u2018El Amarillo\u2019 o \u2018El G\u00f3ben\u2019, presunto l\u00edder del\u00a0grupo delictivo Los Rusos, ligado al\u00a0C\u00e1rtel de Sinaloa, fue detenido en el fraccionamiento Lomas de Angel\u00f3polis, en Puebla, inform\u00f3 el secretario de Seguridad, Omar Garc\u00eda Harfuch. El sujeto, considerado un objetivo prioritario y uno de los principales generadores de violencia con centro de\u00a0operaciones en Acapulco, Guerrero, fue aprehendido junto con dos de sus escoltas. Adem\u00e1s, durante la operaci\u00f3n se aseguraron armas, drogas y veh\u00edculos de lujo. Garc\u00eda Harfuch\u00a0detall\u00f3 que la [&hellip;]<\/p>\n","protected":false},"author":3,"featured_media":152224,"comment_status":"open","ping_status":"open","sticky":false,"template":"","format":"standard","meta":{"_jetpack_newsletter_access":"","_jetpack_dont_email_post_to_subs":false,"_jetpack_newsletter_tier_id":0,"_jetpack_memberships_contains_paywalled_content":false,"_jetpack_feature_clip_id":0,"_jetpack_memberships_contains_paid_content":false,"footnotes":"","jetpack_publicize_message":"","jetpack_publicize_feature_enabled":true,"jetpack_social_post_already_shared":true,"jetpack_social_options":{"image_generator_settings":{"template":"highway","default_image_id":0,"font":"","enabled":false},"version":2},"jetpack_post_was_ever_published":false},"categories":[75],"tags":[],"class_list":["post-152226","post","type-post","status-publish","format-standard","has-post-thumbnail","hentry","category-nacional","post--single"],"jetpack_publicize_connections":[],"jetpack_featured_media_url":"https:\/\/ovelanalista.com\/wp-content\/uploads\/2026\/09\/Captura-de-Pantalla-2026-09-03-a-las-11.07.10.png","jetpack_sharing_enabled":true,"_links":{"self":[{"href":"https:\/\/ovelanalista.com\/index.php?rest_route=\/wp\/v2\/posts\/152226","targetHints":{"allow":["GET"]}}],"collection":[{"href":"https:\/\/ovelanalista.com\/index.php?rest_route=\/wp\/v2\/posts"}],"about":[{"href":"https:\/\/ovelanalista.com\/index.php?rest_route=\/wp\/v2\/types\/post"}],"author":[{"embeddable":true,"href":"https:\/\/ovelanalista.com\/index.php?rest_route=\/wp\/v2\/users\/3"}],"replies":[{"embeddable":true,"href":"https:\/\/ovelanalista.com\/index.php?rest_route=%2Fwp%2Fv2%2Fcomments&post=152226"}],"version-history":[{"count":1,"href":"https:\/\/ovelanalista.com\/index.php?rest_route=\/wp\/v2\/posts\/152226\/revisions"}],"predecessor-version":[{"id":152236,"href":"https:\/\/ovelanalista.com\/index.php?rest_route=\/wp\/v2\/posts\/152226\/revisions\/152236"}],"wp:featuredmedia":[{"embeddable":true,"href":"https:\/\/ovelanalista.com\/index.php?rest_route=\/wp\/v2\/media\/152224"}],"wp:attachment":[{"href":"https:\/\/ovelanalista.com\/index.php?rest_route=%2Fwp%2Fv2%2Fmedia&parent=152226"}],"wp:term":[{"taxonomy":"category","embeddable":true,"href":"https:\/\/ovelanalista.com\/index.php?rest_route=%2Fwp%2Fv2%2Fcategories&post=152226"},{"taxonomy":"post_tag","embeddable":true,"href":"https:\/\/ovelanalista.com\/index.php?rest_route=%2Fwp%2Fv2%2Ftags&post=152226"}],"curies":[{"name":"wp","href":"https:\/\/api.w.org\/{rel}","templated":true}]}}