{"id":152231,"date":"2026-09-03T13:30:19","date_gmt":"2026-09-03T20:30:19","guid":{"rendered":"https:\/\/ovelanalista.com\/?p=152231"},"modified":"2026-09-03T11:15:15","modified_gmt":"2026-09-03T18:15:15","slug":"sinaloa-nunca-habia-cerrado-un-mes-con-tantas-mujeres-asesinadas","status":"publish","type":"post","link":"https:\/\/ovelanalista.com\/?p=152231","title":{"rendered":"Sinaloa nunca hab\u00eda cerrado un mes con tantas mujeres asesinadas"},"content":{"rendered":"<header class=\"post-header\">El mes cerr\u00f3 con una cifra in\u00e9dita de mujeres asesinadas, mientras colectivas reclaman acciones para detener una tendencia que contin\u00faa al alza.<\/p>\n<div class=\"post-meta\">\n<div>\n<p class=\"apost-author\"><strong>Vanessa Beltr\u00e1n<\/strong><\/p>\n<p><time>septiembre 3, 2026 &#8211; 3:34 am GMT-0700<\/time><\/div>\n<\/div>\n<div class=\"post-content\">\n<p>Culiac\u00e1n, Sinaloa.- Jomayra Patricia atend\u00eda un cliente la tarde del 28 de julio. Lo hac\u00eda donde siempre, en el sal\u00f3n JS \u2013en alusi\u00f3n a su nombre y apellido\u2013, en la colonia Esthela Ortiz de Toledo, al sur de Culiac\u00e1n. Unos hombres llegaron, no como cualquier otro que de manera normal preguntar\u00eda por cortes de cabello o la barba, sino que iban directo a asesinarla. Le dispararon hasta asegurarse que hab\u00eda muerto. Pero los param\u00e9dicos que la atendieron a\u00fan alcanzaron a llevarla con vida a un hospital. Cinco d\u00edas despu\u00e9s falleci\u00f3 a causa de las heridas. Oficialmente fue la primera mujer muerta con violencia de agosto 2026, el mes con m\u00e1s asesinatos de mujeres en la historia de Sinaloa.<\/p>\n<p>La\u00a0Fiscal\u00eda General del Estado (FGE), que mantiene registros desde 2005, contabiliz\u00f3 23 mujeres asesinadas durante agosto, la mayor\u00eda reconocidas como v\u00edctimas de feminicidio. Pero la cifra podr\u00eda ser todav\u00eda mayor.<\/p>\n<div class=\"AV69f37ca0224a13be220e0bf6\">\n<div id=\"aniBox\">\n<div id=\"aniplayer_AV69f37ca0224a13be220e0bf6-1788457910006\">\n<div id=\"aniplayer_AV69f37ca0224a13be220e0bf6-1788457910006Wrapper\" class=\"avp-floating-container avp-fixed avp-bottom-right avp-move-left-enter-done\" tabindex=\"0\">\n<div class=\"avp-caption-body\"><\/div>\n<div class=\"avp-body avp-shadow\">\n<div class=\"avp-main\">\n<div id=\"aniplayer_AV69f37ca0224a13be220e0bf6-1788457910006Container\" class=\"avp-source avp-clickable\" tabindex=\"-1\">\n<div class=\"avp-top\">\n<div class=\"avp-top-left\"><\/div>\n<\/div>\n<div class=\"avp-cross-placement-container avp-middle\">\n<div class=\"avp-cross-placement-container avp-middle-top avp-expanded\"><\/div>\n<div class=\"avp-cross-placement-container avp-middle-middle\"><\/div>\n<div class=\"avp-cross-placement-container avp-middle-bottom avp-expanded\">\n<div class=\"avp-annotation-content\">\u201cQue se animen, que se sumen a emprender; lo necesitan Culiac\u00e1n y Sinaloa\u201d: Ana Miriam Ramos alienta a empresas con Impulso NAFIN<\/div>\n<\/div>\n<\/div>\n<div class=\"avp-bottom\">\n<div class=\"avp-control-bar\">\n<div class=\"avp-chapters\">\n<div class=\"avp-track\">\n<div class=\"avp-markers\"><\/div>\n<\/div>\n<\/div>\n<\/div>\n<\/div>\n<\/div>\n<\/div>\n<\/div>\n<\/div>\n<\/div>\n<\/div>\n<\/div>\n<p>Una recopilaci\u00f3n realizada por ESPEJO, con base en reportes period\u00edsticos de hechos ocurridos en distintos municipios del estado, document\u00f3 al menos 27 mujeres asesinadas o localizadas sin vida durante el mes m\u00e1s violento para las sinaloenses del que se tenga registro.<\/p>\n<p>Para el colectivo feminista \u201cNo se Metan con Nuestras Hijas\u201d, es obligatorio que se emprendan acciones para atender la crisis de violencia hacia las mujeres que se ve reflejada en cifras tan sangrientas.<\/p>\n<p>Este panorama, dice el colectivo, no es repentino, sino que repite una tendencia al alza de violencia feminicida que se ha venido denunciando desde 2025, a\u00f1o en el que se registraron m\u00e1s de cien mujeres asesinadas.<\/p>\n<blockquote><p>\u201c2025 cerr\u00f3 con un repunte hist\u00f3rico del 89 por ciento en asesinatos acumulando 104 v\u00edctimas. Esta tendencia tr\u00e1gica se esta extendiendo al 2026, sumando ya m\u00e1s de 50 feminicidios en lo que va del a\u00f1o\u201d<\/p><\/blockquote>\n<p>Este \u00faltimo dato fue compartido por el colectivo previo a que Fiscal\u00eda confirmara la cifra al cierre agosto.<\/p>\n<p>En total, se han cometido 76 feminicidios en Sinaloa durante el 2026.<\/p>\n<h2><strong>\u201cSer mujer en Sinaloa es plena supervivencia\u201d<\/strong><\/h2>\n<p>Para M\u00f3nica Ortega, integrante del colectivo feminista Amapas del Norte en una entrevista previa para ESPEJO, las cifras no deben ser le\u00eddas \u00fanicamente como n\u00fameros, sino como una realidad que est\u00e1 lastimando a las mujeres sinaloenses, a sus familias y a las redes sociales que terminan da\u00f1adas por la ausencia de una integrante.<\/p>\n<blockquote><p>\u201cEstamos hablando de n\u00fameros, pero detr\u00e1s de cada n\u00famero est\u00e1 la familia que est\u00e1 en duelo, est\u00e1n las vidas que se perdieron, est\u00e1n las infancias perdidas, todas las orfandades que est\u00e1n a causa de estos feminicidios\u201d, se\u00f1al\u00f3.<\/p><\/blockquote>\n<p>Adem\u00e1s, se suma a la visi\u00f3n de No se Metan con Nuestras Hijas al se\u00f1alar que se necesita una reacci\u00f3n de las autoridades. Para M\u00f3nica, no solo debe alarmar el aumento de mujeres asesinadas, sino que esto ocurra sin que, desde su perspectiva, exista una respuesta institucional que haya logrado frenarlo.<\/p>\n<blockquote><p>\u201cLos n\u00fameros nos alarman, s\u00ed, pero es m\u00e1s fuerte saber que no se ha hecho algo significativo de parte de las autoridades para cambiar esta cifra. Solo est\u00e1n aumentando y aumentando y aumentando\u201d.<\/p><\/blockquote>\n<p>De acuerdo con la recopilaci\u00f3n, entre las v\u00edctimas se encuentran:<\/p>\n<ul>\n<li>Jomayra Patricia, de 33 a\u00f1os,\u00a0falleci\u00f3 el 2 de agosto\u00a0luego de ser atacada a balazos cinco d\u00edas antes en la avenida Hilario Medina, colonia Estela Ortiz de Toledo, en Culiac\u00e1n.<\/li>\n<li>Una mujer sin identificar fue\u00a0encontrada sin vida el 4 de agosto\u00a0en la calle R\u00edo P\u00e1nuco, colonia Pradera Dorada 5, en Mazatl\u00e1n. El caso fue registrado como homicidio doloso.<\/li>\n<li>Ese mismo d\u00eda, otra mujer cuya identidad se desconoce fue\u00a0localizada sin vida\u00a0en el Basur\u00f3n Municipal de Mazatl\u00e1n, en la colonia Industrial del Real.<\/li>\n<li>Karolina, de 34 a\u00f1os,\u00a0fue v\u00edctima de feminicidio el 6 de agosto\u00a0en la calle 16 de Septiembre, ampliaci\u00f3n Benito Ju\u00e1rez, en Escuinapa.<\/li>\n<li>Yerania Guadalupe fue\u00a0localizada sin vida el 9 de agosto\u00a0en la calle Privada del Muelle, colonia Benito Ju\u00e1rez, en Mazatl\u00e1n.<\/li>\n<li>Tambi\u00e9n\u00a0el 9 de agosto, Bernardina, de 75 a\u00f1os, fue asesinada\u00a0en la estaci\u00f3n Capomas, Guasave. Su muerte fue investigada como feminicidio.<\/li>\n<li>Marisela, de 67 a\u00f1os, fue\u00a0localizada el 11 de agosto en una fosa com\u00fan\u00a0en Los Almacenes, Ahome.<\/li>\n<li>Mar\u00eda de los \u00c1ngeles, de 35 a\u00f1os, fue\u00a0asesinada ese mismo 11 de agosto\u00a0en Piggy Back, Culiac\u00e1n; el caso fue clasificado como feminicidio.<\/li>\n<li>Perla, de 24 a\u00f1os, fue\u00a0v\u00edctima de feminicidio el 14 de agosto\u00a0sobre la avenida Miguel Hidalgo, en la colonia Centro de Escuinapa.<\/li>\n<li>Una mujer sin identificar fue\u00a0asesinada el 18 de agosto\u00a0sobre la carretera libre Mazatl\u00e1n-Culiac\u00e1n, a la altura de la sindicatura de El Habal, en Mazatl\u00e1n.<\/li>\n<li>Ese mismo d\u00eda, otra mujer que permanece sin identificar fue\u00a0localizada sin vida\u00a0en la calle Picachos, colonia Presas del Valle, tambi\u00e9n en Mazatl\u00e1n.<\/li>\n<li>Francelia, de 39 a\u00f1os, fue\u00a0asesinada el 18 de agosto\u00a0en la calle Antonio Serrano, colonia Las Cucas, en Culiac\u00e1n.<\/li>\n<li>Mireya, de 50 a\u00f1os,\u00a0perdi\u00f3 la vida el 19 de agosto\u00a0en un hecho investigado como feminicidio, ocurrido sobre la avenida De la Juventud, en el Centro de Escuinapa.<\/li>\n<li>Carolina fue\u00a0asesinada el 21 de agosto\u00a0en la sindicatura de Higuera de Zaragoza, Ahome.<\/li>\n<li>Karina, de 35 a\u00f1os, fue\u00a0v\u00edctima de feminicidio el 22 de agosto\u00a0en la calle 5 de Mayo, colonia Centro, en Escuinapa.<\/li>\n<li>Ese mismo d\u00eda,\u00a0Marisol fue asesinada\u00a0sobre la avenida Aquiles Serd\u00e1n, en el Centro de Culiac\u00e1n.<\/li>\n<li>Tambi\u00e9n el 22 de agosto,\u00a0Casandra Guadalupe, de 35 a\u00f1os, fue asesinada\u00a0en la calle Constituci\u00f3n, en la sindicatura de Villa Uni\u00f3n, Mazatl\u00e1n.<\/li>\n<li>Una mujer sin identificar fue\u00a0encontrada sin vida el 23 de agosto\u00a0sobre la calzada Jos\u00e9 Lim\u00f3n, en Infonavit Humaya, Culiac\u00e1n. El caso fue registrado como feminicidio.<\/li>\n<li>El 26 de agosto, una mujer cuya identidad no ha sido establecida\u00a0fue asesinada\u00a0en la calle Aldama, colonia Roblito, en Escuinapa.<\/li>\n<li>Ese mismo d\u00eda,\u00a0dos mujeres sin identificar fueron localizadas sin vida\u00a0en la calle Jabal\u00ed, colonia Pradera Dorada 2, en Mazatl\u00e1n. Ambos casos fueron registrados como feminicidios.<\/li>\n<li>Una mujer sin identificar fue\u00a0localizada sin vida el 27 de agosto\u00a0en la sindicatura de Agua Verde, Rosario.<\/li>\n<li>El 29 de agosto, una mujer cuya identidad permanece desconocida\u00a0fue asesinada sobre la carretera\u00a0Internacional M\u00e9xico 15, a la altura de La Urraca, Mazatl\u00e1n.<\/li>\n<li>Ese mismo d\u00eda,\u00a0otra mujer sin identificar fue v\u00edctima de feminicidio\u00a0en la calle Puerto Pe\u00f1asco, colonia Casa Redonda, tambi\u00e9n en Mazatl\u00e1n.<\/li>\n<li>Marina, de 40 a\u00f1os, fue\u00a0asesinada el 29 de agosto\u00a0en la calle Libertad, colonia Gabriel Leyva Solano, en Guasave.<\/li>\n<li>Una mujer sin identificar fue\u00a0localizada sin vida el 31 de agosto\u00a0en la calle Francisco Madero, en la Tercera Ampliaci\u00f3n de Mazatl\u00e1n.<\/li>\n<li>Cecilia, de 75 a\u00f1os, cerr\u00f3 el mes.\u00a0Falleci\u00f3 el 31 de agosto, luego de luchar por su vida durante m\u00e1s de un mes en un hospital de Guasave. El 27 de julio fue atacada con un arma blanca durante un intento de asalto.<\/li>\n<\/ul>\n<\/div>\n<p>Con informaci\u00f3n de Revista Espejo<\/p>\n<\/header>\n","protected":false},"excerpt":{"rendered":"<p>El mes cerr\u00f3 con una cifra in\u00e9dita de mujeres asesinadas, mientras colectivas reclaman acciones para detener una tendencia que contin\u00faa al alza. Vanessa Beltr\u00e1n septiembre 3, 2026 &#8211; 3:34 am GMT-0700 Culiac\u00e1n, Sinaloa.- Jomayra Patricia atend\u00eda un cliente la tarde del 28 de julio. Lo hac\u00eda donde siempre, en el sal\u00f3n JS \u2013en alusi\u00f3n a su nombre y apellido\u2013, en la colonia Esthela Ortiz de Toledo, al sur de Culiac\u00e1n. Unos hombres llegaron, no como cualquier otro que de manera normal preguntar\u00eda por cortes de cabello o la barba, sino que iban directo a asesinarla. Le dispararon hasta asegurarse que [&hellip;]<\/p>\n","protected":false},"author":3,"featured_media":152234,"comment_status":"open","ping_status":"open","sticky":false,"template":"","format":"standard","meta":{"_jetpack_newsletter_access":"","_jetpack_dont_email_post_to_subs":false,"_jetpack_newsletter_tier_id":0,"_jetpack_memberships_contains_paywalled_content":false,"_jetpack_feature_clip_id":0,"_jetpack_memberships_contains_paid_content":false,"footnotes":"","jetpack_publicize_message":"","jetpack_publicize_feature_enabled":true,"jetpack_social_post_already_shared":true,"jetpack_social_options":{"image_generator_settings":{"template":"highway","default_image_id":0,"font":"","enabled":false},"version":2},"jetpack_post_was_ever_published":false},"categories":[90,72],"tags":[],"class_list":["post-152231","post","type-post","status-publish","format-standard","has-post-thumbnail","hentry","category-estatal","category-portada","post--single"],"jetpack_publicize_connections":[],"jetpack_featured_media_url":"https:\/\/ovelanalista.com\/wp-content\/uploads\/2026\/09\/Captura-de-Pantalla-2026-09-03-a-las-11.13.12.png","jetpack_sharing_enabled":true,"_links":{"self":[{"href":"https:\/\/ovelanalista.com\/index.php?rest_route=\/wp\/v2\/posts\/152231","targetHints":{"allow":["GET"]}}],"collection":[{"href":"https:\/\/ovelanalista.com\/index.php?rest_route=\/wp\/v2\/posts"}],"about":[{"href":"https:\/\/ovelanalista.com\/index.php?rest_route=\/wp\/v2\/types\/post"}],"author":[{"embeddable":true,"href":"https:\/\/ovelanalista.com\/index.php?rest_route=\/wp\/v2\/users\/3"}],"replies":[{"embeddable":true,"href":"https:\/\/ovelanalista.com\/index.php?rest_route=%2Fwp%2Fv2%2Fcomments&post=152231"}],"version-history":[{"count":1,"href":"https:\/\/ovelanalista.com\/index.php?rest_route=\/wp\/v2\/posts\/152231\/revisions"}],"predecessor-version":[{"id":152235,"href":"https:\/\/ovelanalista.com\/index.php?rest_route=\/wp\/v2\/posts\/152231\/revisions\/152235"}],"wp:featuredmedia":[{"embeddable":true,"href":"https:\/\/ovelanalista.com\/index.php?rest_route=\/wp\/v2\/media\/152234"}],"wp:attachment":[{"href":"https:\/\/ovelanalista.com\/index.php?rest_route=%2Fwp%2Fv2%2Fmedia&parent=152231"}],"wp:term":[{"taxonomy":"category","embeddable":true,"href":"https:\/\/ovelanalista.com\/index.php?rest_route=%2Fwp%2Fv2%2Fcategories&post=152231"},{"taxonomy":"post_tag","embeddable":true,"href":"https:\/\/ovelanalista.com\/index.php?rest_route=%2Fwp%2Fv2%2Ftags&post=152231"}],"curies":[{"name":"wp","href":"https:\/\/api.w.org\/{rel}","templated":true}]}}