{"id":152238,"date":"2026-09-03T15:00:31","date_gmt":"2026-09-03T22:00:31","guid":{"rendered":"https:\/\/ovelanalista.com\/?p=152238"},"modified":"2026-09-03T11:20:49","modified_gmt":"2026-09-03T18:20:49","slug":"la-secretaria-de-seguridad-pide-retirar-la-proteccion-a-la-diputada-de-sinaloa-paola-garate-amenazada-por-el-narco","status":"publish","type":"post","link":"https:\/\/ovelanalista.com\/?p=152238","title":{"rendered":"La Secretar\u00eda de Seguridad pide retirar la protecci\u00f3n a la diputada de Sinaloa Paola G\u00e1rate, amenazada por el narco"},"content":{"rendered":"<p>La dependencia encabezada por Omar Garc\u00eda Harfuch solicita a la Justicia que el resguardo de la legisladora de oposici\u00f3n corra a cargo del Gobierno estatal, del que G\u00e1rate ha sido cr\u00edtica<\/p>\n<p><strong>Zedryk Raziel<\/strong><\/p>\n<p class=\"\">La Secretar\u00eda de Seguridad federal (SSPC), dirigida por Omar Garc\u00eda Harfuch, ha pedido a la Justicia que revoque la protecci\u00f3n que actualmente brinda la Guardia Nacional a la diputada de Sinaloa\u00a0Paola G\u00e1rate, del opositor PRI, que ha sido amenazada por el narco junto a su familia. Tanto la SSPC como la Guardia Nacional sostienen que las medidas de resguardo a la legisladora corresponden a las autoridades de seguridad p\u00fablica del Estado, gobernado por Morena y del que G\u00e1rate ha sido f\u00e9rrea cr\u00edtica. \u201cResulta desconcertante e inveros\u00edmil que esa autoridad federal solicite poner en manos de autoridades de Sinaloa la seguridad de la diputada, cuando ella ha denunciado continuamente la colusi\u00f3n entre\u00a0ese Gobierno y los grupos del crimen organizado\u201d, ha criticado la defensa legal de G\u00e1rate.<\/p>\n<p class=\"\">En junio, la legisladora priista encontr\u00f3 en la puerta de su casa una corona f\u00fanebre, amenaza de muerte com\u00fan en el c\u00f3digo de los narcos en M\u00e9xico. La corona le\u00eda: \u201cFamilia G\u00e1rate\u201d. Este fue el evento que deton\u00f3 la exigencia de la diputada de contar con un esquema de seguridad federal, que logr\u00f3 gracias a una resoluci\u00f3n judicial que ordenaba al Gobierno de Claudia Sheinbaum garantizar tal dispositivo. La protecci\u00f3n ha cumplido apenas unas semanas. La SSPC impugn\u00f3 la orden judicial el 27 de agosto pasado, aunque, de momento, una jueza deneg\u00f3 la petici\u00f3n.<\/p>\n<p class=\"\">El de la corona no fue el \u00fanico evento en el que G\u00e1rate ha sido v\u00edctima. En octubre de 2025, en un asalto violento para robarle su camioneta, fue enca\u00f1onada con un arma. Antes, en 2021, fue una de las v\u00edctimas de la\u00a0violencia en la jornada electoral\u00a0de ese a\u00f1o para la gubernatura y otros cargos. Ese d\u00eda, G\u00e1rate fue secuestrada durante nueve horas, en que la golpearon \u201cy le exigieron que se retirara de las elecciones\u201d, seg\u00fan el relato que la diputada dio a la Guardia Nacional durante una evaluaci\u00f3n de riesgos.<\/p>\n<p class=\"\">Los sucesos de aquel a\u00f1o adquirieron una fuerza tremenda a\u00f1os despu\u00e9s.\u00a0Rub\u00e9n Rocha, de Morena, result\u00f3 ganador de los comicios, en los que campearon los hechos violentos como los que denunci\u00f3 G\u00e1rate. Estados Unidos ahora acusa a Rocha de haber pactado con el Cartel de Sinaloa para que este le ayudase a ganar la elecci\u00f3n, precisamente, amenazando a los pol\u00edticos opositores.<\/p>\n<figure class=\"a_m a_m-h \"><span class=\"_db a_m_w _pr lb_btn\"><img loading=\"lazy\" decoding=\"async\" class=\"_re lazyload a_m-h aligncenter\" src=\"https:\/\/imagenes.elpais.com\/resizer\/v2\/NSM7SQSGZJDA3NJQFMW6Q36XLY.jpg?auth=26d6627c7010401f4a22bbab90dd723d423af555f005f105ec71058d31bf18c3&amp;width=414\" sizes=\"auto, (min-width:1199px) 760px,(min-width:1001px) calc((100vw - 44px-11*31px)\/12*8+217), (min-width:767px) 767px, 100vw\" srcset=\"https:\/\/imagenes.elpais.com\/resizer\/v2\/NSM7SQSGZJDA3NJQFMW6Q36XLY.jpg?auth=26d6627c7010401f4a22bbab90dd723d423af555f005f105ec71058d31bf18c3&amp;width=414 414w,https:\/\/imagenes.elpais.com\/resizer\/v2\/NSM7SQSGZJDA3NJQFMW6Q36XLY.jpg?auth=26d6627c7010401f4a22bbab90dd723d423af555f005f105ec71058d31bf18c3&amp;width=828 640w,https:\/\/imagenes.elpais.com\/resizer\/v2\/NSM7SQSGZJDA3NJQFMW6Q36XLY.jpg?auth=26d6627c7010401f4a22bbab90dd723d423af555f005f105ec71058d31bf18c3&amp;width=980 1000w,https:\/\/imagenes.elpais.com\/resizer\/v2\/NSM7SQSGZJDA3NJQFMW6Q36XLY.jpg?auth=26d6627c7010401f4a22bbab90dd723d423af555f005f105ec71058d31bf18c3&amp;width=1960 1960w\" alt=\"\" width=\"668\" height=\"445\" \/><\/span><figcaption class=\"a_m_p\" aria-hidden=\"true\">Corona f\u00fanebre en la entrada del domicilio de Paola G\u00e1rate, en la colonia Emiliano Zapata, en Culiac\u00e1n, el 10 de junio.<span class=\"a_m_m\">Jos\u00e9 Betanzos Z\u00e1rate (Cuartoscuro)<\/span><\/figcaption><\/figure>\n<p class=\"\">La defensa de G\u00e1rate ha se\u00f1alado que el principal argumento de la SSPC para pedir el retiro del resguardo federal es que la Fiscal\u00eda de Sinaloa ya le ha concedido a la legisladora medidas de protecci\u00f3n. Sin embargo, precisan los abogados, \u201clas medidas otorgadas \u00fanicamente consisten en rondines aleatorios a domicilio, y de ninguna manera se equiparan con un esquema de protecci\u00f3n personal acorde con el nivel de riesgo que enfrenta la diputada\u201d.<\/p>\n<p class=\"\">En la entrevista que sostuvo con la Guardia Nacional, G\u00e1rate se refiri\u00f3 tambi\u00e9n al atentado que sufrieron en enero de este a\u00f1o los diputados de Movimiento Ciudadano en Sinaloa\u00a0<a title=\"https:\/\/elpais.com\/mexico\/2026-01-28\/atacados-a-balazos-dos-diputados-de-movimiento-ciudadano-en-sinaloa.html\" href=\"https:\/\/elpais.com\/mexico\/2026-01-28\/atacados-a-balazos-dos-diputados-de-movimiento-ciudadano-en-sinaloa.html\" target=\"_self\" rel=\"\" data-link-track-dtm=\"\" data-mrf-link=\"https:\/\/elpais.com\/mexico\/2026-01-28\/atacados-a-balazos-dos-diputados-de-movimiento-ciudadano-en-sinaloa.html\">Sergio Torres y Elizabeth Montoya<\/a>, cr\u00edticos tambi\u00e9n del oficialismo en el Estado. \u201cLa entrevistada manifest\u00f3 que el motivo de solicitar la seguridad y protecci\u00f3n es por la violencia e inseguridad que se vive en Sinaloa, as\u00ed como por temor a que sea v\u00edctima de alguna agresi\u00f3n que atente contra su vida e integridad, por las declaraciones que ha realizado en contra del Gobierno de Rub\u00e9n Rocha y los v\u00ednculos con la delincuencia\u201d, consign\u00f3 la dependencia en la evaluaci\u00f3n.<\/p>\n<p class=\"\">La defensa de G\u00e1rate reclama que, aun cuando la Guardia Nacional \u201creconoce la necesidad de proporcionarle a la diputada v\u00edctima un esquema de seguridad personal permanente, propone y solicita que el dispositivo no quede a cargo de esa autoridad, sino de la Secretar\u00eda de Seguridad del Estado de Sinaloa\u201d.<\/p>\n<p class=\"\">Rocha termin\u00f3 dimitiendo del cargo de gobernador, no sin antes haberse atrincherado con u\u00f1as y dientes. Tras varios meses de dubitaci\u00f3n, el Ejecutivo de Sheinbaum por fin barri\u00f3 del Estado tambi\u00e9n a los pol\u00edticos vinculados al exmandatario y coloc\u00f3 a una gobernadora interina m\u00e1s cercana a Palacio Nacional. Pero la violencia no cambia. Este fin de semana, la activista por los desaparecidos\u00a0Alma Rosa Rojo\u00a0fue atacada a balazos a plena luz del d\u00eda. Sobrevivi\u00f3.<\/p>\n<p>&nbsp;<\/p>\n<p>&nbsp;<\/p>\n<p>Con informaci\u00f3 de El Pais<\/p>\n","protected":false},"excerpt":{"rendered":"<p>La dependencia encabezada por Omar Garc\u00eda Harfuch solicita a la Justicia que el resguardo de la legisladora de oposici\u00f3n corra a cargo del Gobierno estatal, del que G\u00e1rate ha sido cr\u00edtica Zedryk Raziel La Secretar\u00eda de Seguridad federal (SSPC), dirigida por Omar Garc\u00eda Harfuch, ha pedido a la Justicia que revoque la protecci\u00f3n que actualmente brinda la Guardia Nacional a la diputada de Sinaloa\u00a0Paola G\u00e1rate, del opositor PRI, que ha sido amenazada por el narco junto a su familia. Tanto la SSPC como la Guardia Nacional sostienen que las medidas de resguardo a la legisladora corresponden a las autoridades de [&hellip;]<\/p>\n","protected":false},"author":3,"featured_media":152243,"comment_status":"open","ping_status":"open","sticky":false,"template":"","format":"standard","meta":{"_jetpack_newsletter_access":"","_jetpack_dont_email_post_to_subs":false,"_jetpack_newsletter_tier_id":0,"_jetpack_memberships_contains_paywalled_content":false,"_jetpack_feature_clip_id":0,"_jetpack_memberships_contains_paid_content":false,"footnotes":"","jetpack_publicize_message":"","jetpack_publicize_feature_enabled":true,"jetpack_social_post_already_shared":true,"jetpack_social_options":{"image_generator_settings":{"template":"highway","default_image_id":0,"font":"","enabled":false},"version":2},"jetpack_post_was_ever_published":false},"categories":[90],"tags":[],"class_list":["post-152238","post","type-post","status-publish","format-standard","has-post-thumbnail","hentry","category-estatal","post--single"],"jetpack_publicize_connections":[],"jetpack_featured_media_url":"https:\/\/ovelanalista.com\/wp-content\/uploads\/2026\/09\/Captura-de-Pantalla-2026-09-03-a-las-11.19.35.png","jetpack_sharing_enabled":true,"_links":{"self":[{"href":"https:\/\/ovelanalista.com\/index.php?rest_route=\/wp\/v2\/posts\/152238","targetHints":{"allow":["GET"]}}],"collection":[{"href":"https:\/\/ovelanalista.com\/index.php?rest_route=\/wp\/v2\/posts"}],"about":[{"href":"https:\/\/ovelanalista.com\/index.php?rest_route=\/wp\/v2\/types\/post"}],"author":[{"embeddable":true,"href":"https:\/\/ovelanalista.com\/index.php?rest_route=\/wp\/v2\/users\/3"}],"replies":[{"embeddable":true,"href":"https:\/\/ovelanalista.com\/index.php?rest_route=%2Fwp%2Fv2%2Fcomments&post=152238"}],"version-history":[{"count":1,"href":"https:\/\/ovelanalista.com\/index.php?rest_route=\/wp\/v2\/posts\/152238\/revisions"}],"predecessor-version":[{"id":152244,"href":"https:\/\/ovelanalista.com\/index.php?rest_route=\/wp\/v2\/posts\/152238\/revisions\/152244"}],"wp:featuredmedia":[{"embeddable":true,"href":"https:\/\/ovelanalista.com\/index.php?rest_route=\/wp\/v2\/media\/152243"}],"wp:attachment":[{"href":"https:\/\/ovelanalista.com\/index.php?rest_route=%2Fwp%2Fv2%2Fmedia&parent=152238"}],"wp:term":[{"taxonomy":"category","embeddable":true,"href":"https:\/\/ovelanalista.com\/index.php?rest_route=%2Fwp%2Fv2%2Fcategories&post=152238"},{"taxonomy":"post_tag","embeddable":true,"href":"https:\/\/ovelanalista.com\/index.php?rest_route=%2Fwp%2Fv2%2Ftags&post=152238"}],"curies":[{"name":"wp","href":"https:\/\/api.w.org\/{rel}","templated":true}]}}