{"id":152239,"date":"2026-09-03T14:00:57","date_gmt":"2026-09-03T21:00:57","guid":{"rendered":"https:\/\/ovelanalista.com\/?p=152239"},"modified":"2026-09-03T11:18:59","modified_gmt":"2026-09-03T18:18:59","slug":"empresarios-proponen-al-gobierno-estatal-acciones-para-rescatar-la-economia-de-sinaloa","status":"publish","type":"post","link":"https:\/\/ovelanalista.com\/?p=152239","title":{"rendered":"Empresarios proponen al Gobierno estatal acciones para rescatar la econom\u00eda de Sinaloa"},"content":{"rendered":"<p>La presidenta de Coparmex dijo que el organismo pretende presentar directamente sus propuestas a las autoridades, con la intenci\u00f3n de construir una agenda conjunta<\/p>\n<p class=\"Typography_text-l__QLRR8 Typography_weight-bold__uT6mq\">Mario N\u00fa\u00f1ez<\/p>\n<p class=\"Typography_text-default__P3otY Typography_weight-normal__pqUbH Typography_text-default__P3otY Typography_weight-normal__pqUbH\">Culiac\u00e1n, Sin.- Ante el complicado escenario econ\u00f3mico que enfrenta\u00a0<b class=\"bold\">Sinaloa<\/b>,\u00a0<b class=\"bold\">Coparmex Culiac\u00e1n<\/b>\u00a0busca dejar de lado la confrontaci\u00f3n y convertirse en parte de la soluci\u00f3n, por lo que plantear\u00e1 al\u00a0<b class=\"bold\">Gobierno estatal<\/b>\u00a0una estrategia con acciones espec\u00edficas para impulsar la recuperaci\u00f3n de las empresas y reactivar la econom\u00eda.<\/p>\n<div class=\"ad-wrapper mexico-nota-1x1 relative min-h-[var(--ad-slot-mh-mobile)] w-full max-w-full overflow-hidden md:min-h-[var(--ad-slot-mh-web)]\">\n<div id=\"\/2000002\/elsoldesinaloa\/mexico_nota_1x1\" class=\"ad mexico-nota-1x1 relative block !w-full !max-w-full overflow-hidden min-h-[1px]\" data-google-query-id=\"CJW8odmC05YDFdGVpgQd_icT9Q\">\n<div id=\"google_ads_iframe_\/2000002\/elsoldesinaloa\/mexico_nota_1x1_0__container__\"><\/div>\n<\/div>\n<\/div>\n<p class=\"Typography_text-default__P3otY Typography_weight-normal__pqUbH Typography_text-default__P3otY Typography_weight-normal__pqUbH\">La presidenta de Coparmex Culiac\u00e1n,\u00a0<b class=\"bold\">Martha Elena Reyes Zazueta<\/b>, explic\u00f3 que el organismo empresarial pretende presentar directamente sus propuestas a las autoridades, con la intenci\u00f3n de construir una\u00a0<b class=\"bold\">agenda conjunta<\/b>\u00a0que permita atender los efectos que la situaci\u00f3n actual ha generado en el sector productivo.<\/p>\n<div class=\"integration-container w-full\">\n<div id=\"teads2\"><\/div>\n<\/div>\n<p class=\"Typography_text-default__P3otY Typography_weight-normal__pqUbH Typography_text-default__P3otY Typography_weight-normal__pqUbH\">Asimismo, se\u00f1al\u00f3 que la iniciativa parte de la necesidad de sumar esfuerzos entre\u00a0<b class=\"bold\">Gobierno y empresarios<\/b>, debido a que las condiciones econ\u00f3micas requieren medidas que vayan m\u00e1s all\u00e1 de los se\u00f1alamientos y permitan generar resultados concretos.<\/p>\n<p class=\"Typography_text-default__P3otY Typography_weight-normal__pqUbH Typography_text-default__P3otY Typography_weight-normal__pqUbH\">Reyes Zazueta sostuvo que Coparmex mantiene disposici\u00f3n para trabajar con las autoridades estatales y aportar desde el\u00a0<b class=\"bold\">sector privado<\/b>\u00a0alternativas que contribuyan a recuperar la actividad econ\u00f3mica.<\/p>\n<p class=\"Typography_text-default__P3otY Typography_weight-normal__pqUbH Typography_text-default__P3otY Typography_weight-normal__pqUbH\"><i class=\"italic\">\u201cNosotros traemos una estrategia de propuesta para el rescate econ\u00f3mico, no queremos aventarles esa petici\u00f3n, queremos sumarnos\u201d,<\/i>\u00a0expres\u00f3.<\/p>\n<p class=\"Typography_text-default__P3otY Typography_weight-normal__pqUbH Typography_text-default__P3otY Typography_weight-normal__pqUbH\">La dirigente empresarial consider\u00f3 que la participaci\u00f3n del\u00a0<b class=\"bold\">sector privado<\/b>\u00a0resulta indispensable para dise\u00f1ar pol\u00edticas que respondan a las necesidades reales de los negocios, particularmente ante las dificultades que han enfrentado las empresas en Sinaloa.<\/p>\n<p class=\"Typography_text-default__P3otY Typography_weight-normal__pqUbH Typography_text-default__P3otY Typography_weight-normal__pqUbH\">En ese sentido, indic\u00f3 que, aunque Coparmex ha fijado una postura cr\u00edtica en diversos temas, esto no significa que exista una negativa para colaborar con el Gobierno, pues el objetivo principal es encontrar coincidencias y avanzar en acciones que beneficien a la poblaci\u00f3n.<\/p>\n<p class=\"Typography_text-default__P3otY Typography_weight-normal__pqUbH Typography_text-default__P3otY Typography_weight-normal__pqUbH\">Finalmente, mencion\u00f3 que el organismo empresarial mantiene su intenci\u00f3n de establecer una\u00a0<b class=\"bold\">mesa de trabajo con las autoridades estatales<\/b>\u00a0para exponer su propuesta y analizar mecanismos que permitan fortalecer al sector productivo y acelerar la\u00a0<b class=\"bold\">recuperaci\u00f3n econ\u00f3mica de Sinaloa<\/b>.<\/p>\n<p>&nbsp;<\/p>\n<p>Con informaci\u00f3n de El Sol de Sinaloa<\/p>\n","protected":false},"excerpt":{"rendered":"<p>La presidenta de Coparmex dijo que el organismo pretende presentar directamente sus propuestas a las autoridades, con la intenci\u00f3n de construir una agenda conjunta Mario N\u00fa\u00f1ez Culiac\u00e1n, Sin.- Ante el complicado escenario econ\u00f3mico que enfrenta\u00a0Sinaloa,\u00a0Coparmex Culiac\u00e1n\u00a0busca dejar de lado la confrontaci\u00f3n y convertirse en parte de la soluci\u00f3n, por lo que plantear\u00e1 al\u00a0Gobierno estatal\u00a0una estrategia con acciones espec\u00edficas para impulsar la recuperaci\u00f3n de las empresas y reactivar la econom\u00eda. La presidenta de Coparmex Culiac\u00e1n,\u00a0Martha Elena Reyes Zazueta, explic\u00f3 que el organismo empresarial pretende presentar directamente sus propuestas a las autoridades, con la intenci\u00f3n de construir una\u00a0agenda conjunta\u00a0que permita atender los [&hellip;]<\/p>\n","protected":false},"author":3,"featured_media":152241,"comment_status":"open","ping_status":"open","sticky":false,"template":"","format":"standard","meta":{"_jetpack_newsletter_access":"","_jetpack_dont_email_post_to_subs":false,"_jetpack_newsletter_tier_id":0,"_jetpack_memberships_contains_paywalled_content":false,"_jetpack_feature_clip_id":0,"_jetpack_memberships_contains_paid_content":false,"footnotes":"","jetpack_publicize_message":"","jetpack_publicize_feature_enabled":true,"jetpack_social_post_already_shared":true,"jetpack_social_options":{"image_generator_settings":{"template":"highway","default_image_id":0,"font":"","enabled":false},"version":2},"jetpack_post_was_ever_published":false},"categories":[90],"tags":[],"class_list":["post-152239","post","type-post","status-publish","format-standard","has-post-thumbnail","hentry","category-estatal","post--single"],"jetpack_publicize_connections":[],"jetpack_featured_media_url":"https:\/\/ovelanalista.com\/wp-content\/uploads\/2026\/09\/Captura-de-Pantalla-2026-09-03-a-las-11.18.03.png","jetpack_sharing_enabled":true,"_links":{"self":[{"href":"https:\/\/ovelanalista.com\/index.php?rest_route=\/wp\/v2\/posts\/152239","targetHints":{"allow":["GET"]}}],"collection":[{"href":"https:\/\/ovelanalista.com\/index.php?rest_route=\/wp\/v2\/posts"}],"about":[{"href":"https:\/\/ovelanalista.com\/index.php?rest_route=\/wp\/v2\/types\/post"}],"author":[{"embeddable":true,"href":"https:\/\/ovelanalista.com\/index.php?rest_route=\/wp\/v2\/users\/3"}],"replies":[{"embeddable":true,"href":"https:\/\/ovelanalista.com\/index.php?rest_route=%2Fwp%2Fv2%2Fcomments&post=152239"}],"version-history":[{"count":1,"href":"https:\/\/ovelanalista.com\/index.php?rest_route=\/wp\/v2\/posts\/152239\/revisions"}],"predecessor-version":[{"id":152242,"href":"https:\/\/ovelanalista.com\/index.php?rest_route=\/wp\/v2\/posts\/152239\/revisions\/152242"}],"wp:featuredmedia":[{"embeddable":true,"href":"https:\/\/ovelanalista.com\/index.php?rest_route=\/wp\/v2\/media\/152241"}],"wp:attachment":[{"href":"https:\/\/ovelanalista.com\/index.php?rest_route=%2Fwp%2Fv2%2Fmedia&parent=152239"}],"wp:term":[{"taxonomy":"category","embeddable":true,"href":"https:\/\/ovelanalista.com\/index.php?rest_route=%2Fwp%2Fv2%2Fcategories&post=152239"},{"taxonomy":"post_tag","embeddable":true,"href":"https:\/\/ovelanalista.com\/index.php?rest_route=%2Fwp%2Fv2%2Ftags&post=152239"}],"curies":[{"name":"wp","href":"https:\/\/api.w.org\/{rel}","templated":true}]}}