{"id":152246,"date":"2026-09-03T16:00:16","date_gmt":"2026-09-03T23:00:16","guid":{"rendered":"https:\/\/ovelanalista.com\/?p=152246"},"modified":"2026-09-03T11:35:20","modified_gmt":"2026-09-03T18:35:20","slug":"violencia-alcanza-a-estudiantes-suman-mas-de-10-asesinatos-ligados-a-jovenes-en-culiacan","status":"publish","type":"post","link":"https:\/\/ovelanalista.com\/?p=152246","title":{"rendered":"Violencia alcanza a estudiantes: suman m\u00e1s de 10 asesinatos ligados a j\u00f3venes en Culiac\u00e1n"},"content":{"rendered":"<p>El asesinato de un estudiante de 17 a\u00f1os frente a Ciudad Universitaria, ocurrido este mi\u00e9rcoles 2 de septiembre, vuelve a poner el foco sobre la violencia que atraviesa Sinaloa, desde el inicio de la guerra de c\u00e1rteles en 2024<\/p>\n<p class=\"Typography_text-l__QLRR8 Typography_weight-bold__uT6mq\">Beatriz Le\u00f3n<\/p>\n<p class=\"Typography_text-default__P3otY Typography_weight-normal__pqUbH Typography_text-default__P3otY Typography_weight-normal__pqUbH\"><b class=\"bold\">Culiac\u00e1n, Sin.-<\/b>\u00a0La\u00a0<b class=\"bold\">violencia que golpea a Sinaloa desde 2024,<\/b>\u00a0tambi\u00e9n ha alcanzado a j\u00f3venes que estudiaban, practicaban deporte o comenzaban su vida profesional. En los \u00faltimos dos a\u00f1os,\u00a0<b class=\"bold\">al menos seis estudiantes o egresados recientes de la Universidad Aut\u00f3noma de Sinaloa (UAS)<\/b>\u00a0han sido asesinados o han perdido la vida en hechos violentos en distintos puntos de la capital sinaloense.<\/p>\n<div class=\"ad-wrapper mexico-nota-1x1 relative min-h-[var(--ad-slot-mh-mobile)] w-full max-w-full overflow-hidden md:min-h-[var(--ad-slot-mh-web)]\">\n<div id=\"\/2000002\/elsoldesinaloa\/mexico_nota_1x1\" class=\"ad mexico-nota-1x1 relative block !w-full !max-w-full overflow-hidden min-h-[1px]\" data-google-query-id=\"CNfc_NqE05YDFX0KKwgdsMEnQw\">\n<div id=\"google_ads_iframe_\/2000002\/elsoldesinaloa\/mexico_nota_1x1_0__container__\"><\/div>\n<\/div>\n<\/div>\n<p class=\"Typography_text-default__P3otY Typography_weight-normal__pqUbH Typography_text-default__P3otY Typography_weight-normal__pqUbH\">El caso m\u00e1s reciente es el de\u00a0<b class=\"bold\">Junior Alexis N<\/b>, estudiante de 17 a\u00f1os de la Facultad de Contadur\u00eda y Administraci\u00f3n, quien fue\u00a0<b class=\"bold\">atacado a balazos este mi\u00e9rcoles 2 de septiembre<\/b>\u00a0en las inmediaciones de Ciudad Universitaria.<\/p>\n<div class=\"integration-container w-full\"><\/div>\n<p class=\"Typography_text-default__P3otY Typography_weight-normal__pqUbH Typography_text-default__P3otY Typography_weight-normal__pqUbH\">Su muerte se suma a una serie de casos que han dejado bajo el reflector la situaci\u00f3n de los j\u00f3venes sinaloenses, varios de ellos v\u00edctimas de ataques armados, enfrentamientos o hechos cuya investigaci\u00f3n permanece abierta.<\/p>\n<p class=\"Typography_text-default__P3otY Typography_weight-normal__pqUbH Typography_text-default__P3otY Typography_weight-normal__pqUbH\">Uno de los episodios que m\u00e1s conmocion\u00f3 a la comunidad universitaria ocurri\u00f3 el\u00a0<b class=\"bold\">24 de octubre de 2024<\/b>, cuando\u00a0<b class=\"bold\">Jason Zavala Rodr\u00edguez<\/b>, estudiante de Medicina, y\u00a0<b class=\"bold\">Yukhie Adaly Lee Espinoza<\/b>, alumna de Arquitectura,\u00a0<b class=\"bold\">murieron durante una persecuci\u00f3n a balazos<\/b>\u00a0que comenz\u00f3 en el\u00a0<b class=\"bold\">bulevar Agricultores<\/b>\u00a0y continu\u00f3 por la\u00a0<b class=\"bold\">calzada Heroico Colegio Militar<\/b>. Ambos viajaban en un autom\u00f3vil cuando fueron interceptados por hombres armados.<\/p>\n<p class=\"Typography_text-default__P3otY Typography_weight-normal__pqUbH Typography_text-default__P3otY Typography_weight-normal__pqUbH\">En\u00a0<b class=\"bold\">julio de 2025<\/b>,\u00a0<b class=\"bold\">Jorge Axel<\/b>\u00a0de 16 a\u00f1os, estudiante de preparatoria de la UAS fue localizado en la colonia Loma de Rodriguera,\u00a0<b class=\"bold\">con impactos de bala y las manos atadas<\/b>, despu\u00e9s de haber sido privado de la vida.<\/p>\n<p class=\"Typography_text-default__P3otY Typography_weight-normal__pqUbH Typography_text-default__P3otY Typography_weight-normal__pqUbH\">De acuerdo con reportes period\u00edsticos, el joven sali\u00f3 de su domicilio en el fraccionamiento\u00a0<b class=\"bold\">Los Mezcales<\/b>, alrededor de las\u00a0<b class=\"bold\">10 de la noche<\/b>, con la intenci\u00f3n de acudir a un Oxxo en la colonia Lombardo Toledano. Sin embargo, ya no regres\u00f3 a casa.<img loading=\"lazy\" decoding=\"async\" class=\"alignnone size-medium wp-image-152252\" src=\"https:\/\/ovelanalista.com\/wp-content\/uploads\/2026\/09\/Captura-de-Pantalla-2026-09-03-a-las-11.30.10-300x167.png\" alt=\"\" width=\"300\" height=\"167\" srcset=\"https:\/\/ovelanalista.com\/wp-content\/uploads\/2026\/09\/Captura-de-Pantalla-2026-09-03-a-las-11.30.10-300x167.png 300w, https:\/\/ovelanalista.com\/wp-content\/uploads\/2026\/09\/Captura-de-Pantalla-2026-09-03-a-las-11.30.10-1024x571.png 1024w, https:\/\/ovelanalista.com\/wp-content\/uploads\/2026\/09\/Captura-de-Pantalla-2026-09-03-a-las-11.30.10-768x428.png 768w, https:\/\/ovelanalista.com\/wp-content\/uploads\/2026\/09\/Captura-de-Pantalla-2026-09-03-a-las-11.30.10-400x223.png 400w, https:\/\/ovelanalista.com\/wp-content\/uploads\/2026\/09\/Captura-de-Pantalla-2026-09-03-a-las-11.30.10-750x418.png 750w, https:\/\/ovelanalista.com\/wp-content\/uploads\/2026\/09\/Captura-de-Pantalla-2026-09-03-a-las-11.30.10-1140x636.png 1140w, https:\/\/ovelanalista.com\/wp-content\/uploads\/2026\/09\/Captura-de-Pantalla-2026-09-03-a-las-11.30.10.png 1514w\" sizes=\"auto, (max-width: 300px) 100vw, 300px\" \/><\/p>\n<p class=\"Typography_text-default__P3otY Typography_weight-normal__pqUbH Typography_text-default__P3otY Typography_weight-normal__pqUbH\">La violencia volvi\u00f3 a cobrar la vida de un joven universitario el\u00a0<b class=\"bold\">13 de enero de 2026<\/b>, cuando\u00a0<b class=\"bold\">Fernando Alan Ch\u00e1idez<\/b>, reci\u00e9n egresado de Derecho de la UAS,\u00a0<b class=\"bold\">muri\u00f3 al quedar atrapado en un enfrentamiento entre fuerzas de seguridad y civiles armados<\/b>\u00a0en la colonia Tierra Blanca, en Culiac\u00e1n.<\/p>\n<p class=\"Typography_text-default__P3otY Typography_weight-normal__pqUbH Typography_text-default__P3otY Typography_weight-normal__pqUbH\">El joven viajaba en su autom\u00f3vil acompa\u00f1ado de su novia cuando el veh\u00edculo qued\u00f3 en medio de la balacera. Ambos resultaron heridos, pero Fernando Alan perdi\u00f3 la vida. Su familia posteriormente exigi\u00f3 que se esclarecieran las circunstancias de su muerte y rechaz\u00f3 que se le relacionara con actividades criminales.<\/p>\n<p class=\"Typography_text-default__P3otY Typography_weight-normal__pqUbH Typography_text-default__P3otY Typography_weight-normal__pqUbH\">Casi un mes despu\u00e9s, el\u00a0<b class=\"bold\">11 de febrero de 2026<\/b>, fue asesinado\u00a0<b class=\"bold\">Ricardo Mizael L\u00f3pez Cebreros<\/b>, estudiante de la Preparatoria Emiliano Zapata y jugador de basquetbol de la UAS.<\/p>\n<p class=\"Typography_text-default__P3otY Typography_weight-normal__pqUbH Typography_text-default__P3otY Typography_weight-normal__pqUbH\">El adolescente, de 16 a\u00f1os,\u00a0<b class=\"bold\">fue atacado a balazos mientras se dirig\u00eda a una farmacia para comprar un biber\u00f3n y alimento para unos gatos que hab\u00eda rescatado<\/b>. El ataque ocurri\u00f3 en el sector Los \u00c1ngeles; Ricardo muri\u00f3 en el lugar.<\/p>\n<p class=\"Typography_text-default__P3otY Typography_weight-normal__pqUbH Typography_text-default__P3otY Typography_weight-normal__pqUbH\">A estos casos se suma ahora el atentado contra\u00a0<b class=\"bold\">Junior Alexis N<\/b>, cuyo asesinato frente a Ciudad Universitaria vuelve a colocar a los estudiantes en medio de una realidad marcada por la inseguridad.<\/p>\n<h3 class=\"Typography_text-xl__yFuoP Typography_weight-normal__pqUbH SubHead_sub-head__PVEMA\">Ni\u00f1os y j\u00f3venes de otras escuelas, tambi\u00e9n v\u00edctimas de la violencia<\/h3>\n<p class=\"Typography_text-default__P3otY Typography_weight-normal__pqUbH Typography_text-default__P3otY Typography_weight-normal__pqUbH\">Adem\u00e1s de los casos relacionados con la\u00a0<b class=\"bold\">Universidad Aut\u00f3noma de Sinaloa<\/b>, alumnos de otras instituciones educativas tambi\u00e9n han sido v\u00edctimas de la violencia en Culiac\u00e1n.\u00a0<b class=\"bold\">Gael Antonio, Alexander y Danna Sof\u00eda<\/b>\u00a0perdieron la vida en distintos hechos armados durante 2025.<\/p>\n<p class=\"Typography_text-default__P3otY Typography_weight-normal__pqUbH Typography_text-default__P3otY Typography_weight-normal__pqUbH\"><b class=\"bold\">Gael Antonio\u00a0<\/b>de 12 a\u00f1os y\u00a0<b class=\"bold\">Alexander<\/b>\u00a0de 9 a\u00f1os, fallecieron en\u00a0<b class=\"bold\">enero de 2025<\/b>\u00a0despu\u00e9s de recibir impactos de bala durante un ataque contra la camioneta en la que viajaban junto a su padre, en el sector\u00a0<b class=\"bold\">Los \u00c1ngeles<\/b>, en Culiac\u00e1n.<\/p>\n<p class=\"Typography_text-default__P3otY Typography_weight-normal__pqUbH Typography_text-default__P3otY Typography_weight-normal__pqUbH\">Los menores estudiantes de nivel b\u00e1sico fueron trasladados al\u00a0<b class=\"bold\">Hospital Pedi\u00e1trico de Sinaloa<\/b>, donde posteriormente fallecieron a consecuencia de las heridas.<\/p>\n<figure class=\"Picture_picture__jeuFM\"><figcaption><span class=\"Typography_text-default__P3otY Typography_weight-normal__pqUbH Typography_text-xs__Hgkfb Typography_weight-normal__pqUbH\">Realizan marcha por la paz en Culiac\u00e1n como muestra de indignaci\u00f3n ante el asesinato de Gael y Alexander. (23 de enero del 2025).<\/span>\u00a0\/\u00a0<span class=\"Typography_text-default__P3otY Typography_weight-normal__pqUbH Typography_text-xs__Hgkfb Typography_weight-normal__pqUbH\">Foto: Iv\u00e1n Medina \/ El Sol de Sinaloa<\/span><\/figcaption><\/figure>\n<p class=\"Typography_text-default__P3otY Typography_weight-normal__pqUbH Typography_text-default__P3otY Typography_weight-normal__pqUbH\">Otro caso fue el de\u00a0<b class=\"bold\">Danna Sof\u00eda<\/b>, de\u00a0<b class=\"bold\">12 a\u00f1os<\/b>, alumna de la\u00a0<b class=\"bold\">Secundaria General No. 4 \u201cPablo de Villavicencio\u201d<\/b>. La menor\u00a0<b class=\"bold\">muri\u00f3 el 24 de marzo de 2025<\/b>, luego de quedar en medio de un enfrentamiento armado mientras viajaba en un veh\u00edculo por la zona de\u00a0<b class=\"bold\">Villas del Real y Stanza Torralba<\/b>.<\/p>\n<p class=\"Typography_text-default__P3otY Typography_weight-normal__pqUbH Typography_text-default__P3otY Typography_weight-normal__pqUbH\">Tras su muerte, la comunidad de la Secundaria General No. 4 expres\u00f3 p\u00fablicamente sus condolencias y posteriormente se realizaron acciones en su memoria.<\/p>\n<p class=\"Typography_text-default__P3otY Typography_weight-normal__pqUbH Typography_text-default__P3otY Typography_weight-normal__pqUbH\">El caso de\u00a0<b class=\"bold\">Julio C\u00e9sar Arredondo Boj\u00f3rquez<\/b>, estudiante de Arquitectura de 21 a\u00f1os, tambi\u00e9n forma parte de este recuento. El joven\u00a0<b class=\"bold\">desapareci\u00f3 el 20 de julio de 2026<\/b>\u00a0y, 12 d\u00edas despu\u00e9s, fueron localizados restos humanos en bolsas de basura, en el paseo Ni\u00f1os H\u00e9roes, conocido como el malec\u00f3n viejo, en Culiac\u00e1n.<\/p>\n<figure class=\"Picture_picture__jeuFM\"><img loading=\"lazy\" decoding=\"async\" class=\"alignnone  wp-image-152251\" src=\"https:\/\/ovelanalista.com\/wp-content\/uploads\/2026\/09\/Captura-de-Pantalla-2026-09-03-a-las-11.28.34-300x175.png\" alt=\"\" width=\"706\" height=\"412\" srcset=\"https:\/\/ovelanalista.com\/wp-content\/uploads\/2026\/09\/Captura-de-Pantalla-2026-09-03-a-las-11.28.34-300x175.png 300w, https:\/\/ovelanalista.com\/wp-content\/uploads\/2026\/09\/Captura-de-Pantalla-2026-09-03-a-las-11.28.34-1024x596.png 1024w, https:\/\/ovelanalista.com\/wp-content\/uploads\/2026\/09\/Captura-de-Pantalla-2026-09-03-a-las-11.28.34-768x447.png 768w, https:\/\/ovelanalista.com\/wp-content\/uploads\/2026\/09\/Captura-de-Pantalla-2026-09-03-a-las-11.28.34-400x233.png 400w, https:\/\/ovelanalista.com\/wp-content\/uploads\/2026\/09\/Captura-de-Pantalla-2026-09-03-a-las-11.28.34-1140x663.png 1140w, https:\/\/ovelanalista.com\/wp-content\/uploads\/2026\/09\/Captura-de-Pantalla-2026-09-03-a-las-11.28.34.png 1464w\" sizes=\"auto, (max-width: 706px) 100vw, 706px\" \/><\/figure>\n<p class=\"Typography_text-default__P3otY Typography_weight-normal__pqUbH Typography_text-default__P3otY Typography_weight-normal__pqUbH\">Tras realizar pruebas periciales y gen\u00e9ticas, el\u00a0<b class=\"bold\">1 de agosto se confirm\u00f3 que los restos correspond\u00edan a Julio C\u00e9sar<\/b>, poniendo fin a d\u00edas de b\u00fasqueda por parte de sus familiares, amigos y compa\u00f1eros universitarios.<\/p>\n<p class=\"Typography_text-default__P3otY Typography_weight-normal__pqUbH Typography_text-default__P3otY Typography_weight-normal__pqUbH\">M\u00e1s all\u00e1 de las circunstancias particulares de cada caso, las historias tienen un punto en com\u00fan:\u00a0<b class=\"bold\">ni\u00f1os, ni\u00f1as y j\u00f3venes que ten\u00edan una vida ligada a las aulas, al deporte, al trabajo o a sus familias y que terminaron como v\u00edctimas de la violencia que, desde hace dos a\u00f1os, atraviesa Sinaloa<\/b>.<\/p>\n<p>&nbsp;<\/p>\n<p>Con informaci\u00f3n de El Sol de Sinaloa<\/p>\n","protected":false},"excerpt":{"rendered":"<p>El asesinato de un estudiante de 17 a\u00f1os frente a Ciudad Universitaria, ocurrido este mi\u00e9rcoles 2 de septiembre, vuelve a poner el foco sobre la violencia que atraviesa Sinaloa, desde el inicio de la guerra de c\u00e1rteles en 2024 Beatriz Le\u00f3n Culiac\u00e1n, Sin.-\u00a0La\u00a0violencia que golpea a Sinaloa desde 2024,\u00a0tambi\u00e9n ha alcanzado a j\u00f3venes que estudiaban, practicaban deporte o comenzaban su vida profesional. En los \u00faltimos dos a\u00f1os,\u00a0al menos seis estudiantes o egresados recientes de la Universidad Aut\u00f3noma de Sinaloa (UAS)\u00a0han sido asesinados o han perdido la vida en hechos violentos en distintos puntos de la capital sinaloense. El caso m\u00e1s [&hellip;]<\/p>\n","protected":false},"author":3,"featured_media":152250,"comment_status":"open","ping_status":"open","sticky":false,"template":"","format":"standard","meta":{"_jetpack_newsletter_access":"","_jetpack_dont_email_post_to_subs":false,"_jetpack_newsletter_tier_id":0,"_jetpack_memberships_contains_paywalled_content":false,"_jetpack_feature_clip_id":0,"_jetpack_memberships_contains_paid_content":false,"footnotes":"","jetpack_publicize_message":"","jetpack_publicize_feature_enabled":true,"jetpack_social_post_already_shared":true,"jetpack_social_options":{"image_generator_settings":{"template":"highway","default_image_id":0,"font":"","enabled":false},"version":2},"jetpack_post_was_ever_published":false},"categories":[90,72],"tags":[],"class_list":["post-152246","post","type-post","status-publish","format-standard","has-post-thumbnail","hentry","category-estatal","category-portada","post--single"],"jetpack_publicize_connections":[],"jetpack_featured_media_url":"https:\/\/ovelanalista.com\/wp-content\/uploads\/2026\/09\/Captura-de-Pantalla-2026-09-03-a-las-11.27.08.png","jetpack_sharing_enabled":true,"_links":{"self":[{"href":"https:\/\/ovelanalista.com\/index.php?rest_route=\/wp\/v2\/posts\/152246","targetHints":{"allow":["GET"]}}],"collection":[{"href":"https:\/\/ovelanalista.com\/index.php?rest_route=\/wp\/v2\/posts"}],"about":[{"href":"https:\/\/ovelanalista.com\/index.php?rest_route=\/wp\/v2\/types\/post"}],"author":[{"embeddable":true,"href":"https:\/\/ovelanalista.com\/index.php?rest_route=\/wp\/v2\/users\/3"}],"replies":[{"embeddable":true,"href":"https:\/\/ovelanalista.com\/index.php?rest_route=%2Fwp%2Fv2%2Fcomments&post=152246"}],"version-history":[{"count":1,"href":"https:\/\/ovelanalista.com\/index.php?rest_route=\/wp\/v2\/posts\/152246\/revisions"}],"predecessor-version":[{"id":152257,"href":"https:\/\/ovelanalista.com\/index.php?rest_route=\/wp\/v2\/posts\/152246\/revisions\/152257"}],"wp:featuredmedia":[{"embeddable":true,"href":"https:\/\/ovelanalista.com\/index.php?rest_route=\/wp\/v2\/media\/152250"}],"wp:attachment":[{"href":"https:\/\/ovelanalista.com\/index.php?rest_route=%2Fwp%2Fv2%2Fmedia&parent=152246"}],"wp:term":[{"taxonomy":"category","embeddable":true,"href":"https:\/\/ovelanalista.com\/index.php?rest_route=%2Fwp%2Fv2%2Fcategories&post=152246"},{"taxonomy":"post_tag","embeddable":true,"href":"https:\/\/ovelanalista.com\/index.php?rest_route=%2Fwp%2Fv2%2Ftags&post=152246"}],"curies":[{"name":"wp","href":"https:\/\/api.w.org\/{rel}","templated":true}]}}