{"id":152247,"date":"2026-09-03T15:30:04","date_gmt":"2026-09-03T22:30:04","guid":{"rendered":"https:\/\/ovelanalista.com\/?p=152247"},"modified":"2026-09-03T11:26:17","modified_gmt":"2026-09-03T18:26:17","slug":"gobierno-federal-alista-reunion-con-graciela-dominguez-gobernadora-interina-de-sinaloa","status":"publish","type":"post","link":"https:\/\/ovelanalista.com\/?p=152247","title":{"rendered":"Gobierno federal alista reuni\u00f3n con Graciela Dom\u00ednguez, gobernadora interina de Sinaloa"},"content":{"rendered":"<h5 class=\"article-subheadline text-align-left\">Claudia Sheinbaum Pardo viajar\u00e1 a la entidad como parte de sus giras para presentar su Segundo Informe de Gobierno<\/h5>\n<p><strong>Merary Nu\u00f1ez<\/strong><\/p>\n<p>&nbsp;<\/p>\n<p class=\"paragraph\" data-paragraph-number=\"1\" data-mrf-recirculation=\"Links inline\">La presidenta\u00a0<b>Claudia Sheinbaum Pardo\u00a0<\/b>confirm\u00f3 que se reunir\u00e1 con\u00a0<b>Graciela Dom\u00ednguez Nava<\/b>, gobernadora interina de\u00a0<b>Sinaloa<\/b>, quien asumi\u00f3 el mando tras la segunda solicitud de licencia de\u00a0<b>Rub\u00e9n Rocha Moya.\u00a0<\/b>En su conferencia de prensa\u00a0<a title=\"https:\/\/www.infobae.com\/mexico\/2026\/09\/03\/en-vivo-la-mananera-de-la-presidenta-claudia-sheinbaum-hoy-jueves-3-de-septiembre\/\" href=\"https:\/\/www.infobae.com\/mexico\/2026\/09\/03\/en-vivo-la-mananera-de-la-presidenta-claudia-sheinbaum-hoy-jueves-3-de-septiembre\/\" target=\"_blank\" rel=\"noopener noreferrer\" data-mrf-link=\"https:\/\/www.infobae.com\/mexico\/2026\/09\/03\/en-vivo-la-mananera-de-la-presidenta-claudia-sheinbaum-hoy-jueves-3-de-septiembre\/\"><i>La Ma\u00f1anera del Pueblo<\/i>\u00a0<\/a>de este 3 de septiembre, Sheinbaum aclar\u00f3 que no ha conversado con la funcionaria estatal desde su toma de protesta.<\/p>\n<div class=\"marfeel-recommender marfeel-recommender-1\">\n<div class=\"news-module\" data-mrf-recirculation=\"IL_R39lR29QRlSs1ffrOXc4Ng\" data-testid=\"text-html\" data-mrf-experience=\"IL_R39lR29QRlSs1ffrOXc4Ng\">\n<div class=\"recommended-card__image-container\"><img loading=\"lazy\" decoding=\"async\" class=\"recommended-card__image lazyload\" src=\"https:\/\/www.infobae.com\/resizer\/v2\/F4RYEQLN3FBDLPIDY64Y7GLHKA.jpg?auth=f1f23a929924a6058da3661308a06e099c93c0a710e639f8ab0a64856473fa37&amp;smart=true&amp;width=256&amp;height=140&amp;quality=85\" sizes=\"auto, (min-width: 800px) 50vw, 90vw\" alt=\"Identifican a la joven asesinada junto a Jonathan Mel\u00e9ndez y su familia en Atizap\u00e1n\" width=\"16\" height=\"9\" data-src=\"https:\/\/www.infobae.com\/resizer\/v2\/F4RYEQLN3FBDLPIDY64Y7GLHKA.jpg?auth=f1f23a929924a6058da3661308a06e099c93c0a710e639f8ab0a64856473fa37&amp;smart=true&amp;width=256&amp;height=140&amp;quality=85\" \/><\/div>\n<div class=\"recommended-card__info\"><span class=\"recommended-card__info-interest-you\">Te puede interesar:<\/span><span class=\"recommended-card__info-title\">Identifican a la joven asesinada junto a Jonathan Mel\u00e9ndez y su familia en Atizap\u00e1n<\/span><\/p>\n<div class=\"recommended-card__info-button recommended-card__info-button--deportes\"><\/div>\n<\/div>\n<\/div>\n<\/div>\n<p class=\"paragraph\" data-paragraph-number=\"2\" data-mrf-recirculation=\"Links inline\">La reuni\u00f3n entre Dom\u00ednguez y Sheinbaum se llevar\u00e1 a cabo el pr\u00f3ximo\u00a0<b>domingo 20 de septiembre<\/b>, como parte de su gira por los 32 estados de la Rep\u00fablica para dar su\u00a0<b>segundo informe de Gobierno: \u201cNos toca ir en las giras a Sinaloa, el 20 e septiembre y hay m\u00e1s oportunidad de platicar con ella\u201d,<\/b>\u00a0dijo la presidenta.<\/p>\n<div class=\"inline ad-wrapper dfpAd ad-inline ad-text ad-component-container\" data-ad-wrapper=\"arcad\" data-ad-type=\"inline\" data-ad-slot=\"infobae\/mexico\/nota\/inline\" data-ad-container=\"dfp\" data-ad-slot-name=\"infobae\/mexico\/nota\/inline\">\n<p class=\"ad-shell-label\">PUBLICIDAD<\/p>\n<\/div>\n<p class=\"paragraph\" data-paragraph-number=\"3\" data-mrf-recirculation=\"Links inline\">Sheinbaum dijo que el\u00a0<b>Gabinete de Seguridad\u00a0<\/b>tambi\u00e9n visitar\u00e1 la entidad, como parte de sus reuniones peri\u00f3dicas para atender la seguridad en\u00a0<b>Sinaloa.<\/b><\/p>\n<div class=\"marfeel-recommender marfeel-recommender-3\">\n<div class=\"news-module\" data-mrf-recirculation=\"IL_lWS2EA6iQUyxu3m60hpKkw\" data-testid=\"text-html\" data-mrf-experience=\"IL_lWS2EA6iQUyxu3m60hpKkw\">\n<div class=\"recommended-card__image-container\"><img loading=\"lazy\" decoding=\"async\" class=\"recommended-card__image lazyload\" src=\"https:\/\/www.infobae.com\/resizer\/v2\/FYKGJZQ6PJAIRMQ4XHNG6Q63LY.jpg?auth=f9ee5e05b3fde9d48eb4ab299035b5fa3688e45832ed304dce84ab0fefbb3a67&amp;smart=true&amp;width=256&amp;height=140&amp;quality=85\" sizes=\"auto, (min-width: 800px) 50vw, 90vw\" alt=\"V\u00edctima revela c\u00f3mo el presunto asesino de Jonathan Mel\u00e9ndez y su esposa lo estafaron con 400 mil pesos: \u201cEran muy cautivadores\u201d\" width=\"16\" height=\"9\" data-src=\"https:\/\/www.infobae.com\/resizer\/v2\/FYKGJZQ6PJAIRMQ4XHNG6Q63LY.jpg?auth=f9ee5e05b3fde9d48eb4ab299035b5fa3688e45832ed304dce84ab0fefbb3a67&amp;smart=true&amp;width=256&amp;height=140&amp;quality=85\" \/><\/div>\n<div class=\"recommended-card__info\"><span class=\"recommended-card__info-interest-you\">Te puede interesar:<\/span><span class=\"recommended-card__info-title\">V\u00edctima revela c\u00f3mo el presunto asesino de Jonathan Mel\u00e9ndez y su esposa lo estafaron con 400 mil pesos: \u201cEran muy cautivadores\u201d<\/span><\/p>\n<div class=\"recommended-card__info-button recommended-card__info-button--deportes\"><\/div>\n<\/div>\n<\/div>\n<\/div>\n<h2 id=\"graciela-dominguez-trabajara-de-la-mano-con-el-gobierno-de-mexico\" class=\"text-align-left vertical-align-top line-height-100 header headline-class-h2 headline\">Graciela Dom\u00ednguez trabajar\u00e1 de la mano con el gobierno de M\u00e9xico<\/h2>\n<p class=\"paragraph\" data-paragraph-number=\"4\" data-mrf-recirculation=\"Links inline\">Desde que la gobernadora interina de\u00a0<b>Sinaloa\u00a0<\/b>tom\u00f3 protesta, manifest\u00f3 su respaldo al proyecto de la presidenta<b>\u00a0Claudia Sheinbaum Pardo<\/b>\u00a0y se\u00f1al\u00f3 que colaborar\u00eda con ella para alcanzar su objetivo de \u201cpacificar\u201d al estado. La jefa del Ejecutivo tambi\u00e9n expres\u00f3 su respaldo a la gobernadora, a quien calific\u00f3 como una mujer \u201chonesta\u201d.<\/p>\n<p class=\"paragraph\" data-paragraph-number=\"5\" data-mrf-recirculation=\"Links inline\">Con poco m\u00e1s de una semana al frente de su nuevo cargo,<a title=\"https:\/\/www.infobae.com\/mexico\/2026\/08\/28\/graciela-dominguez-alista-junto-al-gobierno-federal-el-plan-de-seguridad-en-sinaloa-van-por-recuperar-economia-y-pacificar-al-estado\/\" href=\"https:\/\/www.infobae.com\/mexico\/2026\/08\/28\/graciela-dominguez-alista-junto-al-gobierno-federal-el-plan-de-seguridad-en-sinaloa-van-por-recuperar-economia-y-pacificar-al-estado\/\" target=\"_blank\" rel=\"noopener noreferrer\" data-mrf-link=\"https:\/\/www.infobae.com\/mexico\/2026\/08\/28\/graciela-dominguez-alista-junto-al-gobierno-federal-el-plan-de-seguridad-en-sinaloa-van-por-recuperar-economia-y-pacificar-al-estado\/\">\u00a0<b>Graciela Dom\u00ednguez<\/b><\/a><b>\u00a0<\/b>ha dado inicio a la elaboraci\u00f3n de un\u00a0<b>Plan Integral de Seguridad\u00a0<\/b>y<b>\u00a0Gobernabilidad<\/b>\u00a0junto con la Federaci\u00f3n, adem\u00e1s de entregas de apoyos para microempresas y una agenda de di\u00e1logo en los 20 municipios del estado.<\/p>\n<p data-paragraph-number=\"5\" data-mrf-recirculation=\"Links inline\"><img loading=\"lazy\" decoding=\"async\" class=\"aligncenter\" src=\"https:\/\/www.infobae.com\/resizer\/v2\/5HD3RCUY2RF6XEDUZHVNDPLDLQ.png?auth=1d0732a2b1124a9294b2a271a93679798a37a82bbdf50f738057b506b2294120&amp;smart=true&amp;width=350&amp;height=197&amp;quality=85\" alt=\"Graciela Dom\u00ednguez alista junto al gobierno federal el Plan de Seguridad de Sinaloa. (Foto: Gob. Sinaloa)\" width=\"686\" height=\"386\" \/><\/p>\n<p class=\"paragraph\" data-paragraph-number=\"6\" data-mrf-recirculation=\"Links inline\">Dom\u00ednguez plantea dos l\u00edneas de trabajo:\u00a0<b>fortalecer las tareas de seguridad y ampliar la atenci\u00f3n a las causas sociales.<\/b>\u00a0La mandataria sostiene que ambas rutas buscan recuperar la confianza de la poblaci\u00f3n en las instituciones estatales.<\/p>\n<p class=\"paragraph\" data-paragraph-number=\"7\" data-mrf-recirculation=\"Links inline\">La gobernadora afirma que su administraci\u00f3n profundiza los apoyos dirigidos a la recuperaci\u00f3n econ\u00f3mica. El planteamiento liga la entrega de apoyos con una pol\u00edtica de seguridad. La intenci\u00f3n es que la recuperaci\u00f3n econ\u00f3mica y la intervenci\u00f3n en problemas sociales formen parte de la estrategia para disminuir la violencia en el estado.<\/p>\n<h2 id=\"la-mesa-de-seguridad-opera-todos-los-dias\" class=\"text-align-left vertical-align-top line-height-100 header headline-class-h2 headline\">La mesa de seguridad opera todos los d\u00edas<\/h2>\n<p class=\"paragraph\" data-paragraph-number=\"8\" data-mrf-recirculation=\"Links inline\">Desde su llegada al gobierno estatal,<b>\u00a0Dom\u00ednguez Nava<\/b>\u00a0informa que trabaja diariamente con la mesa de seguridad. La gobernadora asegura que existe seguimiento puntual a los distintos frentes de atenci\u00f3n en Sinaloa.<\/p>\n<p data-paragraph-number=\"8\" data-mrf-recirculation=\"Links inline\"><img loading=\"lazy\" decoding=\"async\" class=\"aligncenter\" src=\"https:\/\/www.infobae.com\/resizer\/v2\/NG7FX3TBN5FB5J2GCRX2CEWQNE.png?auth=434d592788a30ce4c5bcb9b4a4fe8286a58ea0039aa4a06eee8d0d140a2f0bed&amp;smart=true&amp;width=350&amp;height=195&amp;quality=85\" alt=\"Graciela Dom\u00ednguez asume la gubernatura y re\u00fane a su gabinete.\" width=\"949\" height=\"529\" \/><\/p>\n<p data-paragraph-number=\"8\" data-mrf-recirculation=\"Links inline\">La primera etapa de su administraci\u00f3n incluye reuniones con sectores organizados y ciudadanos. Dom\u00ednguez dice qu<b>e privilegiar\u00e1 el di\u00e1logo<\/b>\u00a0para conocer las demandas de las comunidades y construir propuestas con los integrantes de su gabinete.<\/p>\n<p data-paragraph-number=\"8\" data-mrf-recirculation=\"Links inline\">\n<p data-paragraph-number=\"8\" data-mrf-recirculation=\"Links inline\">Con informaci\u00f3n de Infobae<\/p>\n<p data-paragraph-number=\"5\" data-mrf-recirculation=\"Links inline\">\n","protected":false},"excerpt":{"rendered":"<p>Claudia Sheinbaum Pardo viajar\u00e1 a la entidad como parte de sus giras para presentar su Segundo Informe de Gobierno Merary Nu\u00f1ez &nbsp; La presidenta\u00a0Claudia Sheinbaum Pardo\u00a0confirm\u00f3 que se reunir\u00e1 con\u00a0Graciela Dom\u00ednguez Nava, gobernadora interina de\u00a0Sinaloa, quien asumi\u00f3 el mando tras la segunda solicitud de licencia de\u00a0Rub\u00e9n Rocha Moya.\u00a0En su conferencia de prensa\u00a0La Ma\u00f1anera del Pueblo\u00a0de este 3 de septiembre, Sheinbaum aclar\u00f3 que no ha conversado con la funcionaria estatal desde su toma de protesta. Te puede interesar:Identifican a la joven asesinada junto a Jonathan Mel\u00e9ndez y su familia en Atizap\u00e1n La reuni\u00f3n entre Dom\u00ednguez y Sheinbaum se llevar\u00e1 a cabo [&hellip;]<\/p>\n","protected":false},"author":3,"featured_media":152248,"comment_status":"open","ping_status":"open","sticky":false,"template":"","format":"standard","meta":{"_jetpack_newsletter_access":"","_jetpack_dont_email_post_to_subs":false,"_jetpack_newsletter_tier_id":0,"_jetpack_memberships_contains_paywalled_content":false,"_jetpack_feature_clip_id":0,"_jetpack_memberships_contains_paid_content":false,"footnotes":"","jetpack_publicize_message":"","jetpack_publicize_feature_enabled":true,"jetpack_social_post_already_shared":true,"jetpack_social_options":{"image_generator_settings":{"template":"highway","default_image_id":0,"font":"","enabled":false},"version":2},"jetpack_post_was_ever_published":false},"categories":[90,75],"tags":[],"class_list":["post-152247","post","type-post","status-publish","format-standard","has-post-thumbnail","hentry","category-estatal","category-nacional","post--single"],"jetpack_publicize_connections":[],"jetpack_featured_media_url":"https:\/\/ovelanalista.com\/wp-content\/uploads\/2026\/09\/Captura-de-Pantalla-2026-09-03-a-las-11.25.06.png","jetpack_sharing_enabled":true,"_links":{"self":[{"href":"https:\/\/ovelanalista.com\/index.php?rest_route=\/wp\/v2\/posts\/152247","targetHints":{"allow":["GET"]}}],"collection":[{"href":"https:\/\/ovelanalista.com\/index.php?rest_route=\/wp\/v2\/posts"}],"about":[{"href":"https:\/\/ovelanalista.com\/index.php?rest_route=\/wp\/v2\/types\/post"}],"author":[{"embeddable":true,"href":"https:\/\/ovelanalista.com\/index.php?rest_route=\/wp\/v2\/users\/3"}],"replies":[{"embeddable":true,"href":"https:\/\/ovelanalista.com\/index.php?rest_route=%2Fwp%2Fv2%2Fcomments&post=152247"}],"version-history":[{"count":1,"href":"https:\/\/ovelanalista.com\/index.php?rest_route=\/wp\/v2\/posts\/152247\/revisions"}],"predecessor-version":[{"id":152249,"href":"https:\/\/ovelanalista.com\/index.php?rest_route=\/wp\/v2\/posts\/152247\/revisions\/152249"}],"wp:featuredmedia":[{"embeddable":true,"href":"https:\/\/ovelanalista.com\/index.php?rest_route=\/wp\/v2\/media\/152248"}],"wp:attachment":[{"href":"https:\/\/ovelanalista.com\/index.php?rest_route=%2Fwp%2Fv2%2Fmedia&parent=152247"}],"wp:term":[{"taxonomy":"category","embeddable":true,"href":"https:\/\/ovelanalista.com\/index.php?rest_route=%2Fwp%2Fv2%2Fcategories&post=152247"},{"taxonomy":"post_tag","embeddable":true,"href":"https:\/\/ovelanalista.com\/index.php?rest_route=%2Fwp%2Fv2%2Ftags&post=152247"}],"curies":[{"name":"wp","href":"https:\/\/api.w.org\/{rel}","templated":true}]}}