{"id":152253,"date":"2026-09-03T16:30:51","date_gmt":"2026-09-03T23:30:51","guid":{"rendered":"https:\/\/ovelanalista.com\/?p=152253"},"modified":"2026-09-03T11:34:52","modified_gmt":"2026-09-03T18:34:52","slug":"las-presuntas-promesas-que-amlo-cumplio-al-cartel-de-sinaloa-al-llegar-a-la-presidencia-segun-anabel-hernandez","status":"publish","type":"post","link":"https:\/\/ovelanalista.com\/?p=152253","title":{"rendered":"Las presuntas promesas que AMLO cumpli\u00f3 al C\u00e1rtel de Sinaloa al llegar a la presidencia, seg\u00fan Anabel Hern\u00e1ndez"},"content":{"rendered":"<p class=\"article-subheadline text-align-left\">La periodista sostiene que Sergio Villarreal, \u201cEl Grande\u201d, confirm\u00f3 la entrega de m\u00e1s de 500 mil d\u00f3lares durante la campa\u00f1a presidencial de 2006 y que otras fuentes apuntaron a apoyos en 2012 y 2018<\/p>\n<p><strong>Por Miguel Flores<\/strong><\/p>\n<p>Las acusaciones de un supuesto financiamiento del\u00a0<b>C\u00e1rtel de Sinaloa<\/b><b>\u00a0a las campa\u00f1as presidenciales de\u00a0<\/b><b>Andr\u00e9s Manuel L\u00f3pez Obrador<\/b>\u00a0forman, de acuerdo con la periodista y escritora\u00a0<b>Anabel Hern\u00e1ndez<\/b>, el punto de partida de una serie de compromisos que el pol\u00edtico tabasque\u00f1o habr\u00eda adquirido con esa organizaci\u00f3n criminal y que posteriormente habr\u00eda cumplido desde la<b>\u00a0Presidencia de M\u00e9xico.<\/b><\/p>\n<p>En entrevista con\u00a0<i>Infobae M\u00e9xico<\/i>, a prop\u00f3sito de su nuevo libro\u00a0<i>Narcocracia<\/i>, Hern\u00e1ndez sostuvo que el episodio central ocurri\u00f3 durante la campa\u00f1a presidencial de\u00a0<b>2006<\/b>, cuando L\u00f3pez Obrador habr\u00eda sostenido una reuni\u00f3n con\u00a0<b>Sergio Villarreal Barrag\u00e1n, \u201cEl Grande\u201d<\/b>, en un motel de paso.<\/p>\n<p>Seg\u00fan el relato que la periodista atribuye al exintegrante del\u00a0<b>C\u00e1rtel de Sinaloa,<\/b>\u00a0en ese encuentro el entonces candidato habr\u00eda recibido una maleta con\u00a0<b>m\u00e1s de 500 mil d\u00f3lares<\/b>\u00a0y habr\u00eda ofrecido al grupo criminal una serie de garant\u00edas en caso de llegar al poder.<\/p>\n<p class=\"paragraph\" data-paragraph-number=\"4\" data-mrf-recirculation=\"Links inline\">Entre ellas, Hern\u00e1ndez mencion\u00f3 limitar la actuaci\u00f3n de la\u00a0<b>DEA en M\u00e9xico<\/b>, proteger a integrantes del c\u00e1rtel y permitirles continuar con sus actividades siempre que redujeran sus niveles de violencia.<\/p>\n<h2 id=\"&quot;cumplio-paso-a-paso-las-promesas-que-le-hizo-al-cartel&quot;\" class=\"text-align-left vertical-align-top line-height-100 header headline-class-h2 headline\">\u201cCumpli\u00f3 paso a paso las promesas que le hizo al c\u00e1rtel\u201d<\/h2>\n<p class=\"paragraph\" data-paragraph-number=\"5\" data-mrf-recirculation=\"Links inline\">Hern\u00e1ndez asegur\u00f3 que posteriormente pregunt\u00f3 a<b>\u00a0\u201cEl Grande\u201d\u00a0<\/b>qu\u00e9 pens\u00f3 cuando\u00a0<b>L\u00f3pez Obrador<\/b>\u00a0finalmente lleg\u00f3 a la Presidencia.<\/p>\n<div class=\"visual__image\"><picture><img loading=\"lazy\" decoding=\"async\" class=\"global-image\" src=\"https:\/\/www.infobae.com\/resizer\/v2\/22FABVPUNRFI3MYGETR7VK5AMQ.jpg?auth=24727ea90bd5bf3be9a95e555de1fdf38e3777fbf610cf944cb2f784e1f235bf&amp;smart=true&amp;width=350&amp;height=197&amp;quality=85\" alt=\"Anabel Hernandez\" width=\"1920\" height=\"1080\" \/><\/picture>Anabel Hern\u00e1ndez aborda en su libro Narcocracia presuntos v\u00ednculos entre organizaciones criminales y pol\u00edticos mexicanos. Narcocracia \/ Jenifer Nava<\/div>\n<p class=\"paragraph\" data-paragraph-number=\"6\" data-mrf-recirculation=\"Links inline\">La respuesta que la periodista atribuye al exl\u00edder criminal fue que\u00a0<b>estaba sorprendido por el triunfo electoral,<\/b>\u00a0pero todav\u00eda m\u00e1s por las acciones posteriores del nuevo gobierno.<\/p>\n<p class=\"paragraph\" data-paragraph-number=\"7\" data-mrf-recirculation=\"Links inline\">\u201c<b>Cumpli\u00f3 paso a paso las promesas que le hizo al c\u00e1rtel. En ese sentido, fue un hombre de palabra<\/b>\u201d, habr\u00eda respondido Villarreal, de acuerdo con Hern\u00e1ndez.<\/p>\n<p class=\"paragraph\" data-paragraph-number=\"8\" data-mrf-recirculation=\"Links inline\">La periodista a\u00f1adi\u00f3 su propia valoraci\u00f3n sobre ese supuesto cumplimiento:\u00a0<b>\u201cEl problema es que fue un hombre de palabra con los criminales y un traidor con los mexicanos\u201d<\/b>.<\/p>\n<p class=\"paragraph\" data-paragraph-number=\"9\" data-mrf-recirculation=\"Links inline\">Para Hern\u00e1ndez, una de las principales evidencias de esa supuesta relaci\u00f3n fue la pol\u00edtica adoptada por el gobierno federal frente a las agencias estadounidenses. La periodista se\u00f1al\u00f3 que durante el sexenio de\u00a0<b>L\u00f3pez Obrador<\/b>\u00a0se impulsaron medidas para restringir la operaci\u00f3n de agentes extranjeros en territorio mexicano, particularmente de la DEA.<\/p>\n<p class=\"paragraph\" data-paragraph-number=\"10\" data-mrf-recirculation=\"Links inline\">Desde su perspectiva, esas acciones habr\u00edan coincidido con una de las promesas que, seg\u00fan su investigaci\u00f3n, fueron planteadas durante aquella reuni\u00f3n de 2006.<\/p>\n<div class=\"rawHTML raw_html \">\n<div id=\"narcocracia2-widget-root\">\n<div class=\"ah-wrap\">\n<div class=\"ah-header\">\n<h2>Narcocracia: el presunto financiamiento del C\u00e1rtel de Sinaloa a AMLO en tres campa\u00f1as<\/h2>\n<p>Anabel Hern\u00e1ndez \u00b7 Entrevista con Infobae M\u00e9xico<\/p>\n<\/div>\n<div class=\"ah-disclaimer\">\n<p>\u26a0\ufe0f\u00a0<strong>Aviso editorial:<\/strong>\u00a0las afirmaciones presentadas corresponden a la investigaci\u00f3n period\u00edstica de Anabel Hern\u00e1ndez y a los testimonios que atribuye a Sergio Villarreal Barrag\u00e1n y otras fuentes. No constituyen una determinaci\u00f3n judicial de responsabilidad penal.<\/p>\n<\/div>\n<\/div>\n<\/div>\n<\/div>\n<h2 id=\"ovidio-guzman-&quot;el-chapo&quot;-y-rocha-moya\" class=\"text-align-left vertical-align-top line-height-100 header headline-class-h2 headline\">Ovidio Guzm\u00e1n, \u201cEl Chapo\u201d y Rocha Moya<\/h2>\n<p class=\"paragraph\" data-paragraph-number=\"11\" data-mrf-recirculation=\"Links inline\">Hern\u00e1ndez tambi\u00e9n relacion\u00f3 con esos supuestos compromisos algunos de los episodios m\u00e1s controvertidos del sexenio de L\u00f3pez Obrador.<\/p>\n<p class=\"paragraph\" data-paragraph-number=\"12\" data-mrf-recirculation=\"Links inline\">Entre ellos est\u00e1 la detenci\u00f3n de\u00a0<b>Ovidio Guzm\u00e1n L\u00f3pez<\/b>\u00a0en 2019. Elementos del Ej\u00e9rcito mexicano lograron capturar al hijo de\u00a0<b>Joaqu\u00edn \u201cEl Chapo\u201d Guzm\u00e1n<\/b>, pero horas despu\u00e9s fue liberado por decisi\u00f3n del gobierno federal ante la violencia desatada en\u00a0<b>Culiac\u00e1n<\/b>.<\/p>\n<p class=\"paragraph\" data-paragraph-number=\"13\" data-mrf-recirculation=\"Links inline\">Para la periodista, aquella decisi\u00f3n constituy\u00f3 otro indicio de la supuesta protecci\u00f3n ofrecida al C\u00e1rtel de Sinaloa.<\/p>\n<p class=\"paragraph\" data-paragraph-number=\"14\" data-mrf-recirculation=\"Links inline\">A esto agreg\u00f3 el encuentro de L\u00f3pez Obrador con\u00a0<b>Mar\u00eda Consuelo Loera P\u00e9rez<\/b>, madre de \u201cEl Chapo\u201d, durante una gira por Sinaloa en marzo de 2020.<\/p>\n<div class=\"ad_2 ad-wrapper dfpAd ad-1-al-6 ad-text ad-component-container\" data-ad-wrapper=\"arcad\" data-ad-type=\"ad_2\" data-ad-slot=\"infobae\/mexico\/nota\/ad_2\" data-ad-container=\"dfp\" data-ad-slot-name=\"infobae\/mexico\/nota\/ad_2\"><\/div>\n<div data-ad-wrapper=\"arcad\" data-ad-type=\"ad_2\" data-ad-slot=\"infobae\/mexico\/nota\/ad_2\" data-ad-container=\"dfp\" data-ad-slot-name=\"infobae\/mexico\/nota\/ad_2\">\n<p class=\"paragraph\" data-paragraph-number=\"15\" data-mrf-recirculation=\"Links inline\">La periodista tambi\u00e9n mencion\u00f3 el caso del gobernador de Sinaloa,\u00a0<b>Rub\u00e9n Rocha Moya<\/b>, a quien acusa de haber recibido apoyo y financiamiento del C\u00e1rtel de Sinaloa durante las elecciones de 2021. Seg\u00fan Hern\u00e1ndez, ese respaldo habr\u00eda formado parte de una operaci\u00f3n m\u00e1s amplia para favorecer a candidatos pol\u00edticos.<\/p>\n<div class=\"visual__image\"><picture><source srcset=\"https:\/\/www.infobae.com\/resizer\/v2\/DQXOU4D5HVHSZGG5UY3YFNSTNA.jpg?auth=f553b9339fd6787f978802b1d829c2163849d63bf3347079999fb12a25714f21&amp;smart=true&amp;width=992&amp;height=681&amp;quality=85\" media=\"(min-width: 1000px)\" \/><source srcset=\"https:\/\/www.infobae.com\/resizer\/v2\/DQXOU4D5HVHSZGG5UY3YFNSTNA.jpg?auth=f553b9339fd6787f978802b1d829c2163849d63bf3347079999fb12a25714f21&amp;smart=true&amp;width=768&amp;height=527&amp;quality=85\" media=\"(min-width: 768px)\" \/><source srcset=\"https:\/\/www.infobae.com\/resizer\/v2\/DQXOU4D5HVHSZGG5UY3YFNSTNA.jpg?auth=f553b9339fd6787f978802b1d829c2163849d63bf3347079999fb12a25714f21&amp;smart=true&amp;width=577&amp;height=396&amp;quality=85\" media=\"(min-width: 580px)\" \/><source srcset=\"https:\/\/www.infobae.com\/resizer\/v2\/DQXOU4D5HVHSZGG5UY3YFNSTNA.jpg?auth=f553b9339fd6787f978802b1d829c2163849d63bf3347079999fb12a25714f21&amp;smart=true&amp;width=420&amp;height=288&amp;quality=85\" media=\"(min-width: 350px)\" \/><source srcset=\"https:\/\/www.infobae.com\/resizer\/v2\/DQXOU4D5HVHSZGG5UY3YFNSTNA.jpg?auth=f553b9339fd6787f978802b1d829c2163849d63bf3347079999fb12a25714f21&amp;smart=true&amp;width=350&amp;height=240&amp;quality=85\" media=\"(min-width: 80px)\" \/><img loading=\"lazy\" decoding=\"async\" class=\"global-image\" src=\"https:\/\/www.infobae.com\/resizer\/v2\/DQXOU4D5HVHSZGG5UY3YFNSTNA.jpg?auth=f553b9339fd6787f978802b1d829c2163849d63bf3347079999fb12a25714f21&amp;smart=true&amp;width=350&amp;height=240&amp;quality=85\" alt=\"Ovidio Guzm\u00e1n L\u00f3pez fue detenido por el Ej\u00e9rcito en 2019 y posteriormente liberado por decisi\u00f3n del gobierno federal.  (CEPROPIE v\u00eda AP Archivo)\" width=\"1941\" height=\"1332\" \/><\/picture>Ovidio Guzm\u00e1n L\u00f3pez fue detenido por el Ej\u00e9rcito en 2019 y posteriormente liberado por decisi\u00f3n del gobierno federal. (CEPROPIE v\u00eda AP Archivo)<\/div>\n<h2 id=\"el-presunto-financiamiento-de-las-campanas-de-2006-2012-y-2018\" class=\"text-align-left vertical-align-top line-height-100 header headline-class-h2 headline\">El presunto financiamiento de las campa\u00f1as de 2006, 2012 y 2018<\/h2>\n<p class=\"paragraph\" data-paragraph-number=\"16\" data-mrf-recirculation=\"Links inline\">La tesis de Hern\u00e1ndez no se limita a la campa\u00f1a presidencial de 2006. La periodista sostiene que el C\u00e1rtel de Sinaloa tambi\u00e9n habr\u00eda financiado las campa\u00f1as de L\u00f3pez Obrador en\u00a0<b>2012 y 2018<\/b>, aunque distingue entre las fuentes que atribuye a cada periodo.<\/p>\n<p class=\"paragraph\" data-paragraph-number=\"17\" data-mrf-recirculation=\"Links inline\">Seg\u00fan su relato, el conocimiento directo de \u201cEl Grande\u201d corresponder\u00eda a los acontecimientos de 2006. Para las elecciones posteriores, dijo haber obtenido informaci\u00f3n de otros integrantes del grupo criminal, entre ellos\u00a0<b>D\u00e1maso L\u00f3pez Serrano, \u201cMini Lic\u201d<\/b>, adem\u00e1s de personas que habr\u00edan formado parte del equipo de L\u00f3pez Obrador.<\/p>\n<div class=\"ad_3 ad-wrapper dfpAd ad-1-al-6 ad-text ad-component-container\" data-ad-wrapper=\"arcad\" data-ad-type=\"ad_3\" data-ad-slot=\"infobae\/mexico\/nota\/ad_3\" data-ad-container=\"dfp\" data-ad-slot-name=\"infobae\/mexico\/nota\/ad_3\">\n<div id=\"infobae\/mexico\/nota\/ad_3\" class=\"infobae\/mexico\/nota\/ad_3 arcad ad-slot-node ad-slot-node--boxed\" data-ad-slot-id=\"infobae\/mexico\/nota\/ad_3\" data-google-query-id=\"CO2emJCG05YDFcrPSgAd8AM6tQ\">\n<div id=\"google_ads_iframe_\/1058609\/infobae\/mexico\/nota\/ad_3_0__container__\"><\/div>\n<\/div>\n<\/div>\n<p class=\"paragraph\" data-paragraph-number=\"18\" data-mrf-recirculation=\"Links inline\">\u201c<b>Lo que logro saber despu\u00e9s de saber eso (&#8230;) es que este financiamiento ocurri\u00f3 en el 2012 y en el 2018<\/b>\u201d, afirm\u00f3.<\/p>\n<p class=\"paragraph\" data-paragraph-number=\"19\" data-mrf-recirculation=\"Links inline\">Hern\u00e1ndez tambi\u00e9n sostuvo que una investigaci\u00f3n de la DEA, supervisada por fiscales del\u00a0<b>Distrito Sur de Nueva York<\/b>, habr\u00eda recopilado testimonios sobre la llegada de dinero del C\u00e1rtel de Sinaloa a la campa\u00f1a de 2006.<\/p>\n<p class=\"paragraph\" data-paragraph-number=\"20\" data-mrf-recirculation=\"Links inline\">La periodista asegur\u00f3 que, durante sus primeras declaraciones ante autoridades mexicanas y estadounidenses, \u201cEl Grande\u201d habr\u00eda mencionado tanto a L\u00f3pez Obrador como a\u00a0<b>Genaro Garc\u00eda Luna<\/b>, y que posteriormente habr\u00eda descrito una reuni\u00f3n en la que entreg\u00f3 dinero al entonces candidato.<\/p>\n<div class=\"visual__image\"><picture><source srcset=\"https:\/\/www.infobae.com\/resizer\/v2\/VGRSRQE6O5BF3KFFGXTGIJNQUU.png?auth=c792018ee125187f9c4881ddcfccfd93e447bf492afca1a3243f9cc7bdd2b8c0&amp;smart=true&amp;width=992&amp;height=558&amp;quality=85\" media=\"(min-width: 1000px)\" \/><source srcset=\"https:\/\/www.infobae.com\/resizer\/v2\/VGRSRQE6O5BF3KFFGXTGIJNQUU.png?auth=c792018ee125187f9c4881ddcfccfd93e447bf492afca1a3243f9cc7bdd2b8c0&amp;smart=true&amp;width=768&amp;height=432&amp;quality=85\" media=\"(min-width: 768px)\" \/><source srcset=\"https:\/\/www.infobae.com\/resizer\/v2\/VGRSRQE6O5BF3KFFGXTGIJNQUU.png?auth=c792018ee125187f9c4881ddcfccfd93e447bf492afca1a3243f9cc7bdd2b8c0&amp;smart=true&amp;width=577&amp;height=325&amp;quality=85\" media=\"(min-width: 580px)\" \/><source srcset=\"https:\/\/www.infobae.com\/resizer\/v2\/VGRSRQE6O5BF3KFFGXTGIJNQUU.png?auth=c792018ee125187f9c4881ddcfccfd93e447bf492afca1a3243f9cc7bdd2b8c0&amp;smart=true&amp;width=420&amp;height=236&amp;quality=85\" media=\"(min-width: 350px)\" \/><source srcset=\"https:\/\/www.infobae.com\/resizer\/v2\/VGRSRQE6O5BF3KFFGXTGIJNQUU.png?auth=c792018ee125187f9c4881ddcfccfd93e447bf492afca1a3243f9cc7bdd2b8c0&amp;smart=true&amp;width=350&amp;height=197&amp;quality=85\" media=\"(min-width: 80px)\" \/><img loading=\"lazy\" decoding=\"async\" class=\"global-image\" src=\"https:\/\/www.infobae.com\/resizer\/v2\/VGRSRQE6O5BF3KFFGXTGIJNQUU.png?auth=c792018ee125187f9c4881ddcfccfd93e447bf492afca1a3243f9cc7bdd2b8c0&amp;smart=true&amp;width=350&amp;height=197&amp;quality=85\" alt=\"Arresto de Sergio Villarreal Barrag\u00e1n\" width=\"1920\" height=\"1080\" \/><\/picture>Arresto de Sergio Villarreal Barrag\u00e1n (Infobae)<\/div>\n<h2 id=\"&quot;el-cartel-de-sinaloa-florecio-durante-el-sexenio&quot;\" class=\"text-align-left vertical-align-top line-height-100 header headline-class-h2 headline\">\u201cEl C\u00e1rtel de Sinaloa floreci\u00f3 durante el sexenio\u201d<\/h2>\n<p class=\"paragraph\" data-paragraph-number=\"21\" data-mrf-recirculation=\"Links inline\">Hern\u00e1ndez sostiene que el supuesto pacto no termin\u00f3 con la llegada de<b>\u00a0L\u00f3pez Obrador a Palacio Nacional,\u00a0<\/b>sino que, desde su perspectiva, algunas decisiones de su gobierno pueden entenderse como el cumplimiento de aquellos compromisos.<\/p>\n<p class=\"paragraph\" data-paragraph-number=\"22\" data-mrf-recirculation=\"Links inline\">\u201c<b>El C\u00e1rtel de Sinaloa floreci\u00f3 durante el sexenio de L\u00f3pez Obrador<\/b>\u201d, afirm\u00f3.<\/p>\n<p class=\"paragraph\" data-paragraph-number=\"23\" data-mrf-recirculation=\"Links inline\">La periodista vincul\u00f3 ese crecimiento con la expansi\u00f3n de la producci\u00f3n y tr\u00e1fico de\u00a0<b>fentanilo<\/b>\u00a0desde<b>\u00a0M\u00e9xico hacia Estados Unidos<\/b>\u00a0y con una pol\u00edtica de seguridad basada en evitar enfrentamientos directos con los grupos criminales, resumida en la frase\u00a0<b>\u201cabrazos, no balazos\u201d<\/b>.<\/p>\n<p class=\"paragraph\" data-paragraph-number=\"24\" data-mrf-recirculation=\"Links inline\">Tambi\u00e9n se\u00f1al\u00f3 que la relaci\u00f3n entre gobiernos mexicanos y organizaciones criminales no comenz\u00f3 con L\u00f3pez Obrador y que se trata de un fen\u00f3meno que, seg\u00fan su investigaci\u00f3n, se remonta a varias administraciones.<\/p>\n<p class=\"paragraph\" data-paragraph-number=\"25\" data-mrf-recirculation=\"Links inline\">Sin embargo, considera que durante el sexenio de L\u00f3pez Obrador esa relaci\u00f3n habr\u00eda alcanzado una nueva dimensi\u00f3n.<\/p>\n<p class=\"paragraph\" data-paragraph-number=\"26\" data-mrf-recirculation=\"Links inline\">Las afirmaciones forman parte de la investigaci\u00f3n period\u00edstica de Hern\u00e1ndez y de los testimonios que atribuye a \u201cEl Grande\u201d.<\/p>\n<\/div>\n<p data-paragraph-number=\"26\" data-mrf-recirculation=\"Links inline\">\n<p data-paragraph-number=\"26\" data-mrf-recirculation=\"Links inline\">\n<p data-paragraph-number=\"26\" data-mrf-recirculation=\"Links inline\">Con informaci\u00f3n de Infobae<\/p>\n","protected":false},"excerpt":{"rendered":"<p>La periodista sostiene que Sergio Villarreal, \u201cEl Grande\u201d, confirm\u00f3 la entrega de m\u00e1s de 500 mil d\u00f3lares durante la campa\u00f1a presidencial de 2006 y que otras fuentes apuntaron a apoyos en 2012 y 2018 Por Miguel Flores Las acusaciones de un supuesto financiamiento del\u00a0C\u00e1rtel de Sinaloa\u00a0a las campa\u00f1as presidenciales de\u00a0Andr\u00e9s Manuel L\u00f3pez Obrador\u00a0forman, de acuerdo con la periodista y escritora\u00a0Anabel Hern\u00e1ndez, el punto de partida de una serie de compromisos que el pol\u00edtico tabasque\u00f1o habr\u00eda adquirido con esa organizaci\u00f3n criminal y que posteriormente habr\u00eda cumplido desde la\u00a0Presidencia de M\u00e9xico. En entrevista con\u00a0Infobae M\u00e9xico, a prop\u00f3sito de su nuevo libro\u00a0Narcocracia, Hern\u00e1ndez [&hellip;]<\/p>\n","protected":false},"author":3,"featured_media":152255,"comment_status":"open","ping_status":"open","sticky":false,"template":"","format":"standard","meta":{"_jetpack_newsletter_access":"","_jetpack_dont_email_post_to_subs":false,"_jetpack_newsletter_tier_id":0,"_jetpack_memberships_contains_paywalled_content":false,"_jetpack_feature_clip_id":0,"_jetpack_memberships_contains_paid_content":false,"footnotes":"","jetpack_publicize_message":"","jetpack_publicize_feature_enabled":true,"jetpack_social_post_already_shared":true,"jetpack_social_options":{"image_generator_settings":{"template":"highway","default_image_id":0,"font":"","enabled":false},"version":2},"jetpack_post_was_ever_published":false},"categories":[90,75],"tags":[],"class_list":["post-152253","post","type-post","status-publish","format-standard","has-post-thumbnail","hentry","category-estatal","category-nacional","post--single"],"jetpack_publicize_connections":[],"jetpack_featured_media_url":"https:\/\/ovelanalista.com\/wp-content\/uploads\/2026\/09\/Captura-de-Pantalla-2026-09-03-a-las-11.34.09.png","jetpack_sharing_enabled":true,"_links":{"self":[{"href":"https:\/\/ovelanalista.com\/index.php?rest_route=\/wp\/v2\/posts\/152253","targetHints":{"allow":["GET"]}}],"collection":[{"href":"https:\/\/ovelanalista.com\/index.php?rest_route=\/wp\/v2\/posts"}],"about":[{"href":"https:\/\/ovelanalista.com\/index.php?rest_route=\/wp\/v2\/types\/post"}],"author":[{"embeddable":true,"href":"https:\/\/ovelanalista.com\/index.php?rest_route=\/wp\/v2\/users\/3"}],"replies":[{"embeddable":true,"href":"https:\/\/ovelanalista.com\/index.php?rest_route=%2Fwp%2Fv2%2Fcomments&post=152253"}],"version-history":[{"count":1,"href":"https:\/\/ovelanalista.com\/index.php?rest_route=\/wp\/v2\/posts\/152253\/revisions"}],"predecessor-version":[{"id":152256,"href":"https:\/\/ovelanalista.com\/index.php?rest_route=\/wp\/v2\/posts\/152253\/revisions\/152256"}],"wp:featuredmedia":[{"embeddable":true,"href":"https:\/\/ovelanalista.com\/index.php?rest_route=\/wp\/v2\/media\/152255"}],"wp:attachment":[{"href":"https:\/\/ovelanalista.com\/index.php?rest_route=%2Fwp%2Fv2%2Fmedia&parent=152253"}],"wp:term":[{"taxonomy":"category","embeddable":true,"href":"https:\/\/ovelanalista.com\/index.php?rest_route=%2Fwp%2Fv2%2Fcategories&post=152253"},{"taxonomy":"post_tag","embeddable":true,"href":"https:\/\/ovelanalista.com\/index.php?rest_route=%2Fwp%2Fv2%2Ftags&post=152253"}],"curies":[{"name":"wp","href":"https:\/\/api.w.org\/{rel}","templated":true}]}}