{"id":152259,"date":"2026-09-03T17:30:22","date_gmt":"2026-09-04T00:30:22","guid":{"rendered":"https:\/\/ovelanalista.com\/?p=152259"},"modified":"2026-09-03T11:43:35","modified_gmt":"2026-09-03T18:43:35","slug":"familias-de-4-mexiquenses-desaparecidos-en-sinaloa-llevan-su-exigencia-a-san-lazaro","status":"publish","type":"post","link":"https:\/\/ovelanalista.com\/?p=152259","title":{"rendered":"Familias de 4 mexiquenses desaparecidos en Sinaloa llevan su exigencia a San L\u00e1zaro"},"content":{"rendered":"<p>La llegada al Congreso de la Uni\u00f3n ocurri\u00f3 tras realizar bloqueos previos en arterias clave, como la autopista M\u00e9xico-Toluca y una caseta en Atlacomulco<\/p>\n<p class=\"Typography_text-l__QLRR8 Typography_weight-bold__uT6mq\">Bere Luna<\/p>\n<p class=\"Typography_text-default__P3otY Typography_weight-normal__pqUbH Typography_text-default__P3otY Typography_weight-normal__pqUbH\">Despu\u00e9s de bloquear la<b class=\"bold\">\u00a0autopista M\u00e9xico-Toluca\u00a0<\/b>y mantener su protesta en una\u00a0<b class=\"bold\">caseta de Atlacomulco, f<\/b>amiliares de\u00a0<b class=\"bold\">cuatro hombres desaparecidos en Mazatl\u00e1n<\/b>, Sinaloa, llevaron su\u00a0<b class=\"bold\">exigencia hasta la C\u00e1mara de Diputados,<\/b>\u00a0donde este mi\u00e9rcoles se plantaron para<b class=\"bold\"> exigir avances en la b\u00fasqueda de sus seres queridos.<\/b><\/p>\n<p class=\"Typography_text-default__P3otY Typography_weight-normal__pqUbH Typography_text-default__P3otY Typography_weight-normal__pqUbH\">Alrededor de 80 personas, provenientes principalmente de los municipios mexiquenses de Ixtlahuaca y Jiquipilco, arribaron al Congreso de la Uni\u00f3n, ubicado en la colonia El Parque, alcald\u00eda Venustiano Carranza.<\/p>\n<div class=\"integration-container w-full\"><span style=\"font-family: -apple-system, BlinkMacSystemFont, 'Segoe UI', Roboto, Oxygen-Sans, Ubuntu, Cantarell, 'Helvetica Neue', sans-serif; font-size: 1.953em; font-weight: bold;\">Familias piden activar b\u00fasquedas inmediatas e identificaci\u00f3n digna de persona desaparecidas<\/span><\/div>\n<p class=\"Typography_text-default__P3otY Typography_weight-normal__pqUbH Typography_text-default__P3otY Typography_weight-normal__pqUbH\">Los\u00a0<b class=\"bold\">manifestantes se concentraron sobre la calle Emiliano Zapata<\/b>, a un costado del recinto legislativo, mientras<b class=\"bold\">\u00a0una comisi\u00f3n ingres\u00f3 para buscar una reuni\u00f3n con autoridades\u00a0<\/b>y exigir acciones concretas para\u00a0<b class=\"bold\">localizar a los cuatro hombres, desaparecidos.<\/b><\/p>\n<p class=\"Typography_text-default__P3otY Typography_weight-normal__pqUbH Typography_text-default__P3otY Typography_weight-normal__pqUbH\">El resto de los familiares permaneci\u00f3 afuera de la C\u00e1mara de Diputados en espera de conocer los resultados de la reuni\u00f3n.<\/p>\n<h3 class=\"Typography_text-xl__yFuoP Typography_weight-normal__pqUbH SubHead_sub-head__PVEMA\">Sin resultados a 7 meses de la desaparici\u00f3n<\/h3>\n<p class=\"Typography_text-default__P3otY Typography_weight-normal__pqUbH Typography_text-default__P3otY Typography_weight-normal__pqUbH\">La movilizaci\u00f3n ocurre luego de que durante la ma\u00f1ana bloquearan la caseta La Venta de la autopista M\u00e9xico-Toluca, donde exhibieron pancartas, lonas y fotograf\u00edas de Gabino, Omar y Javier Ram\u00edrez Sabino, as\u00ed como de \u00d3scar Garc\u00eda Hern\u00e1ndez.<\/p>\n<p class=\"Typography_text-default__P3otY Typography_weight-normal__pqUbH Typography_text-default__P3otY Typography_weight-normal__pqUbH\">Los<b class=\"bold\">\u00a0familiares reclaman que, pese al tiempo transcurrido<\/b>\u00a0y a las gestiones realizadas ante\u00a0<b class=\"bold\">autoridades federales, del Estado de M\u00e9xico y de Sinaloa,<\/b>\u00a0no existen resultados que\u00a0<b class=\"bold\">permitan conocer el paradero de los cuatro hombres.<\/b><\/p>\n<p class=\"Typography_text-default__P3otY Typography_weight-normal__pqUbH Typography_text-default__P3otY Typography_weight-normal__pqUbH\">Los cuatro hombres, originarios de Ixtlahuaca, Estado de M\u00e9xico, desaparecieron el pasado 3 de febrero en Mazatl\u00e1n, Sinaloa.<\/p>\n<p class=\"Typography_text-default__P3otY Typography_weight-normal__pqUbH Typography_text-default__P3otY Typography_weight-normal__pqUbH\"><b class=\"bold\">De acuerdo con sus familiares<\/b>, hab\u00edan viajado junto con<b class=\"bold\">\u00a0otros integrantes de su familia\u00a0<\/b>para celebrar el\u00a0<b class=\"bold\">cumplea\u00f1os de su madre y abuela<\/b>. Durante su estancia acudieron a la\u00a0<b class=\"bold\">zona de S\u00e1balo Cerritos\u00a0<\/b>y rentaron\u00a0<b class=\"bold\">veh\u00edculos tipo razer para pasear.<\/b><\/p>\n<h3 class=\"Typography_text-xl__yFuoP Typography_weight-normal__pqUbH SubHead_sub-head__PVEMA\">Mujer y menor de edad tambi\u00e9n fueron secuestrados<\/h3>\n<p class=\"Typography_text-default__P3otY Typography_weight-normal__pqUbH Typography_text-default__P3otY Typography_weight-normal__pqUbH\">Fue durante ese recorrido cuando hombres armados los interceptaron y se llevaron por la fuerza a los cuatro mexiquenses.<\/p>\n<p class=\"Typography_text-default__P3otY Typography_weight-normal__pqUbH Typography_text-default__P3otY Typography_weight-normal__pqUbH\"><b class=\"bold\">Una mujer y una menor de edad\u00a0<\/b>que tambi\u00e9n<b class=\"bold\">\u00a0fueron privadas de la libertad\u00a0<\/b>durante los hechos\u00a0<b class=\"bold\">fueron liberadas horas m\u00e1s tarde<\/b>; sin embargo, de los\u00a0<b class=\"bold\">cuatro hombres no se ha vuelto a saber nada.<\/b><\/p>\n<div class=\"OnlineStory_inline__apIY3 BASE_LANDSCAPE\">\n<h3 class=\"Typography_text-default__P3otY Typography_weight-normal__pqUbH Typography_text-l__QLRR8 Typography_weight-bold__uT6mq OnlineStory_title__JYhC3\">Familias desalojadas bloquean Eje 1 Norte en la colonia Centro; exigen atenci\u00f3n de autoridades<\/h3>\n<\/div>\n<p class=\"Typography_text-default__P3otY Typography_weight-normal__pqUbH Typography_text-default__P3otY Typography_weight-normal__pqUbH\">Aunque existen personas detenidas por el caso, hasta ahora no se ha informado sobre el paradero de las v\u00edctimas.<\/p>\n<p class=\"Typography_text-default__P3otY Typography_weight-normal__pqUbH Typography_text-default__P3otY Typography_weight-normal__pqUbH\">Por ello,\u00a0<b class=\"bold\">sus familias decidieron trasladar la protesta\u00a0<\/b>desde las carreteras hasta el\u00a0<b class=\"bold\">coraz\u00f3n pol\u00edtico del pa\u00eds<\/b>, aseguran que ya no quieren promesas\u00a0<b class=\"bold\">ni mesas de trabajo, sino resultados\u00a0<\/b>y que los\u00a0<b class=\"bold\">cuatro hombres regresen con vida.<\/b><\/p>\n<div class=\"Embed_embed__IKuAw\">\n<div class=\"rsme-embed rsme-youtube-embed\" title=\"https:\/\/www.youtube.com\/embed\/1WoN60BI1O4\">\n<div class=\"\">\n<div class=\"youtube-iframe\"><iframe loading=\"lazy\" id=\"widget2\" title=\"Colectivo trans protesta con destrozos tras audiencia por Paola Buenrostro\" src=\"https:\/\/www.youtube.com\/embed\/1WoN60BI1O4?enablejsapi=1&amp;origin=https%3A%2F%2Foem.com.mx&amp;widgetid=1&amp;forigin=https%3A%2F%2Foem.com.mx%2Fla-prensa%2Fmetropoli%2Ffamilias-de-4-mexiquenses-desaparecidos-en-sinaloa-llevan-su-exigencia-a-san-lazaro-31867039&amp;aoriginsup=1&amp;gporigin=https%3A%2F%2Fwww.google.com%2F&amp;vf=1\" width=\"600px\" height=\"360\" frameborder=\"0\" allowfullscreen=\"allowfullscreen\" data-gtm-yt-inspected-11=\"true\" data-gtm-yt-inspected-16=\"true\" data-mce-fragment=\"1\"><\/iframe><\/div>\n<div>Con informaci\u00f3n de La Prensa<\/div>\n<div><\/div>\n<\/div>\n<\/div>\n<\/div>\n","protected":false},"excerpt":{"rendered":"<p>La llegada al Congreso de la Uni\u00f3n ocurri\u00f3 tras realizar bloqueos previos en arterias clave, como la autopista M\u00e9xico-Toluca y una caseta en Atlacomulco Bere Luna Despu\u00e9s de bloquear la\u00a0autopista M\u00e9xico-Toluca\u00a0y mantener su protesta en una\u00a0caseta de Atlacomulco, familiares de\u00a0cuatro hombres desaparecidos en Mazatl\u00e1n, Sinaloa, llevaron su\u00a0exigencia hasta la C\u00e1mara de Diputados,\u00a0donde este mi\u00e9rcoles se plantaron para exigir avances en la b\u00fasqueda de sus seres queridos. Alrededor de 80 personas, provenientes principalmente de los municipios mexiquenses de Ixtlahuaca y Jiquipilco, arribaron al Congreso de la Uni\u00f3n, ubicado en la colonia El Parque, alcald\u00eda Venustiano Carranza. Familias piden activar b\u00fasquedas inmediatas [&hellip;]<\/p>\n","protected":false},"author":3,"featured_media":152261,"comment_status":"open","ping_status":"open","sticky":false,"template":"","format":"standard","meta":{"_jetpack_newsletter_access":"","_jetpack_dont_email_post_to_subs":false,"_jetpack_newsletter_tier_id":0,"_jetpack_memberships_contains_paywalled_content":false,"_jetpack_feature_clip_id":0,"_jetpack_memberships_contains_paid_content":false,"footnotes":"","jetpack_publicize_message":"","jetpack_publicize_feature_enabled":true,"jetpack_social_post_already_shared":true,"jetpack_social_options":{"image_generator_settings":{"template":"highway","default_image_id":0,"font":"","enabled":false},"version":2},"jetpack_post_was_ever_published":false},"categories":[75],"tags":[],"class_list":["post-152259","post","type-post","status-publish","format-standard","has-post-thumbnail","hentry","category-nacional","post--single"],"jetpack_publicize_connections":[],"jetpack_featured_media_url":"https:\/\/ovelanalista.com\/wp-content\/uploads\/2026\/09\/Captura-de-Pantalla-2026-09-03-a-las-11.38.18.png","jetpack_sharing_enabled":true,"_links":{"self":[{"href":"https:\/\/ovelanalista.com\/index.php?rest_route=\/wp\/v2\/posts\/152259","targetHints":{"allow":["GET"]}}],"collection":[{"href":"https:\/\/ovelanalista.com\/index.php?rest_route=\/wp\/v2\/posts"}],"about":[{"href":"https:\/\/ovelanalista.com\/index.php?rest_route=\/wp\/v2\/types\/post"}],"author":[{"embeddable":true,"href":"https:\/\/ovelanalista.com\/index.php?rest_route=\/wp\/v2\/users\/3"}],"replies":[{"embeddable":true,"href":"https:\/\/ovelanalista.com\/index.php?rest_route=%2Fwp%2Fv2%2Fcomments&post=152259"}],"version-history":[{"count":1,"href":"https:\/\/ovelanalista.com\/index.php?rest_route=\/wp\/v2\/posts\/152259\/revisions"}],"predecessor-version":[{"id":152267,"href":"https:\/\/ovelanalista.com\/index.php?rest_route=\/wp\/v2\/posts\/152259\/revisions\/152267"}],"wp:featuredmedia":[{"embeddable":true,"href":"https:\/\/ovelanalista.com\/index.php?rest_route=\/wp\/v2\/media\/152261"}],"wp:attachment":[{"href":"https:\/\/ovelanalista.com\/index.php?rest_route=%2Fwp%2Fv2%2Fmedia&parent=152259"}],"wp:term":[{"taxonomy":"category","embeddable":true,"href":"https:\/\/ovelanalista.com\/index.php?rest_route=%2Fwp%2Fv2%2Fcategories&post=152259"},{"taxonomy":"post_tag","embeddable":true,"href":"https:\/\/ovelanalista.com\/index.php?rest_route=%2Fwp%2Fv2%2Ftags&post=152259"}],"curies":[{"name":"wp","href":"https:\/\/api.w.org\/{rel}","templated":true}]}}