{"id":152262,"date":"2026-09-03T18:00:47","date_gmt":"2026-09-04T01:00:47","guid":{"rendered":"https:\/\/ovelanalista.com\/?p=152262"},"modified":"2026-09-03T11:47:47","modified_gmt":"2026-09-03T18:47:47","slug":"tras-asesinato-de-estudiante-universidad-autonoma-de-sinaloa-cambia-a-distancia-clases-nocturnas-ajuste-es-exclusivo-para-zona-centro","status":"publish","type":"post","link":"https:\/\/ovelanalista.com\/?p=152262","title":{"rendered":"Tras asesinato de estudiante, Universidad Aut\u00f3noma de Sinaloa cambia a distancia clases nocturnas; ajuste es exclusivo para zona centro"},"content":{"rendered":"<p class=\"summary\">Este ajuste en las actividades acad\u00e9micas responden a una medida preventiva ante los acontecimientos que se han presentado<\/p>\n<p><strong>Javier Cabrera Mart\u00ednez<\/strong><\/p>\n<p class=\"sc__font-paragraph\">Culiac\u00e1n. &#8211; En cinco municipios que comprenden la cobertura educativa de la\u00a0<b>zona centro de la\u00a0<\/b><b>Universidad Aut\u00f3noma de Sinaloa\u00a0<\/b>cambio el sistema educativo presencial en su horario nocturno a las clases a distancia, ante el asesinato de un estudiante de la Facultad de Contadur\u00eda y Administraci\u00f3n de nombre\u00a0<b>Alexis \u201cN\u201d de 17 a\u00f1os<\/b>.<\/p>\n<p class=\"sc__font-paragraph\">Tras el homicidio del estudiante en una\u00a0<b>parada de autob\u00fas urbano<\/b>, frente a\u00a0<b>Ciudad Universitaria<\/b>, el secretario Acad\u00e9mico de la Universidad Aut\u00f3noma de Sinaloa, Sergio Mario Arredondo, dio a conocer que se\u00a0<b>ajust\u00f3 el horario de clases exclusivamente para la zona centro del estado<\/b>.<\/p>\n<p class=\"sc__font-paragraph\">En los municipios de<b>\u00a0Culiac\u00e1n, Badiraguato, C\u00f3sala, Elota y Navolato<\/b>\u00a0las clases en los planteles de bachillerato y educaci\u00f3n superior, exclusivamente para el horario nocturno, se cambiaron a la modalidad virtual como medida de protecci\u00f3n para los estudiantes y docentes.<\/p>\n<p>Se\u00f1al\u00f3 que ante el hecho de<b>\u00a0violencia<\/b>\u00a0en donde un joven alumno fue privado de la vida, la instituci\u00f3n evalu\u00f3 los puntos de vista de alumnos, padres de familia y maestros sobre el horario de clases presenciales que concluyen a las nueve de la noche.<\/p>\n<p>Este ajuste en las actividades acad\u00e9micas responden a una medida preventiva ante los acontecimientos que se han presentado, por lo que se presume que solo ser\u00e1 temporal, por lo que en el resto de los horarios de clases, estos se mantienen presenciales.<\/p>\n<p class=\"sc__font-paragraph\">La ma\u00f1ana del mi\u00e9rcoles pasado, un jovencito fue privado de la vida de varios disparos frente a Ciudad Universitaria en la capital del estado. Fue identificado como Alexis \u201cN\u201d, de 17 a\u00f1os y estudiante de la Facultad de Contadur\u00eda y Administraci\u00f3n de la Universidad Aut\u00f3noma de Sinaloa.<\/p>\n<p class=\"sc__font-paragraph\">La instituci\u00f3n acad\u00e9mica conden\u00f3 en forma en\u00e9rgica cualquier acto de violencia que atente contra la vida y que impida a los ciudadanos ejercer con libertad derechos fundamentales como el acceso a la educaci\u00f3n p\u00fablica en espacios seguros.<\/p>\n<p>&nbsp;<\/p>\n<p>Con informaci\u00f3n de El Universal<\/p>\n","protected":false},"excerpt":{"rendered":"<p>Este ajuste en las actividades acad\u00e9micas responden a una medida preventiva ante los acontecimientos que se han presentado Javier Cabrera Mart\u00ednez Culiac\u00e1n. &#8211; En cinco municipios que comprenden la cobertura educativa de la\u00a0zona centro de la\u00a0Universidad Aut\u00f3noma de Sinaloa\u00a0cambio el sistema educativo presencial en su horario nocturno a las clases a distancia, ante el asesinato de un estudiante de la Facultad de Contadur\u00eda y Administraci\u00f3n de nombre\u00a0Alexis \u201cN\u201d de 17 a\u00f1os. Tras el homicidio del estudiante en una\u00a0parada de autob\u00fas urbano, frente a\u00a0Ciudad Universitaria, el secretario Acad\u00e9mico de la Universidad Aut\u00f3noma de Sinaloa, Sergio Mario Arredondo, dio a conocer que [&hellip;]<\/p>\n","protected":false},"author":3,"featured_media":152265,"comment_status":"open","ping_status":"open","sticky":false,"template":"","format":"standard","meta":{"_jetpack_newsletter_access":"","_jetpack_dont_email_post_to_subs":false,"_jetpack_newsletter_tier_id":0,"_jetpack_memberships_contains_paywalled_content":false,"_jetpack_feature_clip_id":0,"_jetpack_memberships_contains_paid_content":false,"footnotes":"","jetpack_publicize_message":"","jetpack_publicize_feature_enabled":true,"jetpack_social_post_already_shared":true,"jetpack_social_options":{"image_generator_settings":{"template":"highway","default_image_id":0,"font":"","enabled":false},"version":2},"jetpack_post_was_ever_published":false},"categories":[90],"tags":[],"class_list":["post-152262","post","type-post","status-publish","format-standard","has-post-thumbnail","hentry","category-estatal","post--single"],"jetpack_publicize_connections":[],"jetpack_featured_media_url":"https:\/\/ovelanalista.com\/wp-content\/uploads\/2026\/09\/Captura-de-Pantalla-2026-09-03-a-las-11.41.10.png","jetpack_sharing_enabled":true,"_links":{"self":[{"href":"https:\/\/ovelanalista.com\/index.php?rest_route=\/wp\/v2\/posts\/152262","targetHints":{"allow":["GET"]}}],"collection":[{"href":"https:\/\/ovelanalista.com\/index.php?rest_route=\/wp\/v2\/posts"}],"about":[{"href":"https:\/\/ovelanalista.com\/index.php?rest_route=\/wp\/v2\/types\/post"}],"author":[{"embeddable":true,"href":"https:\/\/ovelanalista.com\/index.php?rest_route=\/wp\/v2\/users\/3"}],"replies":[{"embeddable":true,"href":"https:\/\/ovelanalista.com\/index.php?rest_route=%2Fwp%2Fv2%2Fcomments&post=152262"}],"version-history":[{"count":1,"href":"https:\/\/ovelanalista.com\/index.php?rest_route=\/wp\/v2\/posts\/152262\/revisions"}],"predecessor-version":[{"id":152269,"href":"https:\/\/ovelanalista.com\/index.php?rest_route=\/wp\/v2\/posts\/152262\/revisions\/152269"}],"wp:featuredmedia":[{"embeddable":true,"href":"https:\/\/ovelanalista.com\/index.php?rest_route=\/wp\/v2\/media\/152265"}],"wp:attachment":[{"href":"https:\/\/ovelanalista.com\/index.php?rest_route=%2Fwp%2Fv2%2Fmedia&parent=152262"}],"wp:term":[{"taxonomy":"category","embeddable":true,"href":"https:\/\/ovelanalista.com\/index.php?rest_route=%2Fwp%2Fv2%2Fcategories&post=152262"},{"taxonomy":"post_tag","embeddable":true,"href":"https:\/\/ovelanalista.com\/index.php?rest_route=%2Fwp%2Fv2%2Ftags&post=152262"}],"curies":[{"name":"wp","href":"https:\/\/api.w.org\/{rel}","templated":true}]}}