{"id":152268,"date":"2026-09-03T19:00:01","date_gmt":"2026-09-04T02:00:01","guid":{"rendered":"https:\/\/ovelanalista.com\/?p=152268"},"modified":"2026-09-03T11:49:32","modified_gmt":"2026-09-03T18:49:32","slug":"del-tecladista-de-camilo-septimo-a-un-broker-del-cartel-de-sinaloa-los-crimenes-de-alto-impacto-que-han-golpeado-a-atizapan-de-zaragoza","status":"publish","type":"post","link":"https:\/\/ovelanalista.com\/?p=152268","title":{"rendered":"Del tecladista de Camilo S\u00e9ptimo a un broker del C\u00e1rtel de Sinaloa: los cr\u00edmenes de alto impacto que han golpeado a Atizap\u00e1n de Zaragoza"},"content":{"rendered":"<p class=\"article-subheadline text-align-left\">Atizap\u00e1n de Zaragoza ha sido escenario de algunos de los cr\u00edmenes m\u00e1s impactantes del Estado de M\u00e9xico, el m\u00e1s reciente el multihomicidio del m\u00fasico Jonathan Mel\u00e9ndez y su familia<\/p>\n<div class=\"display_flex align_items_center flex_row byline has-author follow-button-ctn byline-new\">\n<p class=\"display_flex authors-name-txt-ctn\">Por <strong>Anayeli Tapia Sandoval<\/strong><\/p>\n<p>El multihomicidio de\u00a0<b>Jonathan Mel\u00e9ndez,<\/b>\u00a0tecladista de\u00a0<b>Camilo S\u00e9ptimo<\/b>, su esposa embarazada, su hija de tres a\u00f1os y una trabajadora dom\u00e9stica, ocurrido el 1 de septiembre en el fraccionamiento\u00a0<b>Grand Viure<\/b>, volvi\u00f3 a colocar a\u00a0<b>Atizap\u00e1n de Zaragoza<\/b>\u00a0en el centro de la atenci\u00f3n nacional.<\/p>\n<p class=\"paragraph\" data-paragraph-number=\"2\" data-mrf-recirculation=\"Links inline\">Aunque el municipio es conocido por sus exclusivos desarrollos residenciales en la Zona Esmeralda del\u00a0<b>Estado de M\u00e9xico,<\/b>\u00a0en los \u00faltimos a\u00f1os tambi\u00e9n ha sido escenario de cr\u00edmenes de alto impacto: feminicidios, ejecuciones, asesinatos m\u00faltiples y casos ligados al crimen organizado que han trascendido a nivel nacional e internacional.<\/p>\n<\/div>\n<div class=\"inline ad-wrapper dfpAd ad-inline ad-text ad-component-container\" data-ad-wrapper=\"arcad\" data-ad-type=\"inline\" data-ad-slot=\"infobae\/mexico\/nota\/inline\" data-ad-container=\"dfp\" data-ad-slot-name=\"infobae\/mexico\/nota\/inline\">El caso del m\u00fasico Jonathan Mel\u00e9ndez se incorpora a esa\u00a0<b>cronolog\u00eda\u00a0<\/b>de violencia. Del feminicidio de una joven de 18 a\u00f1os en 2023 a la ejecuci\u00f3n de un narcotraficante buscado por Europol en 2025, estos son algunos de los hechos que marcaron la historia reciente de Atizap\u00e1n.<\/div>\n<div data-ad-wrapper=\"arcad\" data-ad-type=\"inline\" data-ad-slot=\"infobae\/mexico\/nota\/inline\" data-ad-container=\"dfp\" data-ad-slot-name=\"infobae\/mexico\/nota\/inline\">\n<h2 id=\"el-feminicida-de-atizapan\" class=\"text-align-left vertical-align-top line-height-100 header headline-class-h2 headline\">El feminicida de Atizap\u00e1n<\/h2>\n<div class=\"visual__image\"><picture><source srcset=\"https:\/\/www.infobae.com\/resizer\/v2\/HOOIKYFJIFG2JPEFSDD4NFTTXE.jpg?auth=5757089a9a1d614c1af1953f2bf967362f8102b417a42bd75c1c725d30eb355b&amp;smart=true&amp;width=992&amp;height=548&amp;quality=85\" media=\"(min-width: 1000px)\" \/><source srcset=\"https:\/\/www.infobae.com\/resizer\/v2\/HOOIKYFJIFG2JPEFSDD4NFTTXE.jpg?auth=5757089a9a1d614c1af1953f2bf967362f8102b417a42bd75c1c725d30eb355b&amp;smart=true&amp;width=768&amp;height=424&amp;quality=85\" media=\"(min-width: 768px)\" \/><source srcset=\"https:\/\/www.infobae.com\/resizer\/v2\/HOOIKYFJIFG2JPEFSDD4NFTTXE.jpg?auth=5757089a9a1d614c1af1953f2bf967362f8102b417a42bd75c1c725d30eb355b&amp;smart=true&amp;width=577&amp;height=319&amp;quality=85\" media=\"(min-width: 580px)\" \/><source srcset=\"https:\/\/www.infobae.com\/resizer\/v2\/HOOIKYFJIFG2JPEFSDD4NFTTXE.jpg?auth=5757089a9a1d614c1af1953f2bf967362f8102b417a42bd75c1c725d30eb355b&amp;smart=true&amp;width=420&amp;height=232&amp;quality=85\" media=\"(min-width: 350px)\" \/><source srcset=\"https:\/\/www.infobae.com\/resizer\/v2\/HOOIKYFJIFG2JPEFSDD4NFTTXE.jpg?auth=5757089a9a1d614c1af1953f2bf967362f8102b417a42bd75c1c725d30eb355b&amp;smart=true&amp;width=350&amp;height=193&amp;quality=85\" media=\"(min-width: 80px)\" \/><img loading=\"lazy\" decoding=\"async\" class=\"global-image\" src=\"https:\/\/www.infobae.com\/resizer\/v2\/HOOIKYFJIFG2JPEFSDD4NFTTXE.jpg?auth=5757089a9a1d614c1af1953f2bf967362f8102b417a42bd75c1c725d30eb355b&amp;smart=true&amp;width=350&amp;height=193&amp;quality=85\" alt=\"A trav\u00e9s de un comunicado, autoridades informaron que dar\u00e1n sentencia a  Andr\u00e9s Filomeno Mendoza Celis el 18 de marzo de 2022\" width=\"1920\" height=\"1060\" \/><\/picture>Fiscal\u00eda del Edomex obtuvo sentencia condenatoria contra Andr\u00e9s Filomeno Mendoza Celis, El Chino, por feminicidio (Foto: Fiscal\u00eda Estado de M\u00e9xico)<\/div>\n<p class=\"paragraph\" data-paragraph-number=\"4\" data-mrf-recirculation=\"Links inline\">El caso m\u00e1s antiguo de esta cronolog\u00eda, y quiz\u00e1 el m\u00e1s medi\u00e1tico, corresponde a\u00a0<b>Andr\u00e9s Filomeno Mendoza Celis<\/b>, detenido el 15 de mayo de 2021 en la colonia Lomas de San Miguel, tras la desaparici\u00f3n de\u00a0<b>Reyna Gonz\u00e1lez Amador<\/b>, una comerciante de 34 a\u00f1os y madre de dos hijas.<\/p>\n<p class=\"paragraph\" data-paragraph-number=\"5\" data-mrf-recirculation=\"Links inline\">Polic\u00edas municipales acudieron a su domicilio para indagar sobre el paradero de la mujer y, con su autorizaci\u00f3n, ingresaron a la vivienda. Dentro de la casa, los agentes localizaron el cuerpo de Gonz\u00e1lez. El hallazgo deriv\u00f3 en un cateo que permiti\u00f3 ubicar\u00a0<b>m\u00e1s de 4,300 restos \u00f3seos ocultos<\/b>\u00a0en un espacio subterr\u00e1neo del inmueble. La Fiscal\u00eda General de Justicia del Estado de M\u00e9xico determin\u00f3 que esos restos correspond\u00edan a varias v\u00edctimas, entre ellas mujeres y al menos un menor de edad.<\/p>\n<div class=\"marfeel-recommender marfeel-recommender-5\">\n<div class=\"news-module\" data-mrf-recirculation=\"IL_SNt-W_tGSLGMl86GFr_tnQ\" data-testid=\"text-html\" data-mrf-experience=\"IL_SNt-W_tGSLGMl86GFr_tnQ\">\n<div class=\"recommended-card__image-container\"><img loading=\"lazy\" decoding=\"async\" class=\"recommended-card__image lazyload\" src=\"https:\/\/www.infobae.com\/resizer\/v2\/M4NE336FCVEMRMUL5AFTASYOHY.png?auth=49f44f6521968f3f5d159c9c77581644e2b3d8b14d32570b0e9d6fe316290b20&amp;smart=true&amp;width=256&amp;height=140&amp;quality=85\" sizes=\"auto, (min-width: 800px) 50vw, 90vw\" alt=\"As\u00ed fue la \u00faltima entrevista de Jonathan Mel\u00e9ndez, tecladista de Camilo S\u00e9ptimo antes de ser asesinado\" width=\"16\" height=\"9\" data-src=\"https:\/\/www.infobae.com\/resizer\/v2\/M4NE336FCVEMRMUL5AFTASYOHY.png?auth=49f44f6521968f3f5d159c9c77581644e2b3d8b14d32570b0e9d6fe316290b20&amp;smart=true&amp;width=256&amp;height=140&amp;quality=85\" \/><\/div>\n<div class=\"recommended-card__info\"><span class=\"recommended-card__info-interest-you\">Te puede interesar:<\/span><span class=\"recommended-card__info-title\">As\u00ed fue la \u00faltima entrevista de Jonathan Mel\u00e9ndez, tecladista de Camilo S\u00e9ptimo antes de ser asesinado<\/span><\/p>\n<div class=\"recommended-card__info-button recommended-card__info-button--deportes\"><\/div>\n<\/div>\n<\/div>\n<\/div>\n<div class=\"inline_2 ad-wrapper dfpAd ad-inline ad-text ad-component-container\" data-ad-wrapper=\"arcad\" data-ad-type=\"inline_2\" data-ad-slot=\"infobae\/mexico\/nota\/inline_2\" data-ad-container=\"dfp\" data-ad-slot-name=\"infobae\/mexico\/nota\/inline_2\">\n<p class=\"ad-shell-label\">PUBLICIDAD<\/p>\n<\/div>\n<p class=\"paragraph\" data-paragraph-number=\"6\" data-mrf-recirculation=\"Links inline\">La investigaci\u00f3n permiti\u00f3 identificar, mediante pruebas gen\u00e9ticas, a seis de las v\u00edctimas. Entre los nombres que trascendieron en distintos reportes period\u00edsticos est\u00e1n\u00a0<b>Norma Jim\u00e9nez Carre\u00f3n<\/b>, desaparecida en 2011 en Tlalnepantla;\u00a0<b>Flor Ninive Vizca\u00edno Mej\u00eda<\/b>, desaparecida en 2016, y\u00a0<b>Rubicela Gallegos Castillo<\/b>, quien trabajaba como repartidora y desapareci\u00f3 en 2019.<\/p>\n<p class=\"paragraph\" data-paragraph-number=\"7\" data-mrf-recirculation=\"Links inline\">Un juez dict\u00f3 la primera sentencia contra Mendoza Celis el 18 de marzo de 2022: prisi\u00f3n vitalicia por el feminicidio de Gonz\u00e1lez.<b>\u00a0A esa condena le siguieron otras siete<\/b>, dictadas entre octubre de 2022 y febrero de 2024, que incluyen una de 92 a\u00f1os por el feminicidio de una mujer y un menor, adem\u00e1s de seis condenas adicionales de 55 a\u00f1os cada una.<\/p>\n<div class=\"ad_1 ad-wrapper dfpAd ad-1-al-6 ad-text ad-component-container\" data-ad-wrapper=\"arcad\" data-ad-type=\"ad_1\" data-ad-slot=\"infobae\/mexico\/nota\/ad_1\" data-ad-container=\"dfp\" data-ad-slot-name=\"infobae\/mexico\/nota\/ad_1\">\n<p class=\"ad-shell-label\">PUBLICIDAD<\/p>\n<\/div>\n<p class=\"paragraph\" data-paragraph-number=\"8\" data-mrf-recirculation=\"Links inline\">La \u00faltima de esas sentencias corresponde al caso de una v\u00edctima identificada \u00fanicamente con las iniciales B.S.O., quien hab\u00eda desaparecido en 2012 en el municipio de Coacalco. La Fiscal\u00eda del Estado de M\u00e9xico ha se\u00f1alado que la investigaci\u00f3n contin\u00faa abierta para\u00a0<b>identificar a las v\u00edctimas restantes<\/b>.<\/p>\n<p class=\"paragraph\" data-paragraph-number=\"9\" data-mrf-recirculation=\"Links inline\">Mendoza Celis cumple sus condenas en el\u00a0<b>penal de Tenango del Valle.<\/b>\u00a0En agosto de 2025 fue trasladado de emergencia a un hospital de Toluca por complicaciones respiratorias y regres\u00f3 al centro penitenciario en octubre de ese a\u00f1o.<\/p>\n<h2 id=\"ana-maria-serrano-cespedes:-el-feminicidio-que-conmociono-a-mexico-y-colombia\" class=\"text-align-left vertical-align-top line-height-100 header headline-class-h2 headline\">Ana Mar\u00eda Serrano C\u00e9spedes: el feminicidio que conmocion\u00f3 a M\u00e9xico y Colombia<\/h2>\n<div class=\"visual__image\"><picture><source srcset=\"https:\/\/www.infobae.com\/resizer\/v2\/TSCXMO4AB5EBZP7XHQRLFUV36A.jpg?auth=47893960e3c428b2a64719511a626ea2084521074e42f3938fc1f6ccc9957ca9&amp;smart=true&amp;width=992&amp;height=642&amp;quality=85\" media=\"(min-width: 1000px)\" \/><source srcset=\"https:\/\/www.infobae.com\/resizer\/v2\/TSCXMO4AB5EBZP7XHQRLFUV36A.jpg?auth=47893960e3c428b2a64719511a626ea2084521074e42f3938fc1f6ccc9957ca9&amp;smart=true&amp;width=768&amp;height=497&amp;quality=85\" media=\"(min-width: 768px)\" \/><source srcset=\"https:\/\/www.infobae.com\/resizer\/v2\/TSCXMO4AB5EBZP7XHQRLFUV36A.jpg?auth=47893960e3c428b2a64719511a626ea2084521074e42f3938fc1f6ccc9957ca9&amp;smart=true&amp;width=577&amp;height=374&amp;quality=85\" media=\"(min-width: 580px)\" \/><source srcset=\"https:\/\/www.infobae.com\/resizer\/v2\/TSCXMO4AB5EBZP7XHQRLFUV36A.jpg?auth=47893960e3c428b2a64719511a626ea2084521074e42f3938fc1f6ccc9957ca9&amp;smart=true&amp;width=420&amp;height=272&amp;quality=85\" media=\"(min-width: 350px)\" \/><source srcset=\"https:\/\/www.infobae.com\/resizer\/v2\/TSCXMO4AB5EBZP7XHQRLFUV36A.jpg?auth=47893960e3c428b2a64719511a626ea2084521074e42f3938fc1f6ccc9957ca9&amp;smart=true&amp;width=350&amp;height=227&amp;quality=85\" media=\"(min-width: 80px)\" \/><img loading=\"lazy\" decoding=\"async\" class=\"global-image\" src=\"https:\/\/www.infobae.com\/resizer\/v2\/TSCXMO4AB5EBZP7XHQRLFUV36A.jpg?auth=47893960e3c428b2a64719511a626ea2084521074e42f3938fc1f6ccc9957ca9&amp;smart=true&amp;width=350&amp;height=227&amp;quality=85\" alt=\"Ana Mar\u00eda Serrano C\u00e9spedes, joven v\u00edctima de feminicidio en M\u00e9xico\" width=\"913\" height=\"591\" \/><\/picture>Ella era Ana Mar\u00eda Serrano C\u00e9spedes, la joven que fue asesinada por su exnovio en M\u00e9xico, sobrina del exministro Jos\u00e9 Manuel Restrepo &#8211; cr\u00e9dito @jrestrp\/X<\/div>\n<p class=\"paragraph\" data-paragraph-number=\"10\" data-mrf-recirculation=\"Links inline\">El siguiente caso ocurri\u00f3 el\u00a0<b>12 de septiembre de 2023<\/b>, cuando\u00a0<b>Ana Mar\u00eda Serrano C\u00e9spedes<\/b>, de 18 a\u00f1os, fue encontrada sin vida dentro de su casa en el fraccionamiento Condado de Sayavedra, en Atizap\u00e1n de Zaragoza. La joven cursaba sus primeros meses como\u00a0<b>estudiante de medicina\u00a0<\/b>en la\u00a0<b>Universidad Panamericana<\/b>\u00a0y su familia ha se\u00f1alado que aspiraba a convertirse en cardi\u00f3loga.<\/p>\n<div class=\"ad_2 ad-wrapper dfpAd ad-1-al-6 ad-text ad-component-container\" data-ad-wrapper=\"arcad\" data-ad-type=\"ad_2\" data-ad-slot=\"infobae\/mexico\/nota\/ad_2\" data-ad-container=\"dfp\" data-ad-slot-name=\"infobae\/mexico\/nota\/ad_2\">\n<p class=\"ad-shell-label\">PUBLICIDAD<\/p>\n<\/div>\n<p class=\"paragraph\" data-paragraph-number=\"11\" data-mrf-recirculation=\"Links inline\">Los peritajes de la Fiscal\u00eda General de Justicia del Estado de M\u00e9xico determinaron que Serrano\u00a0<b>muri\u00f3 por asfixia mec\u00e1nica<\/b>, en su modalidad de ahorcadura por compresi\u00f3n extr\u00ednseca del cuello. Su cuerpo fue hallado colgando del cord\u00f3n de las cortinas de una ventana, en la habitaci\u00f3n de su domicilio.<\/p>\n<p class=\"paragraph\" data-paragraph-number=\"12\" data-mrf-recirculation=\"Links inline\">Las investigaciones ubicaron como sospechoso a\u00a0<b>Allan Gil Romero<\/b>, expareja sentimental de la v\u00edctima. Videos de vigilancia del fraccionamiento lo registraron ingresando al domicilio en tres ocasiones distintas ese mismo d\u00eda. En la habitaci\u00f3n de la joven quedaron\u00a0<b>un cubrebocas negro y una gorra<\/b>\u00a0que, de acuerdo con las pruebas presentadas por el Ministerio P\u00fablico, coinciden con las prendas visibles en esas grabaciones.<\/p>\n<div class=\"ad_3 ad-wrapper dfpAd ad-1-al-6 ad-text ad-component-container\" data-ad-wrapper=\"arcad\" data-ad-type=\"ad_3\" data-ad-slot=\"infobae\/mexico\/nota\/ad_3\" data-ad-container=\"dfp\" data-ad-slot-name=\"infobae\/mexico\/nota\/ad_3\">\n<p class=\"ad-shell-label\">PUBLICIDAD<\/p>\n<\/div>\n<p class=\"paragraph\" data-paragraph-number=\"13\" data-mrf-recirculation=\"Links inline\">El expediente incluy\u00f3 tambi\u00e9n capturas de pantalla del tel\u00e9fono de Serrano con mensajes en los que Allan<b>\u00a0la habr\u00eda amenazado de forma reiterada<\/b>. Seg\u00fan el relato del Ministerio P\u00fablico, dos d\u00edas antes de su muerte, Allan sustrajo la computadora personal de la joven, y desde ese dispositivo se enviaron despu\u00e9s mensajes a la\u00a0<b>madre de la v\u00edctima.<\/b><\/p>\n<p class=\"paragraph\" data-paragraph-number=\"14\" data-mrf-recirculation=\"Links inline\">Ana Mar\u00eda era\u00a0<b>sobrina de un exfuncionario colombiano<\/b>, quien exigi\u00f3 justicia p\u00fablicamente a trav\u00e9s de mensajes difundidos en redes sociales. Ese v\u00ednculo familiar ampli\u00f3 la cobertura del caso m\u00e1s all\u00e1 de M\u00e9xico y lo coloc\u00f3 tambi\u00e9n en la agenda informativa de Colombia.<\/p>\n<div class=\"ad_4 ad-wrapper dfpAd ad-1-al-6 ad-text ad-component-container\" data-ad-wrapper=\"arcad\" data-ad-type=\"ad_4\" data-ad-slot=\"infobae\/mexico\/nota\/ad_4\" data-ad-container=\"dfp\" data-ad-slot-name=\"infobae\/mexico\/nota\/ad_4\">\n<p class=\"ad-shell-label\">PUBLICIDAD<\/p>\n<\/div>\n<p class=\"paragraph\" data-paragraph-number=\"15\" data-mrf-recirculation=\"Links inline\">El 19 de septiembre de 2023, una jueza de control<b>\u00a0vincul\u00f3 a proceso a Allan \u201cN\u201d<\/b>\u00a0por el delito de feminicidio. La madre de la v\u00edctima,\u00a0<b>Ximena C\u00e9spedes<\/b>, ha reiterado en distintos momentos su exigencia de que el proceso judicial avance sin demoras.<\/p>\n<h2 id=\"marco-ebben-el-broker-holandes-del-cartel-de-sinaloa\" class=\"text-align-left vertical-align-top line-height-100 header headline-class-h2 headline\">Marco Ebben, el broker holand\u00e9s del C\u00e1rtel de Sinaloa<\/h2>\n<div class=\"visual__image\"><picture><source srcset=\"https:\/\/www.infobae.com\/resizer\/v2\/FOY24GMXMRFAVA2BSVZUHXTVWA.jpg?auth=71fa54593260a8a68d1d83cc7ce877f2e8e01cac2efe40c6fa9ebf4a84b2509c&amp;smart=true&amp;width=992&amp;height=558&amp;quality=85\" media=\"(min-width: 1000px)\" \/><source srcset=\"https:\/\/www.infobae.com\/resizer\/v2\/FOY24GMXMRFAVA2BSVZUHXTVWA.jpg?auth=71fa54593260a8a68d1d83cc7ce877f2e8e01cac2efe40c6fa9ebf4a84b2509c&amp;smart=true&amp;width=768&amp;height=432&amp;quality=85\" media=\"(min-width: 768px)\" \/><source srcset=\"https:\/\/www.infobae.com\/resizer\/v2\/FOY24GMXMRFAVA2BSVZUHXTVWA.jpg?auth=71fa54593260a8a68d1d83cc7ce877f2e8e01cac2efe40c6fa9ebf4a84b2509c&amp;smart=true&amp;width=577&amp;height=325&amp;quality=85\" media=\"(min-width: 580px)\" \/><source srcset=\"https:\/\/www.infobae.com\/resizer\/v2\/FOY24GMXMRFAVA2BSVZUHXTVWA.jpg?auth=71fa54593260a8a68d1d83cc7ce877f2e8e01cac2efe40c6fa9ebf4a84b2509c&amp;smart=true&amp;width=420&amp;height=236&amp;quality=85\" media=\"(min-width: 350px)\" \/><source srcset=\"https:\/\/www.infobae.com\/resizer\/v2\/FOY24GMXMRFAVA2BSVZUHXTVWA.jpg?auth=71fa54593260a8a68d1d83cc7ce877f2e8e01cac2efe40c6fa9ebf4a84b2509c&amp;smart=true&amp;width=350&amp;height=197&amp;quality=85\" media=\"(min-width: 80px)\" \/><img loading=\"lazy\" decoding=\"async\" class=\"global-image\" src=\"https:\/\/www.infobae.com\/resizer\/v2\/FOY24GMXMRFAVA2BSVZUHXTVWA.jpg?auth=71fa54593260a8a68d1d83cc7ce877f2e8e01cac2efe40c6fa9ebf4a84b2509c&amp;smart=true&amp;width=350&amp;height=197&amp;quality=85\" alt=\"Marco Ebben era uno de los narcotraficantes m\u00e1s buscado por la Europol. \n(Anayeli \/Tapia)\" width=\"1920\" height=\"1080\" \/><\/picture>Marco Ebben era uno de los narcotraficantes m\u00e1s buscado por la Europol. (Anayeli \/Tapia)<\/div>\n<p class=\"paragraph\" data-paragraph-number=\"16\" data-mrf-recirculation=\"Links inline\">El tercer caso corresponde a\u00a0<b>Marco Ebben<\/b>, narcotraficante neerland\u00e9s nacido el 31 de marzo de 1992,\u00a0<b>asesinado\u00a0<\/b>el 13 de febrero de 2025 en la zona residencial\u00a0<b>Hacienda del Valle Escondido<\/b>, en Atizap\u00e1n de Zaragoza. Dos sujetos le dispararon cuando sal\u00eda de su departamentomientras se dirig\u00eda al gimnasio donde realizaba su rutina diaria.<\/p>\n<p class=\"paragraph\" data-paragraph-number=\"17\" data-mrf-recirculation=\"Links inline\">Ebben figuraba entre los<b>\u00a0criminales m\u00e1s buscados por Europol<\/b>. El 2 de octubre de 2020, la agencia europea logr\u00f3 que un tribunal lo condenara a siete a\u00f1os y cuatro meses de prisi\u00f3n por introducir 400 kilogramos de coca\u00edna a los Pa\u00edses Bajos entre 2014 y 2015, ocultos en contenedores de pi\u00f1as procedentes de Brasil. En lugar de cumplir la sentencia, huy\u00f3 y se movi\u00f3 entre Espa\u00f1a, Dub\u00e1i, Italia y Turqu\u00eda.<\/p>\n<div class=\"ad_5 ad-wrapper dfpAd ad-1-al-6 ad-text ad-component-container\" data-ad-wrapper=\"arcad\" data-ad-type=\"ad_5\" data-ad-slot=\"infobae\/mexico\/nota\/ad_5\" data-ad-container=\"dfp\" data-ad-slot-name=\"infobae\/mexico\/nota\/ad_5\">\n<p class=\"ad-shell-label\">PUBLICIDAD<\/p>\n<\/div>\n<p class=\"paragraph\" data-paragraph-number=\"18\" data-mrf-recirculation=\"Links inline\">Dentro del\u00a0<b>C\u00e1rtel de Sinaloa<\/b>, Ebben operaba como \u201c<b>broker<\/b>\u201d: un enlace entre organizaciones criminales internacionales que facilitaba el<b>\u00a0tr\u00e1fico de drogas y armas<\/b>\u00a0entre Am\u00e9rica, Europa y Asia. De acuerdo con el periodista \u00d3scar Balderas,\u00a0<b>hablaba al menos seis idiomas<\/b>\u00a0y sus v\u00ednculos con\u00a0<b>Ismael \u201cEl Mayo\u201d Zambada<\/b>\u00a0se fortalecieron a trav\u00e9s de\u00a0<b>Jos\u00e9 Rodrigo Ar\u00e9chiga Gamboa, alias \u201cEl Chino \u00c1ntrax\u201d.\u00a0<\/b>Su funci\u00f3n inclu\u00eda la compra de armamento militar de alto calibre y la coordinaci\u00f3n de env\u00edos de coca\u00edna hacia Europa.<\/p>\n<p class=\"paragraph\" data-paragraph-number=\"19\" data-mrf-recirculation=\"Links inline\">En junio de 2024, Ebben fue herido en un<b>\u00a0tiroteo en Turqu\u00eda.\u00a0<\/b>Despu\u00e9s de ese ataque, obtuvo un pasaporte ruso y huy\u00f3 a M\u00e9xico, donde se uni\u00f3 a la facci\u00f3n de\u00a0<b>La Mayiza<\/b>\u00a0en la guerra interna del C\u00e1rtel de Sinaloa contra\u00a0<b>Los Chapitos<\/b>. En septiembre de ese a\u00f1o, el diario neerland\u00e9s\u00a0<i>De Telegraaf<\/i>\u00a0hab\u00eda reportado que Ebben ya<b>\u00a0estaba muerto tras un enfrentamiento en Culiac\u00e1n<\/b>, una versi\u00f3n que result\u00f3\u00a0<b>falsa<\/b>.<\/p>\n<div class=\"ad_6 ad-wrapper dfpAd ad-1-al-6 ad-text ad-component-container\" data-ad-wrapper=\"arcad\" data-ad-type=\"ad_6\" data-ad-slot=\"infobae\/mexico\/nota\/ad_6\" data-ad-container=\"dfp\" data-ad-slot-name=\"infobae\/mexico\/nota\/ad_6\">\n<p class=\"ad-shell-label\">PUBLICIDAD<\/p>\n<\/div>\n<p class=\"paragraph\" data-paragraph-number=\"20\" data-mrf-recirculation=\"Links inline\">La Secretar\u00eda de Marina llevaba tiempo siguiendo sus movimientos y un\u00a0<b>operativo para detenerlo estaba listo el mismo d\u00eda del asesinato.<\/b>\u00a0Los marinos llegaron al lugar 14 minutos despu\u00e9s del ataque. Ebben contaba con cuatro escoltas: dos exmilitares de la Sedena, un exmarino y un civil, todos originarios de Chilpancingo, Guerrero. Ninguno reaccion\u00f3 durante el ataque.<\/p>\n<p class=\"paragraph\" data-paragraph-number=\"21\" data-mrf-recirculation=\"Links inline\">En su domicilio se decomis\u00f3 un arsenal de armas largas y cortas de alto calibre, chalecos antibalas, equipo t\u00e1ctico, un traje de camuflaje tipo \u201cghillie\u201d usado por francotiradores y un mill\u00f3n de pesos en efectivo. Entre sus pertenencias tambi\u00e9n se hall\u00f3 una credencial falsa que lo acreditaba como agente de la DEA, a nombre de Jes\u00fas Antonio Vel\u00e1squez Rivas.<\/p>\n<h2 id=\"el-feminicidio-de-renata-a-manos-del-influencer-wero-bisnero\" class=\"text-align-left vertical-align-top line-height-100 header headline-class-h2 headline\">El feminicidio de Renata a manos del influencer Wero Bisnero<\/h2>\n<div class=\"visual__image\"><picture><source srcset=\"https:\/\/www.infobae.com\/resizer\/v2\/442EEDTYAJELRACIPCVG4Z74BQ.jpg?auth=43ccf2088cb8f1db7cc397d733b004a46a43ae74f5ffb13c12d3720dfc76f32a&amp;smart=true&amp;width=992&amp;height=1570&amp;quality=85\" media=\"(min-width: 1000px)\" \/><source srcset=\"https:\/\/www.infobae.com\/resizer\/v2\/442EEDTYAJELRACIPCVG4Z74BQ.jpg?auth=43ccf2088cb8f1db7cc397d733b004a46a43ae74f5ffb13c12d3720dfc76f32a&amp;smart=true&amp;width=768&amp;height=1215&amp;quality=85\" media=\"(min-width: 768px)\" \/><source srcset=\"https:\/\/www.infobae.com\/resizer\/v2\/442EEDTYAJELRACIPCVG4Z74BQ.jpg?auth=43ccf2088cb8f1db7cc397d733b004a46a43ae74f5ffb13c12d3720dfc76f32a&amp;smart=true&amp;width=577&amp;height=913&amp;quality=85\" media=\"(min-width: 580px)\" \/><source srcset=\"https:\/\/www.infobae.com\/resizer\/v2\/442EEDTYAJELRACIPCVG4Z74BQ.jpg?auth=43ccf2088cb8f1db7cc397d733b004a46a43ae74f5ffb13c12d3720dfc76f32a&amp;smart=true&amp;width=420&amp;height=665&amp;quality=85\" media=\"(min-width: 350px)\" \/><source srcset=\"https:\/\/www.infobae.com\/resizer\/v2\/442EEDTYAJELRACIPCVG4Z74BQ.jpg?auth=43ccf2088cb8f1db7cc397d733b004a46a43ae74f5ffb13c12d3720dfc76f32a&amp;smart=true&amp;width=350&amp;height=554&amp;quality=85\" media=\"(min-width: 80px)\" \/><img loading=\"lazy\" decoding=\"async\" class=\"global-image\" src=\"https:\/\/www.infobae.com\/resizer\/v2\/442EEDTYAJELRACIPCVG4Z74BQ.jpg?auth=43ccf2088cb8f1db7cc397d733b004a46a43ae74f5ffb13c12d3720dfc76f32a&amp;smart=true&amp;width=350&amp;height=554&amp;quality=85\" alt=\"Rodolfo &quot;N&quot; Wero Bisnero\" width=\"709\" height=\"1122\" \/><\/picture>Trat\u00f3 de huir del sitio tras la agresi\u00f3n (FGJEM)<\/div>\n<p class=\"paragraph\" data-paragraph-number=\"22\" data-mrf-recirculation=\"Links inline\">Renata Palmer muri\u00f3 el\u00a0<b>5 de octubre de 2025<\/b>\u00a0luego de ser atacada con un objeto punzocortante dentro de su departamento, en el fraccionamiento Loma Antigua de Atizap\u00e1n de Zaragoza. La agresi\u00f3n le provoc\u00f3 heridas que le causaron la muerte. El proceso contra\u00a0<b>Rodolfo \u201cN\u201d,<\/b>\u00a0conocido en redes como<b>\u00a0\u201cEl Wero Bisnero\u201d,<\/b>\u00a0permanece abierto.<\/p>\n<p class=\"paragraph\" data-paragraph-number=\"23\" data-mrf-recirculation=\"Links inline\">Rodolfo \u201cN\u201d fue\u00a0<b>detenido el mismo d\u00eda de los hechos,<\/b>\u00a0luego de que autoridades acudieron al inmueble. Un juez calific\u00f3 como legal su captura y le impuso prisi\u00f3n preventiva, por lo que permanece internado en el Centro Preventivo y de Reinserci\u00f3n Social de Tlalnepantla de Baz, conocido como penal de Barrientos.<\/p>\n<p class=\"paragraph\" data-paragraph-number=\"24\" data-mrf-recirculation=\"Links inline\">De acuerdo con la investigaci\u00f3n,<b>\u00a0la hija de Renata, de tres a\u00f1os, se encontraba dentro del departamento\u00a0<\/b>al momento del ataque y sobrevivi\u00f3 al crimen.<\/p>\n<p class=\"paragraph\" data-paragraph-number=\"25\" data-mrf-recirculation=\"Links inline\">Las indagatorias tambi\u00e9n se\u00f1alan que, tras la agresi\u00f3n, Rodolfo \u201cN\u201d habr\u00eda\u00a0<b>intentado escapar del edificio<\/b>\u00a0y posteriormente regresar a su vivienda, ubicada en el mismo recinto, donde presuntamente<b>\u00a0busc\u00f3 deshacerse de evidencia<\/b>, entre ella ropa con manchas de sangre. Estos elementos fueron integrados por la Fiscal\u00eda a la carpeta de investigaci\u00f3n.<\/p>\n<p class=\"paragraph\" data-paragraph-number=\"26\" data-mrf-recirculation=\"Links inline\">El caso provoc\u00f3 una fuerte movilizaci\u00f3n social en Atizap\u00e1n. En febrero de 2026, familiares, amigos y vecinos bloquearon la avenida Jorge Jim\u00e9nez Cant\u00fa para exigir justicia y denunciar que hab\u00edan reclasificado el delito: de feminicidio a homicidio.<\/p>\n<p class=\"paragraph\" data-paragraph-number=\"27\" data-mrf-recirculation=\"Links inline\">A casi un a\u00f1o del crimen, el influencer contin\u00faa sujeto a proceso penal en el penal de Barrientos, mientras la familia mantiene la exigencia de que el asesinato sea reconocido y sancionado como feminicidio.<\/p>\n<h2 id=\"el-caso-de-jonathan-melendez-y-su-familia\" class=\"text-align-left vertical-align-top line-height-100 header headline-class-h2 headline\">El caso de Jonathan Mel\u00e9ndez y su familia<\/h2>\n<div class=\"visual__image\"><picture><source srcset=\"https:\/\/www.infobae.com\/resizer\/v2\/SOMQB35UGZBNNPTD2MJNAI5OEY.png?auth=dd68d70526e5905d32117517d71bb8f568610f401790c477750a676912921c0c&amp;smart=true&amp;width=992&amp;height=554&amp;quality=85\" media=\"(min-width: 1000px)\" \/><source srcset=\"https:\/\/www.infobae.com\/resizer\/v2\/SOMQB35UGZBNNPTD2MJNAI5OEY.png?auth=dd68d70526e5905d32117517d71bb8f568610f401790c477750a676912921c0c&amp;smart=true&amp;width=768&amp;height=429&amp;quality=85\" media=\"(min-width: 768px)\" \/><source srcset=\"https:\/\/www.infobae.com\/resizer\/v2\/SOMQB35UGZBNNPTD2MJNAI5OEY.png?auth=dd68d70526e5905d32117517d71bb8f568610f401790c477750a676912921c0c&amp;smart=true&amp;width=577&amp;height=322&amp;quality=85\" media=\"(min-width: 580px)\" \/><source srcset=\"https:\/\/www.infobae.com\/resizer\/v2\/SOMQB35UGZBNNPTD2MJNAI5OEY.png?auth=dd68d70526e5905d32117517d71bb8f568610f401790c477750a676912921c0c&amp;smart=true&amp;width=420&amp;height=234&amp;quality=85\" media=\"(min-width: 350px)\" \/><source srcset=\"https:\/\/www.infobae.com\/resizer\/v2\/SOMQB35UGZBNNPTD2MJNAI5OEY.png?auth=dd68d70526e5905d32117517d71bb8f568610f401790c477750a676912921c0c&amp;smart=true&amp;width=350&amp;height=195&amp;quality=85\" media=\"(min-width: 80px)\" \/><img loading=\"lazy\" decoding=\"async\" class=\"global-image\" src=\"https:\/\/www.infobae.com\/resizer\/v2\/SOMQB35UGZBNNPTD2MJNAI5OEY.png?auth=dd68d70526e5905d32117517d71bb8f568610f401790c477750a676912921c0c&amp;smart=true&amp;width=350&amp;height=195&amp;quality=85\" alt=\"Un hombre con gafas de sol y camisa de rayas toca un teclado sobre un escenario con una pantalla azul.\" width=\"2752\" height=\"1536\" \/><\/picture>Jonathan Samuel Mel\u00e9ndez Ochoa fue asesinado junto a su familia (Imagen Ilustrativa Infobae)<\/div>\n<p class=\"paragraph\" data-paragraph-number=\"28\" data-mrf-recirculation=\"Links inline\"><b>Jonathan \u201cHonas\u201d Mel\u00e9ndez<\/b>, tecladista y fundador de la banda\u00a0<b>Camilo S\u00e9ptimo<\/b>, fue\u00a0<b>asesinado<\/b>\u00a0junto con su\u00a0<b>esposa embarazada, su hija de tres a\u00f1os y una empleada de 21 a\u00f1os<\/b>, la noche del martes 1 de septiembre en un departamento del fraccionamiento Grand Viure. Un ni\u00f1o de seis a\u00f1os, hijo del m\u00fasico, sobrevivi\u00f3 escondido durante m\u00e1s de tres\u00a0<b>horas<\/b>\u00a0junto a los cuerpos hasta que lleg\u00f3 la\u00a0<b>polic\u00eda<\/b>.<\/p>\n<p class=\"paragraph\" data-paragraph-number=\"29\" data-mrf-recirculation=\"Links inline\"><b>Diego Sebasti\u00e1n Rosen Ferlini<\/b>, ciudadano argentino y socio de Mel\u00e9ndez en el negocio de renta de propiedades vacacionales\u00a0<b>Nomad Property Management<\/b>, enfrentaba desde julio denuncias p\u00fablicas de\u00a0<b>fraude\u00a0<\/b>de v\u00edctimas en distintos destinos tur\u00edsticos del pa\u00eds.<\/p>\n<p class=\"paragraph\" data-paragraph-number=\"30\" data-mrf-recirculation=\"Links inline\">La Fiscal\u00eda General de Justicia del Estado de M\u00e9xico detuvo, en un operativo conjunto con la Secretar\u00eda de Seguridad y Protecci\u00f3n Ciudadana y la polic\u00eda de la Ciudad de M\u00e9xico, a Rosen Ferlini y a un segundo hombre identificado como\u00a0<b>Gerardo \u201cN\u201d, se\u00f1alado como su chofer,<\/b>\u00a0por su probable participaci\u00f3n en el\u00a0<b>multihomicidio<\/b>.<\/p>\n<p class=\"paragraph\" data-paragraph-number=\"31\" data-mrf-recirculation=\"Links inline\">Un d\u00eda antes del ataque, Mel\u00e9ndez pidi\u00f3 a un amigo identificado como Freddy que alertara a las autoridades si no ten\u00eda noticias suyas, pues se reunir\u00eda con Rosen Ferlini, con quien ya ten\u00eda algunas diferencias.<\/p>\n<p class=\"paragraph\" data-paragraph-number=\"32\" data-mrf-recirculation=\"Links inline\">Las c\u00e1maras del elevador del edificio registraron a Rosen Ferlini ingresando al departamento a las 17:24 horas del martes 1 de septiembre, de acuerdo con el video difundido en redes sociales.\u00a0<b>Ana Paola, esposa del m\u00fasico,<\/b>\u00a0le abri\u00f3 la puerta porque Mel\u00e9ndez a\u00fan no hab\u00eda llegado.<\/p>\n<p class=\"paragraph\" data-paragraph-number=\"33\" data-mrf-recirculation=\"Links inline\">De acuerdo con la carpeta de investigaci\u00f3n 00364\/26\/09, el presunto responsable amag\u00f3 con un arma a Ana Paola y a la ni\u00f1a, orden\u00f3 atar al perro de la familia y despu\u00e9s amarr\u00f3 y dispar\u00f3 a quemarropa a madre e hija. La empleada dom\u00e9stica recibi\u00f3 un disparo por la espalda. Despu\u00e9s lleg\u00f3 el m\u00fasico y tambi\u00e9n fue asesinado.<\/p>\n<p class=\"paragraph\" data-paragraph-number=\"34\" data-mrf-recirculation=\"Links inline\">La polic\u00eda municipal de Atizap\u00e1n de Zaragoza hall\u00f3 los cuerpos a las 23:50 horas del mismo martes, tras acudir al inmueble.<\/p>\n<p class=\"paragraph\" data-paragraph-number=\"35\" data-mrf-recirculation=\"Links inline\">Rosen Ferlini utiliz\u00f3 un silenciador durante el ataque y cambi\u00f3 las placas de su veh\u00edculo, un Kia gris, por las de un auto \u00d3nix, para evitar ser identificado. Su detenci\u00f3n se logr\u00f3 despu\u00e9s de que Gerardo, su presunto c\u00f3mplice, olvidara la licencia de conducir en el filtro de acceso del residencial.<\/p>\n<\/div>\n<p data-paragraph-number=\"35\" data-mrf-recirculation=\"Links inline\">Con informaci\u00f3n de Infobae<\/p>\n","protected":false},"excerpt":{"rendered":"<p>Atizap\u00e1n de Zaragoza ha sido escenario de algunos de los cr\u00edmenes m\u00e1s impactantes del Estado de M\u00e9xico, el m\u00e1s reciente el multihomicidio del m\u00fasico Jonathan Mel\u00e9ndez y su familia Por Anayeli Tapia Sandoval El multihomicidio de\u00a0Jonathan Mel\u00e9ndez,\u00a0tecladista de\u00a0Camilo S\u00e9ptimo, su esposa embarazada, su hija de tres a\u00f1os y una trabajadora dom\u00e9stica, ocurrido el 1 de septiembre en el fraccionamiento\u00a0Grand Viure, volvi\u00f3 a colocar a\u00a0Atizap\u00e1n de Zaragoza\u00a0en el centro de la atenci\u00f3n nacional. Aunque el municipio es conocido por sus exclusivos desarrollos residenciales en la Zona Esmeralda del\u00a0Estado de M\u00e9xico,\u00a0en los \u00faltimos a\u00f1os tambi\u00e9n ha sido escenario de cr\u00edmenes de alto [&hellip;]<\/p>\n","protected":false},"author":3,"featured_media":152270,"comment_status":"open","ping_status":"open","sticky":false,"template":"","format":"standard","meta":{"_jetpack_newsletter_access":"","_jetpack_dont_email_post_to_subs":false,"_jetpack_newsletter_tier_id":0,"_jetpack_memberships_contains_paywalled_content":false,"_jetpack_feature_clip_id":0,"_jetpack_memberships_contains_paid_content":false,"footnotes":"","jetpack_publicize_message":"","jetpack_publicize_feature_enabled":true,"jetpack_social_post_already_shared":true,"jetpack_social_options":{"image_generator_settings":{"template":"highway","default_image_id":0,"font":"","enabled":false},"version":2},"jetpack_post_was_ever_published":false},"categories":[75],"tags":[],"class_list":["post-152268","post","type-post","status-publish","format-standard","has-post-thumbnail","hentry","category-nacional","post--single"],"jetpack_publicize_connections":[],"jetpack_featured_media_url":"https:\/\/ovelanalista.com\/wp-content\/uploads\/2026\/09\/Captura-de-Pantalla-2026-09-03-a-las-11.48.35.png","jetpack_sharing_enabled":true,"_links":{"self":[{"href":"https:\/\/ovelanalista.com\/index.php?rest_route=\/wp\/v2\/posts\/152268","targetHints":{"allow":["GET"]}}],"collection":[{"href":"https:\/\/ovelanalista.com\/index.php?rest_route=\/wp\/v2\/posts"}],"about":[{"href":"https:\/\/ovelanalista.com\/index.php?rest_route=\/wp\/v2\/types\/post"}],"author":[{"embeddable":true,"href":"https:\/\/ovelanalista.com\/index.php?rest_route=\/wp\/v2\/users\/3"}],"replies":[{"embeddable":true,"href":"https:\/\/ovelanalista.com\/index.php?rest_route=%2Fwp%2Fv2%2Fcomments&post=152268"}],"version-history":[{"count":1,"href":"https:\/\/ovelanalista.com\/index.php?rest_route=\/wp\/v2\/posts\/152268\/revisions"}],"predecessor-version":[{"id":152271,"href":"https:\/\/ovelanalista.com\/index.php?rest_route=\/wp\/v2\/posts\/152268\/revisions\/152271"}],"wp:featuredmedia":[{"embeddable":true,"href":"https:\/\/ovelanalista.com\/index.php?rest_route=\/wp\/v2\/media\/152270"}],"wp:attachment":[{"href":"https:\/\/ovelanalista.com\/index.php?rest_route=%2Fwp%2Fv2%2Fmedia&parent=152268"}],"wp:term":[{"taxonomy":"category","embeddable":true,"href":"https:\/\/ovelanalista.com\/index.php?rest_route=%2Fwp%2Fv2%2Fcategories&post=152268"},{"taxonomy":"post_tag","embeddable":true,"href":"https:\/\/ovelanalista.com\/index.php?rest_route=%2Fwp%2Fv2%2Ftags&post=152268"}],"curies":[{"name":"wp","href":"https:\/\/api.w.org\/{rel}","templated":true}]}}