{"id":152272,"date":"2026-09-03T19:30:23","date_gmt":"2026-09-04T02:30:23","guid":{"rendered":"https:\/\/ovelanalista.com\/?p=152272"},"modified":"2026-09-03T11:52:27","modified_gmt":"2026-09-03T18:52:27","slug":"tras-crisis-que-acabo-en-la-segunda-salida-rocha-moya-sheinbaum-visitara-sinaloa-el-20-de-septiembre","status":"publish","type":"post","link":"https:\/\/ovelanalista.com\/?p=152272","title":{"rendered":"Tras crisis que acab\u00f3 en la segunda salida Rocha Moya, Sheinbaum visitar\u00e1 Sinaloa el 20 de septiembre"},"content":{"rendered":"<p>La presidenta confirm\u00f3 que visitar\u00e1 la entidad como parte de las giras posteriores a su Segundo Informe de Gobierno; ser\u00e1 su primer encuentro con Graciela Dom\u00ednguez Nava como gobernadora interina, despu\u00e9s del fallido regreso de Rub\u00e9n Rocha Moya al cargo.<\/p>\n<p class=\"text-gray-700 leading-relaxed text-[17px] mb-4\">CIUDAD DE M\u00c9XICO (apro) .- Semanas despu\u00e9s de la crisis pol\u00edtica que provoc\u00f3 el fallido regreso de Rub\u00e9n Rocha Moya a la gubernatura y que termin\u00f3 con su salida del cargo y la designaci\u00f3n de Graciela Dom\u00ednguez Nava como gobernadora interina, la presidenta Claudia Sheinbaum confirm\u00f3 que visitar\u00e1 la entidad a finales de septiembre.<\/p>\n<p class=\"text-gray-700 leading-relaxed text-[17px] mb-4\">Sheinbaum confirm\u00f3 la fecha durante su conferencia matutina de este jueves, al ser cuestionada sobre la situaci\u00f3n en Sinaloa y su relaci\u00f3n con la nueva gobernadora.<\/p>\n<p class=\"text-gray-700 leading-relaxed text-[17px] mb-4\">La mandataria explic\u00f3 que todav\u00eda no hab\u00eda tenido una conversaci\u00f3n directa con Dom\u00ednguez Nava, pero adelant\u00f3 que el Gabinete de Seguridad federal acudir\u00e1 antes a la entidad para las reuniones peri\u00f3dicas de seguimiento y posteriormente ella viajar\u00e1 el 20 de septiembre.<\/p>\n<p class=\"text-gray-700 leading-relaxed text-[17px] mb-4\">\u201cAh\u00ed toca ya platicar con ella\u201d, dijo Sheinbaum al referirse a su pr\u00f3ximo encuentro con la gobernadora interina.<\/p>\n<div class=\"relative w-[110px] shrink-0 overflow-hidden bg-gray-100 sm:w-[180px]\"><img loading=\"lazy\" decoding=\"async\" class=\"h-full w-full object-cover aligncenter\" src=\"https:\/\/img.proceso.com.mx\/N_hGDDmoC4GqJVUM3EJBsCkofdTcKXy9GgXtsUms108\/rs:fill:440:330:0\/g:fp:0.48:0.629\/aHR0cHM6Ly9hc3NldHMucHJvY2Vzby5jb20ubXgvaW1nLzE3ODc2OTA4NTE1MjYtMzd6M2ppLmpwZw\" alt=\"Ni muy cerca ni muy lejos del rochismo: ella es\u00a0Graciela Dom\u00ednguez Nava,\u00a0gobernadora de Sinaloa\" width=\"701\" height=\"526\" \/><\/div>\n<div class=\"flex min-w-0 flex-1 items-center gap-3 px-4 py-3 sm:px-5 sm:py-4\">\n<div class=\"min-w-0 flex-1\"><span class=\"block text-[13px] text-gray-600\">Te puede interesar:<\/span><span class=\"mt-1 block text-[15px] font-bold leading-snug text-gray-900 sm:text-[17px]\">Ni muy cerca ni muy lejos del rochismo: ella es\u00a0Graciela Dom\u00ednguez Nava,\u00a0gobernadora de Sinaloa<\/span><\/div>\n<p><span class=\"shrink-0 border-l border-amber-200 pl-3 text-2xl leading-none text-amber-500 sm:pl-4\" aria-hidden=\"true\">\u203a<\/span><\/div>\n<p class=\"text-gray-700 leading-relaxed text-[17px] mb-4\">La visita ocurrir\u00e1 en un escenario pol\u00edtico distinto al que prevalec\u00eda hasta agosto, cuando Rocha Moya intent\u00f3 regresar a la gubernatura despu\u00e9s de casi cuatro meses de licencia despu\u00e9s de haber sido se\u00f1alado de tener v\u00ednculos con el narcotr\u00e1fico por autoridades estadunidenses.<\/p>\n<p class=\"text-gray-700 leading-relaxed text-[17px] mb-4\">El 21 de agosto, mientras el gobierno federal enfrentaba un momento de tensi\u00f3n por la situaci\u00f3n del gobernador sinaloense, Rocha Moya anunci\u00f3 su regreso al cargo. Su decisi\u00f3n gener\u00f3 una crisis pol\u00edtica que llev\u00f3 a una nueva solicitud de licencia y, posteriormente, a que el Congreso de Sinaloa designara a Dom\u00ednguez Nava para concluir el periodo constitucional.<\/p>\n<p class=\"text-gray-700 leading-relaxed text-[17px] mb-4\">El episodio coloc\u00f3 nuevamente a Sinaloa en el centro de la discusi\u00f3n pol\u00edtica nacional y ocurri\u00f3 en un contexto particularmente delicado para el gobierno de Sheinbaum por la relaci\u00f3n con Estados Unidos en materia de seguridad.<\/p>\n<p class=\"text-gray-700 leading-relaxed text-[17px] mb-4\">La administraci\u00f3n de Donald Trump ha se\u00f1alado presuntos v\u00ednculos entre integrantes de la clase pol\u00edtica mexicana y organizaciones delictivas, mientras el gobierno de Sheinbaum ha profundizado la cooperaci\u00f3n con Washington en materia de seguridad y combate al narcotr\u00e1fico.<\/p>\n<p class=\"text-gray-700 leading-relaxed text-[17px] mb-4\">En este contexto, durante el mensaje que ofreci\u00f3 con motivo del segundo informe de gobierno, Sheinbaum insisti\u00f3 que el movimiento mantiene un mismo rumbo y cerr\u00f3 su mensaje con un llamado a la defensa de la transformaci\u00f3n y del pa\u00eds.<\/p>\n<p class=\"text-gray-700 leading-relaxed text-[17px] mb-4\">La gobernadora interina estuvo presente el pasado martes en Palacio Nacional durante el Segundo Informe de Gobierno de Sheinbaum. Tras el acto, calific\u00f3 el mensaje de la presidenta como un informe de resultados y destac\u00f3 el respaldo del gobierno federal a Sinaloa.<\/p>\n<p class=\"text-gray-700 leading-relaxed text-[17px] mb-4\">La visita del 20 de septiembre ser\u00e1, por tanto, el primer encuentro entre Sheinbaum y Dom\u00ednguez Nava en Sinaloa desde que la legisladora asumi\u00f3 la gubernatura interina, despu\u00e9s de la salida de Rocha Moya.<\/p>\n<div class=\"ad-zone flex flex-col gap-4 flex justify-center my-6\" data-ad-zone=\"banner-115\" data-ad-device=\"desktop\" data-banner-id=\"115\">\n<div data-e80-embed=\"banner-115\">\n<div class=\"AV69e62c2aa20983d36b0fa9d7\">\n<div id=\"aniBox\">\n<div id=\"aniplayer_AV69e62c2aa20983d36b0fa9d7-1788457983334\">\n<div id=\"aniplayer_AV69e62c2aa20983d36b0fa9d7-1788457983334Wrapper\" class=\"avp-floating-container avp-move-left-enter-done\" tabindex=\"0\">\n<div class=\"avp-body\">\n<div class=\"avp-main\">\n<div id=\"aniplayer_AV69e62c2aa20983d36b0fa9d7-1788457983334Container\" class=\"avp-source avp-clickable\" tabindex=\"-1\">\n<div class=\"avp-bottom\">\n<div class=\"avp-control-bar\">\n<div class=\"avp-secondary-controls-end\"><\/div>\n<\/div>\n<\/div>\n<\/div>\n<\/div>\n<\/div>\n<\/div>\n<\/div>\n<\/div>\n<\/div>\n<\/div>\n<\/div>\n<p class=\"text-gray-700 leading-relaxed text-[17px] mb-4\">Adem\u00e1s de la dimensi\u00f3n pol\u00edtica, la seguridad ser\u00e1 uno de los asuntos centrales de la agenda federal en la entidad. El gobierno de Sheinbaum mantiene reuniones peri\u00f3dicas del Gabinete de Seguridad en Sinaloa, en medio de la violencia vinculada con las disputas entre grupos delictivos que operan en el estado.<\/p>\n<p class=\"text-gray-700 leading-relaxed text-[17px] mb-4\">La presidenta ha sostenido que su gobierno mantendr\u00e1 la coordinaci\u00f3n con las autoridades estatales y que la estrategia de seguridad federal continuar\u00e1 en la entidad.<\/p>\n<p class=\"text-gray-700 leading-relaxed text-[17px] mb-4\">La gira del 20 de septiembre se realizar\u00e1 como parte de las actividades de la presidenta posteriores a su Segundo Informe de Gobierno, pero tendr\u00e1 como tel\u00f3n de fondo la crisis pol\u00edtica que en agosto termin\u00f3 con la salida de Rocha Moya y abri\u00f3 una nueva etapa para el gobierno de Sinaloa.<\/p>\n<p>&nbsp;<\/p>\n<p>&nbsp;<\/p>\n<p>Con informaci\u00f3n de Proceso<\/p>\n","protected":false},"excerpt":{"rendered":"<p>La presidenta confirm\u00f3 que visitar\u00e1 la entidad como parte de las giras posteriores a su Segundo Informe de Gobierno; ser\u00e1 su primer encuentro con Graciela Dom\u00ednguez Nava como gobernadora interina, despu\u00e9s del fallido regreso de Rub\u00e9n Rocha Moya al cargo. CIUDAD DE M\u00c9XICO (apro) .- Semanas despu\u00e9s de la crisis pol\u00edtica que provoc\u00f3 el fallido regreso de Rub\u00e9n Rocha Moya a la gubernatura y que termin\u00f3 con su salida del cargo y la designaci\u00f3n de Graciela Dom\u00ednguez Nava como gobernadora interina, la presidenta Claudia Sheinbaum confirm\u00f3 que visitar\u00e1 la entidad a finales de septiembre. Sheinbaum confirm\u00f3 la fecha durante su [&hellip;]<\/p>\n","protected":false},"author":3,"featured_media":152274,"comment_status":"open","ping_status":"open","sticky":false,"template":"","format":"standard","meta":{"_jetpack_newsletter_access":"","_jetpack_dont_email_post_to_subs":false,"_jetpack_newsletter_tier_id":0,"_jetpack_memberships_contains_paywalled_content":false,"_jetpack_feature_clip_id":0,"_jetpack_memberships_contains_paid_content":false,"footnotes":"","jetpack_publicize_message":"","jetpack_publicize_feature_enabled":true,"jetpack_social_post_already_shared":true,"jetpack_social_options":{"image_generator_settings":{"template":"highway","default_image_id":0,"font":"","enabled":false},"version":2},"jetpack_post_was_ever_published":false},"categories":[75],"tags":[],"class_list":["post-152272","post","type-post","status-publish","format-standard","has-post-thumbnail","hentry","category-nacional","post--single"],"jetpack_publicize_connections":[],"jetpack_featured_media_url":"https:\/\/ovelanalista.com\/wp-content\/uploads\/2026\/09\/Captura-de-Pantalla-2026-09-03-a-las-11.51.19.png","jetpack_sharing_enabled":true,"_links":{"self":[{"href":"https:\/\/ovelanalista.com\/index.php?rest_route=\/wp\/v2\/posts\/152272","targetHints":{"allow":["GET"]}}],"collection":[{"href":"https:\/\/ovelanalista.com\/index.php?rest_route=\/wp\/v2\/posts"}],"about":[{"href":"https:\/\/ovelanalista.com\/index.php?rest_route=\/wp\/v2\/types\/post"}],"author":[{"embeddable":true,"href":"https:\/\/ovelanalista.com\/index.php?rest_route=\/wp\/v2\/users\/3"}],"replies":[{"embeddable":true,"href":"https:\/\/ovelanalista.com\/index.php?rest_route=%2Fwp%2Fv2%2Fcomments&post=152272"}],"version-history":[{"count":1,"href":"https:\/\/ovelanalista.com\/index.php?rest_route=\/wp\/v2\/posts\/152272\/revisions"}],"predecessor-version":[{"id":152275,"href":"https:\/\/ovelanalista.com\/index.php?rest_route=\/wp\/v2\/posts\/152272\/revisions\/152275"}],"wp:featuredmedia":[{"embeddable":true,"href":"https:\/\/ovelanalista.com\/index.php?rest_route=\/wp\/v2\/media\/152274"}],"wp:attachment":[{"href":"https:\/\/ovelanalista.com\/index.php?rest_route=%2Fwp%2Fv2%2Fmedia&parent=152272"}],"wp:term":[{"taxonomy":"category","embeddable":true,"href":"https:\/\/ovelanalista.com\/index.php?rest_route=%2Fwp%2Fv2%2Fcategories&post=152272"},{"taxonomy":"post_tag","embeddable":true,"href":"https:\/\/ovelanalista.com\/index.php?rest_route=%2Fwp%2Fv2%2Ftags&post=152272"}],"curies":[{"name":"wp","href":"https:\/\/api.w.org\/{rel}","templated":true}]}}