{"id":152273,"date":"2026-09-03T20:00:47","date_gmt":"2026-09-04T03:00:47","guid":{"rendered":"https:\/\/ovelanalista.com\/?p=152273"},"modified":"2026-09-03T11:54:09","modified_gmt":"2026-09-03T18:54:09","slug":"anuncia-sheinbaum-que-visitara-sinaloa-el-proximo-20-de-septiembre","status":"publish","type":"post","link":"https:\/\/ovelanalista.com\/?p=152273","title":{"rendered":"Anuncia Sheinbaum que visitar\u00e1 Sinaloa el pr\u00f3ximo 20 de septiembre"},"content":{"rendered":"<p>La presidenta de la Rep\u00fablica, Claudia Sheinbaum Pardo, inform\u00f3 que hasta el momento no ha sostenido una conversaci\u00f3n con la gobernadora interina de Sinaloa, Graciela Dom\u00ednguez Nava.<\/p>\n<div class=\"google-anno-skip google-anno-sc\" tabindex=\"0\" role=\"link\" aria-label=\"Referencia geogr\u00e1fica\" data-google-vignette=\"false\" data-google-interstitial=\"false\">Referencia geogr\u00e1fica<\/div>\n<p>La titular del Ejecutivo federal adelant\u00f3 que el gabinete de seguridad federal se trasladar\u00e1 pr\u00f3ximamente al estado para participar en las reuniones peri\u00f3dicas orientadas a la atenci\u00f3n y seguimiento de la seguridad en la regi\u00f3n.<\/p>\n<p>\u201cVa a ir el Gabinete de Seguridad pronto a Sinaloa, no recuerdo exactamente el d\u00eda. Van a ir ellos a las reuniones peri\u00f3dicas que tienen para atender la seguridad a Sinaloa\u201d, se\u00f1al\u00f3.<\/p>\n<p>Asimismo, la mandataria dio a conocer que dentro de sus recorridos programados para el mes patrio tiene contemplado visitar la entidad, \u201cnos toca ir ahora en las giras, en septiembre, a Sinaloa\u201d.<\/p>\n<p>Sheinbaum Pardo confirm\u00f3 que ser\u00e1 precisamente durante esa gira presidencial cuando prev\u00e9 reunirse de manera presencial con la titular del Ejecutivo estatal.<\/p>\n<p>\u201cEl 20 de septiembre vamos a ir a Sinaloa y ah\u00ed tendr\u00e9 oportunidad de platicar con ella\u201d, puntualiz\u00f3.<\/p>\n<p>&nbsp;<\/p>\n<p>Con informaci\u00f3n de R\u00edo Doce<\/p>\n","protected":false},"excerpt":{"rendered":"<p>La presidenta de la Rep\u00fablica, Claudia Sheinbaum Pardo, inform\u00f3 que hasta el momento no ha sostenido una conversaci\u00f3n con la gobernadora interina de Sinaloa, Graciela Dom\u00ednguez Nava. Referencia geogr\u00e1fica La titular del Ejecutivo federal adelant\u00f3 que el gabinete de seguridad federal se trasladar\u00e1 pr\u00f3ximamente al estado para participar en las reuniones peri\u00f3dicas orientadas a la atenci\u00f3n y seguimiento de la seguridad en la regi\u00f3n. \u201cVa a ir el Gabinete de Seguridad pronto a Sinaloa, no recuerdo exactamente el d\u00eda. Van a ir ellos a las reuniones peri\u00f3dicas que tienen para atender la seguridad a Sinaloa\u201d, se\u00f1al\u00f3. Asimismo, la mandataria dio [&hellip;]<\/p>\n","protected":false},"author":3,"featured_media":152276,"comment_status":"open","ping_status":"open","sticky":false,"template":"","format":"standard","meta":{"_jetpack_newsletter_access":"","_jetpack_dont_email_post_to_subs":false,"_jetpack_newsletter_tier_id":0,"_jetpack_memberships_contains_paywalled_content":false,"_jetpack_feature_clip_id":0,"_jetpack_memberships_contains_paid_content":false,"footnotes":"","jetpack_publicize_message":"","jetpack_publicize_feature_enabled":true,"jetpack_social_post_already_shared":true,"jetpack_social_options":{"image_generator_settings":{"template":"highway","default_image_id":0,"font":"","enabled":false},"version":2},"jetpack_post_was_ever_published":false},"categories":[90,75],"tags":[],"class_list":["post-152273","post","type-post","status-publish","format-standard","has-post-thumbnail","hentry","category-estatal","category-nacional","post--single"],"jetpack_publicize_connections":[],"jetpack_featured_media_url":"https:\/\/ovelanalista.com\/wp-content\/uploads\/2026\/09\/Captura-de-Pantalla-2026-09-03-a-las-11.52.56.png","jetpack_sharing_enabled":true,"_links":{"self":[{"href":"https:\/\/ovelanalista.com\/index.php?rest_route=\/wp\/v2\/posts\/152273","targetHints":{"allow":["GET"]}}],"collection":[{"href":"https:\/\/ovelanalista.com\/index.php?rest_route=\/wp\/v2\/posts"}],"about":[{"href":"https:\/\/ovelanalista.com\/index.php?rest_route=\/wp\/v2\/types\/post"}],"author":[{"embeddable":true,"href":"https:\/\/ovelanalista.com\/index.php?rest_route=\/wp\/v2\/users\/3"}],"replies":[{"embeddable":true,"href":"https:\/\/ovelanalista.com\/index.php?rest_route=%2Fwp%2Fv2%2Fcomments&post=152273"}],"version-history":[{"count":1,"href":"https:\/\/ovelanalista.com\/index.php?rest_route=\/wp\/v2\/posts\/152273\/revisions"}],"predecessor-version":[{"id":152278,"href":"https:\/\/ovelanalista.com\/index.php?rest_route=\/wp\/v2\/posts\/152273\/revisions\/152278"}],"wp:featuredmedia":[{"embeddable":true,"href":"https:\/\/ovelanalista.com\/index.php?rest_route=\/wp\/v2\/media\/152276"}],"wp:attachment":[{"href":"https:\/\/ovelanalista.com\/index.php?rest_route=%2Fwp%2Fv2%2Fmedia&parent=152273"}],"wp:term":[{"taxonomy":"category","embeddable":true,"href":"https:\/\/ovelanalista.com\/index.php?rest_route=%2Fwp%2Fv2%2Fcategories&post=152273"},{"taxonomy":"post_tag","embeddable":true,"href":"https:\/\/ovelanalista.com\/index.php?rest_route=%2Fwp%2Fv2%2Ftags&post=152273"}],"curies":[{"name":"wp","href":"https:\/\/api.w.org\/{rel}","templated":true}]}}