{"id":152281,"date":"2026-09-03T21:00:27","date_gmt":"2026-09-04T04:00:27","guid":{"rendered":"https:\/\/ovelanalista.com\/?p=152281"},"modified":"2026-09-03T11:59:21","modified_gmt":"2026-09-03T18:59:21","slug":"57-del-ciclo-escolar-2025-2026-escuelas-de-sinaloa-suspendieron-clases-por-violencia-e-inseguridad","status":"publish","type":"post","link":"https:\/\/ovelanalista.com\/?p=152281","title":{"rendered":"57% del ciclo escolar 2025-2026: escuelas de Sinaloa suspendieron clases por violencia e inseguridad"},"content":{"rendered":"<p>En\u00a0<strong>Sinaloa<\/strong>\u00a0se\u00a0<strong>suspendieron clases<\/strong>\u00a0en m\u00e1s de la mitad del Ciclo Escolar 2025-2026, lo que equivale al\u00a0<strong>57% de los d\u00edas de clases.\u00a0<\/strong>Este dato fue revelado por la organizaci\u00f3n\u00a0<strong>Mexicanos Primeros Sinaloa<\/strong>, como parte de la presentaci\u00f3n de su plataforma para llevar registro de este problema.<\/p>\n<h5 id=\"h-en-mas-de-la-mitad-del-ciclo-escolar-2025-206-se-suspendieron-las-clases-en-sinaloa\" class=\"wp-block-heading\"><strong>En m\u00e1s de la mitad del ciclo escolar 2025-206 se suspendieron las clases en Sinaloa<\/strong><\/h5>\n<p>Mexicanos Primeros Sinaloa present\u00f3 la plataforma<strong>\u201cD\u00edas Sin Clases\u201d\u00a0<\/strong>para documentar la suspensi\u00f3n de actividades escolares en el estado.<\/p>\n<p><em>\u201cD\u00edas Sin Clases permitir\u00e1\u00a0<\/em><strong><em>consultar informaci\u00f3n sobre cu\u00e1ndo y d\u00f3nde se registraron interrupciones escolares, as\u00ed como las causas asociadas.<\/em><\/strong>\u00a0<em>Para ello, une informaci\u00f3n difundida por fuentes oficiales y medios de comunicaci\u00f3n, adem\u00e1s de incorporar reportes de las propias comunidades escolares\u201d<\/em>, mencion\u00f3 la organizaci\u00f3n mediante un comunicado.<\/p>\n<p>De acuerdo con los datos recabados,\u00a0<strong>durante el ciclo 2025-2026 se suspendieron clases en 105 de los 185 d\u00edas del calendario escolar,<\/strong>\u00a0en al menos un plantel de la entidad.\u00a0<em>\u201c<\/em><strong><em>El dato no significa que todas las escuelas hayan suspendido actividades durante 105 d\u00edas.<\/em><\/strong>\u00a0<em>Muestra que las interrupciones estuvieron presentes en m\u00e1s de la mitad de las jornadas previstas para clases en al menos una escuela de la entidad\u201d<\/em><\/p>\n<h2 id=\"h-por-que-se-suspenden-las-clases-en-sinaloa\" class=\"wp-block-heading\"><strong>\u00bfPor qu\u00e9 se suspenden las clases en Sinaloa?<\/strong><\/h2>\n<p>Durante este periodo de tiempo\u00a0<strong>se documentaron 281 eventos por los que no hubo actividades acad\u00e9micas,\u00a0<\/strong>agrupados en tres grandes categor\u00edas.<\/p>\n<div id=\"trvdp-container-m8xse5u8\" class=\"trvdp-autoplay trvdp-container-wid-13035\">\n<div class=\"trv-player-container\">\n<div class=\"trv-wrapper\">\n<div id=\"br_video_player_4412e593396fc6dd26c247baf85004632bae5e8f\" class=\"trvd_video_player trvdfloater trv-right\">\n<div class=\"media-player\">\n<div class=\"trv-poster\"><img decoding=\"async\" class=\"trv-poster-img\" src=\"https:\/\/src.trvdp.com\/images\/21bb545ce71b0981194f341e8143ec6d6dda54c2_2.jpg\" alt=\"unotvcom\" \/><\/div>\n<div class=\"video-overlay\"><\/div>\n<\/div>\n<\/div>\n<\/div>\n<\/div>\n<\/div>\n<h3 id=\"h-problemas-operativos\" class=\"wp-block-heading\">Problemas operativos<\/h3>\n<div class=\"code-block code-block-2\">\n<div class=\"truvidPos\"><\/div>\n<\/div>\n<p>La principal causa por la que se suspendieron las clases son los\u00a0<strong>\u201cproblemas operativos\u201d.\u00a0<\/strong>Durante el periodo analizado se contabilizaron\u00a0<strong>116 eventos<\/strong>, entre los que se encuentran las fallas de infraestructura y servicios b\u00e1sicos (74 registros) y la falta de docentes o personal, con 27.<\/p>\n<div class=\"code-block code-block-8\">\n<div class=\"code-block\"><span style=\"font-family: -apple-system, BlinkMacSystemFont, 'Segoe UI', Roboto, Oxygen-Sans, Ubuntu, Cantarell, 'Helvetica Neue', sans-serif; font-size: 1.953em; font-weight: bold;\">Inseguridad<\/span><\/div>\n<\/div>\n<p>En segundo lugar se encuentra\u00a0<strong>la inseguridad, con 111 registros<\/strong>. Algunos de los hechos violentos presentados son: contextos de inseguridad que impidieron la asistencia (40 registros), ataques o amenazas directas contra docentes o personal (34 registros) y balaceras o enfrentamientos (24 registros).<\/p>\n<h3 id=\"h-clima\" class=\"wp-block-heading\">Clima<\/h3>\n<p>Por \u00faltimo, con 54 eventos se encuentran los\u00a0<strong>fen\u00f3menos naturales o alertas metereol\u00f3gicas<\/strong>\u00a0como huracanes o inundaciones.<\/p>\n<h2 id=\"h-los-municipios-donde-mas-se-suspendieron-las-clases\" class=\"wp-block-heading\"><strong>Los municipios donde m\u00e1s se suspendieron las clases<\/strong><\/h2>\n<p>De acuerdo con los datos de Mexicanos Primero Sinaloa, los\u00a0<strong>municipios donde m\u00e1s se suspendieron las clases son<\/strong><\/p>\n<ul class=\"wp-block-list\">\n<li>Guasave 37 d\u00edas (55 eventos)<\/li>\n<li>Navolato: 28 d\u00edas (54 eventos)<\/li>\n<li>Ahome: 24 d\u00edas (46 eventos)<\/li>\n<li>Culiac\u00e1n: 22 d\u00edas (29 eventos)<\/li>\n<li>Concordia: 11 d\u00edas (21 eventos)<\/li>\n<\/ul>\n<p>Mientras que\u00a0<strong>en Guasave y Ahome predominan los problemas en infraestructura,<\/strong>\u00a0como falta de servicios b\u00e1sicos y personal docente, en\u00a0<strong>Navolato, Culiac\u00e1n y Concordia<\/strong>\u00a0se presentaron m\u00e1s eventos relacionados con\u00a0<strong>violencia e inseguridad.<\/strong><\/p>\n<div align=\"center\" data-freestar-ad=\"__300x600 __300x600\" data-google-query-id=\"CJDlr5iC05YDFU69pgQdt80N1w\"><\/div>\n<div style=\"text-align: left;\" align=\"center\" data-freestar-ad=\"__300x600 __300x600\" data-google-query-id=\"CJDlr5iC05YDFU69pgQdt80N1w\">Con informaci\u00f3n de UNOTV.COM<\/div>\n<div align=\"center\" data-freestar-ad=\"__300x600 __300x600\" data-google-query-id=\"CJDlr5iC05YDFU69pgQdt80N1w\"><\/div>\n","protected":false},"excerpt":{"rendered":"<p>En\u00a0Sinaloa\u00a0se\u00a0suspendieron clases\u00a0en m\u00e1s de la mitad del Ciclo Escolar 2025-2026, lo que equivale al\u00a057% de los d\u00edas de clases.\u00a0Este dato fue revelado por la organizaci\u00f3n\u00a0Mexicanos Primeros Sinaloa, como parte de la presentaci\u00f3n de su plataforma para llevar registro de este problema. En m\u00e1s de la mitad del ciclo escolar 2025-206 se suspendieron las clases en Sinaloa Mexicanos Primeros Sinaloa present\u00f3 la plataforma\u201cD\u00edas Sin Clases\u201d\u00a0para documentar la suspensi\u00f3n de actividades escolares en el estado. \u201cD\u00edas Sin Clases permitir\u00e1\u00a0consultar informaci\u00f3n sobre cu\u00e1ndo y d\u00f3nde se registraron interrupciones escolares, as\u00ed como las causas asociadas.\u00a0Para ello, une informaci\u00f3n difundida por fuentes oficiales y medios [&hellip;]<\/p>\n","protected":false},"author":3,"featured_media":152282,"comment_status":"open","ping_status":"open","sticky":false,"template":"","format":"standard","meta":{"_jetpack_newsletter_access":"","_jetpack_dont_email_post_to_subs":false,"_jetpack_newsletter_tier_id":0,"_jetpack_memberships_contains_paywalled_content":false,"_jetpack_feature_clip_id":0,"_jetpack_memberships_contains_paid_content":false,"footnotes":"","jetpack_publicize_message":"","jetpack_publicize_feature_enabled":true,"jetpack_social_post_already_shared":true,"jetpack_social_options":{"image_generator_settings":{"template":"highway","default_image_id":0,"font":"","enabled":false},"version":2},"jetpack_post_was_ever_published":false},"categories":[1],"tags":[],"class_list":["post-152281","post","type-post","status-publish","format-standard","has-post-thumbnail","hentry","category-uncategorized","post--single"],"jetpack_publicize_connections":[],"jetpack_featured_media_url":"https:\/\/ovelanalista.com\/wp-content\/uploads\/2026\/09\/Captura-de-Pantalla-2026-09-03-a-las-11.57.17.png","jetpack_sharing_enabled":true,"_links":{"self":[{"href":"https:\/\/ovelanalista.com\/index.php?rest_route=\/wp\/v2\/posts\/152281","targetHints":{"allow":["GET"]}}],"collection":[{"href":"https:\/\/ovelanalista.com\/index.php?rest_route=\/wp\/v2\/posts"}],"about":[{"href":"https:\/\/ovelanalista.com\/index.php?rest_route=\/wp\/v2\/types\/post"}],"author":[{"embeddable":true,"href":"https:\/\/ovelanalista.com\/index.php?rest_route=\/wp\/v2\/users\/3"}],"replies":[{"embeddable":true,"href":"https:\/\/ovelanalista.com\/index.php?rest_route=%2Fwp%2Fv2%2Fcomments&post=152281"}],"version-history":[{"count":2,"href":"https:\/\/ovelanalista.com\/index.php?rest_route=\/wp\/v2\/posts\/152281\/revisions"}],"predecessor-version":[{"id":152284,"href":"https:\/\/ovelanalista.com\/index.php?rest_route=\/wp\/v2\/posts\/152281\/revisions\/152284"}],"wp:featuredmedia":[{"embeddable":true,"href":"https:\/\/ovelanalista.com\/index.php?rest_route=\/wp\/v2\/media\/152282"}],"wp:attachment":[{"href":"https:\/\/ovelanalista.com\/index.php?rest_route=%2Fwp%2Fv2%2Fmedia&parent=152281"}],"wp:term":[{"taxonomy":"category","embeddable":true,"href":"https:\/\/ovelanalista.com\/index.php?rest_route=%2Fwp%2Fv2%2Fcategories&post=152281"},{"taxonomy":"post_tag","embeddable":true,"href":"https:\/\/ovelanalista.com\/index.php?rest_route=%2Fwp%2Fv2%2Ftags&post=152281"}],"curies":[{"name":"wp","href":"https:\/\/api.w.org\/{rel}","templated":true}]}}