{"id":152286,"date":"2026-09-03T12:41:28","date_gmt":"2026-09-03T19:41:28","guid":{"rendered":"https:\/\/ovelanalista.com\/?p=152286"},"modified":"2026-09-03T12:41:28","modified_gmt":"2026-09-03T19:41:28","slug":"se-reune-srio-de-economia-con-ip-de-culiacan","status":"publish","type":"post","link":"https:\/\/ovelanalista.com\/?p=152286","title":{"rendered":"Se re\u00fane Srio de Econom\u00eda con IP de Culiac\u00e1n\u00a0"},"content":{"rendered":"<div><\/div>\n<div><\/div>\n<div><\/div>\n<div>Culiac\u00e1n, Sinaloa, 03 de septiembre de 2026.- Con la finalidad de mantener un di\u00e1logo directo con el sector empresarial y atender sus planteamientos, el secretario de Econom\u00eda, Diego Aguerrebere, se reuni\u00f3 con empresarios de Culiac\u00e1n integrantes de la Alianza para el Desarrollo y Competitividad de las Empresas (ADECEM), con quienes abord\u00f3 temas relacionados con la actividad econ\u00f3mica de la ciudad.<\/div>\n<div><\/div>\n<div>Durante la reuni\u00f3n de trabajo, las y los empresarios presentaron planteamientos en distintas \u00e1reas, entre ellos el financiamiento para peque\u00f1as y medianas empresas del sector tecnol\u00f3gico, as\u00ed como esquemas de capacitaci\u00f3n para el control y seguimiento del modelo de franquicias. Tambi\u00e9n se abord\u00f3 la necesidad de promover y gestionar eventos y actividades que contribuyan a reactivar la econom\u00eda del centro de la ciudad de Culiac\u00e1n.<\/div>\n<div><\/div>\n<div>Asimismo, se plante\u00f3 la oportunidad de desarrollar actividades que fortalezcan la din\u00e1mica econ\u00f3mica del puerto de Altata y sus diferentes servicios y giros, adem\u00e1s de trabajar en la integraci\u00f3n de un directorio de tr\u00e1mites y permisos de dependencias federales, estatales y municipales que facilite a los negocios conocer los procesos y requisitos necesarios para su operaci\u00f3n.<\/div>\n<div><\/div>\n<div>El secretario de Econom\u00eda, Diego Aguerrebere, resalt\u00f3 la instrucci\u00f3n de la gobernadora Graciela Dom\u00ednguez Nava de mantener cercan\u00eda con el sector empresarial para conocer de primera mano sus necesidades, experiencias y propuestas.<\/div>\n<div><\/div>\n<div>\u201cEn todos lados a donde voy no solo recojo necesidades, sino aprendo algo, y ustedes los empresarios traen una idea m\u00e1s claro de c\u00f3mo est\u00e1 la econom\u00eda y c\u00f3mo quieren que este, y que necesitan del gobierno\u201d, mencion\u00f3. Aguerrebere se\u00f1al\u00f3 que la Secretar\u00eda de Econom\u00eda cuenta con una serie de herramientas y programas dise\u00f1ados para apoyar a empresarias y empresarios, y reiter\u00f3 la disposici\u00f3n de mantener el di\u00e1logo y seguimiento a los temas planteados durante el encuentro.<\/div>\n<div><\/div>\n<div>Para el presidente de la Alianza para el Desarrollo y Competitividad de las Empresas, Julio C\u00e9sar Silvas, este primer di\u00e1logo con el secretario de Econom\u00eda permiti\u00f3 a empresarios de Culiac\u00e1n compartir las inquietudes y propuestas del sector. \u201cLe planteamos algunas inquietudes y quedamos en el acuerdo de sostener una agenda de trabajo de forma particular, con la intenci\u00f3n de generar m\u00e1s econom\u00eda para Culiac\u00e1n\u201d, sostuvo.<\/div>\n<div><\/div>\n<div>En la reuni\u00f3n tambi\u00e9n participaron la subsecretaria de Fomento Econ\u00f3mico, Wendy Hern\u00e1ndez Fierro, as\u00ed como empresarios integrantes de ADECEM.<\/div>\n","protected":false},"excerpt":{"rendered":"<p>Culiac\u00e1n, Sinaloa, 03 de septiembre de 2026.- Con la finalidad de mantener un di\u00e1logo directo con el sector empresarial y atender sus planteamientos, el secretario de Econom\u00eda, Diego Aguerrebere, se reuni\u00f3 con empresarios de Culiac\u00e1n integrantes de la Alianza para el Desarrollo y Competitividad de las Empresas (ADECEM), con quienes abord\u00f3 temas relacionados con la actividad econ\u00f3mica de la ciudad. Durante la reuni\u00f3n de trabajo, las y los empresarios presentaron planteamientos en distintas \u00e1reas, entre ellos el financiamiento para peque\u00f1as y medianas empresas del sector tecnol\u00f3gico, as\u00ed como esquemas de capacitaci\u00f3n para el control y seguimiento del modelo de franquicias. [&hellip;]<\/p>\n","protected":false},"author":3,"featured_media":152289,"comment_status":"open","ping_status":"open","sticky":false,"template":"","format":"standard","meta":{"_jetpack_newsletter_access":"","_jetpack_dont_email_post_to_subs":false,"_jetpack_newsletter_tier_id":0,"_jetpack_memberships_contains_paywalled_content":false,"_jetpack_feature_clip_id":0,"_jetpack_memberships_contains_paid_content":false,"footnotes":"","jetpack_publicize_message":"","jetpack_publicize_feature_enabled":true,"jetpack_social_post_already_shared":true,"jetpack_social_options":{"image_generator_settings":{"template":"highway","default_image_id":0,"font":"","enabled":false},"version":2},"jetpack_post_was_ever_published":false},"categories":[84],"tags":[],"class_list":["post-152286","post","type-post","status-publish","format-standard","has-post-thumbnail","hentry","category-sinaloa-centro","post--single"],"jetpack_publicize_connections":[],"jetpack_featured_media_url":"https:\/\/ovelanalista.com\/wp-content\/uploads\/2026\/09\/WhatsApp-Image-2026-09-03-at-12.28.16-PM.jpeg","jetpack_sharing_enabled":true,"_links":{"self":[{"href":"https:\/\/ovelanalista.com\/index.php?rest_route=\/wp\/v2\/posts\/152286","targetHints":{"allow":["GET"]}}],"collection":[{"href":"https:\/\/ovelanalista.com\/index.php?rest_route=\/wp\/v2\/posts"}],"about":[{"href":"https:\/\/ovelanalista.com\/index.php?rest_route=\/wp\/v2\/types\/post"}],"author":[{"embeddable":true,"href":"https:\/\/ovelanalista.com\/index.php?rest_route=\/wp\/v2\/users\/3"}],"replies":[{"embeddable":true,"href":"https:\/\/ovelanalista.com\/index.php?rest_route=%2Fwp%2Fv2%2Fcomments&post=152286"}],"version-history":[{"count":1,"href":"https:\/\/ovelanalista.com\/index.php?rest_route=\/wp\/v2\/posts\/152286\/revisions"}],"predecessor-version":[{"id":152296,"href":"https:\/\/ovelanalista.com\/index.php?rest_route=\/wp\/v2\/posts\/152286\/revisions\/152296"}],"wp:featuredmedia":[{"embeddable":true,"href":"https:\/\/ovelanalista.com\/index.php?rest_route=\/wp\/v2\/media\/152289"}],"wp:attachment":[{"href":"https:\/\/ovelanalista.com\/index.php?rest_route=%2Fwp%2Fv2%2Fmedia&parent=152286"}],"wp:term":[{"taxonomy":"category","embeddable":true,"href":"https:\/\/ovelanalista.com\/index.php?rest_route=%2Fwp%2Fv2%2Fcategories&post=152286"},{"taxonomy":"post_tag","embeddable":true,"href":"https:\/\/ovelanalista.com\/index.php?rest_route=%2Fwp%2Fv2%2Ftags&post=152286"}],"curies":[{"name":"wp","href":"https:\/\/api.w.org\/{rel}","templated":true}]}}