{"id":152311,"date":"2026-09-04T09:18:02","date_gmt":"2026-09-04T16:18:02","guid":{"rendered":"https:\/\/ovelanalista.com\/?p=152311"},"modified":"2026-09-04T09:18:02","modified_gmt":"2026-09-04T16:18:02","slug":"presionan-rochistas-a-imelda-castro-por-posiciones-en-culiacan-y-mazatlan","status":"publish","type":"post","link":"https:\/\/ovelanalista.com\/?p=152311","title":{"rendered":"Presionan rochistas a Imelda Castro por posiciones en Culiac\u00e1n y Mazatl\u00e1n"},"content":{"rendered":"<div class=\"xdj266r x14z9mp xat24cr x1lziwak x1vvkbs x126k92a\">\n<div dir=\"auto\"><strong>En el blanco<\/strong><\/div>\n<div dir=\"auto\"><strong>Fernando Zepeda H.<\/strong><\/div>\n<div dir=\"auto\"><\/div>\n<\/div>\n<div class=\"x14z9mp xat24cr x1lziwak x1vvkbs xtlvy1s x126k92a\">\n<div dir=\"auto\">*Presionan rochistas a Imelda Castro por posiciones en Culiac\u00e1n y Mazatl\u00e1n<\/div>\n<div dir=\"auto\">*Para las alcald\u00edas de Mazatl\u00e1n quieren a Estrella Palacios de nuevo y para Culiac\u00e1n a Tere Guerra. Ambas con el sello rochista. Pero Estrella adem\u00e1s trae el sello de Inzunza<\/div>\n<div dir=\"auto\">*Sheinbaum vendr\u00e1 a Sinaloa el 20 de septiembre. Viene a repetirnos la receta de su segundo informe y para conocer a la Gobernadora Interina Graciela Dominguez<\/div>\n<div dir=\"auto\">*La visita presidencial seria interesante si trajera como propuesta un rescate econ\u00f3mico y acciones que vengan a sembrar esperanzas reales a los sinaloenses<\/div>\n<div dir=\"auto\">*Como \u201cavanzada\u201d a la visita de Sheinbaum, llega hoy a Culiac\u00e1n la l\u00edder nacional de Morena Ariadna Montiel. Viene a apuntalar los comit\u00e9s morenistas. Algo saben<\/div>\n<div dir=\"auto\">*Nueva jornada violenta en Mazatl\u00e1n. Cuatro asesinatos, entre ellos tres hombres y una mujer. Y por lo menos dos secuestros<\/div>\n<div dir=\"auto\">*Jos\u00e9 G\u00e1mez integrante de la Asociaci\u00f3n de Hoteles y Empresas Tur\u00edsticas, los \u201cempresarios no se rajan\u201d antela crisis que se vive<\/div>\n<div dir=\"auto\">*La alcaldesa interina de Mazatl\u00e1n Minerva Osuna aseguro que no hay cambios en los mandos de la Polic\u00eda Municipal como se hab\u00eda especulado<\/div>\n<\/div>\n<div class=\"x14z9mp xat24cr x1lziwak x1vvkbs xtlvy1s x126k92a\">\n<div dir=\"auto\">Las presiones a Imelda. La pregunta es: \u00bfCeder\u00e1 Imelda Castro a la imposici\u00f3n de candidatos?. Porque todo parece indicar que le han \u201cpedido\u201d las candidaturas de Culiac\u00e1n y Mazatl\u00e1n. La de la capital del estado ser\u00eda para Teresa Guerra. Y es como si se la cediera al Gobernador con licencia Ruben Rocha Moya. Y la de Mazatl\u00e1n la quieren para Estrella Palacios. Que ser\u00eda otra posici\u00f3n de Rocha Moya. Pero solo esto. Estrella Palacios trae el sello ni mas ni menos que del Senador Enrique Inzunza, atendiendo que desde la campa\u00f1a pol\u00edtica que llevo a Estrella a la alcald\u00eda de Mazatl\u00e1n fue el mism\u00edsimo Inzunza quien la opero. Y ya como Alcalde sigui\u00f3 moviendo los hilos. A Inzunza se le atribuye la orden que recibi\u00f3 Estrella Palacios para registrarse como aspirante a la \u201cCoordinaci\u00f3n de la 4T\u201d en el estado. Esta situaci\u00f3n podr\u00eda entenderse, pero no compartirse, si Rocha Moya e Inzunza, no estuvieran en la situaci\u00f3n pol\u00edtica en que se encuentran.<\/div>\n<\/div>\n<div class=\"x14z9mp xat24cr x1lziwak x1vvkbs xtlvy1s x126k92a\">\n<div dir=\"auto\">El Gobernador con licencia aislado e incomunicado con la Presidenta Claudia Sheinbaum, que sabemos de buena fuente, no quiere saber nada de \u00e9l. Y de un Inzunza cuyo regreso al Senado ha servido para colocar al gobierno de Sheinbaum y a Morena, en un lugar por decir lo menos incomodo. Porque Inzunza con su actitud ha exhibido el discurso oficial de que ya no pertenece a Morena ni a la bancada morenista en el Senado. Cuando en la practica sigue ah\u00ed. Rocha Moya dif\u00edcilmente, por no decir que no, podr\u00e1 recomponerse pol\u00edticamente. Y de Inzunza, es probable que mas pronto de lo que parece, la Fiscal\u00eda General de la Republica le pudiera abrir un proceso, que primero lo llevar\u00eda al desafuero y posteriormente enfrentar la ley. Y lo har\u00eda sin fuero, al que se aferra con u\u00f1as y dientes. Si Imelda Castro cede posiciones a quienes hoy ya no est\u00e1n en condiciones de imponerle condiciones, estar\u00eda cometiendo un grave error.<\/div>\n<div dir=\"auto\">Pone Sheinbaum fecha de visita. \u00bfA qu\u00e9 viene Sheinbaum?. Ser\u00e1 el 20 de septiembre cuando la Presidenta Claudia Sheinbaum visite Sinaloa. Lo har\u00e1 cuando todav\u00eda el estado se encuentra sometido por los grupos criminales. En medio de una inseguridad y violencia imparable, estar\u00e1 en Culiac\u00e1n y se reunir\u00e1 con la Gobernadora interina Graciela Dominguez. Si la Presidenta solamente viene a repetirnos la receta que nos mando el 1 de septiembre en su Segundo informe de gobierno, ni caso tiene. Pero si viene a Sinaloa a proponer acciones que permitan el rescate de la econom\u00eda, entonces har\u00eda atractiva su visita. Si viene a propone un programa que permita nacer la esperanza de una mejora a los sinaloenses, entonces ser\u00eda llamativa. Como avanzada de la visita de Sheinbaum, Viene hoy a Culiac\u00e1n la Presidenta Nacional de Morena Ariadna Montiel. Viene para apalancar las acciones de ese partido con miras a las elecciones del 2027. Y viene para valorar el da\u00f1o pol\u00edtico que ocasionara a Morena el caso Rocha Moya, Inzunza y los esc\u00e1ndalos de corrupci\u00f3n que condujeron a la actual administraci\u00f3n estatal al lugar en que se encuentra. Sheinbaum vendr\u00e1 a conocer a Graciela Dominguez y platicar directamente con ella. Ya antes hab\u00eda expresado que no la conoc\u00eda.<\/div>\n<\/div>\n<div class=\"x14z9mp xat24cr x1lziwak x1vvkbs xtlvy1s x126k92a\">\n<div dir=\"auto\">*Jornada violenta en Mazatl\u00e1n. Cuatro asesinatos y por lo menos dos \u201csecuestros\u201d fueron reportados ayer jueves en una nueva jornada violenta que sacude al puerto. Al medio d\u00eda de ayer, un hombre fue asesinado a balazos en el interior de un domicilio en la colonia Lico Velarde. Las detonaciones de armas de fuego alarmaron a los vecinos que reportaron el suceso. Las autoridades de seguridad arribaron de inmediato y confirmaron que el cuerpo de un hombre con heridas de bala se encontraba en el interior de un domicilio. Por la tarde-noche de ayer en la colonia Rinconada del Valle, se reporto un triple homicidio. Sujetos armados llegaron hasta el domicilio de las v\u00edctimas y abrieron fuego en su contra. Vecinos del lugar comentaron que en el atraque se utilizaron explosivos. De esos tres muertos, dos son hombres y una mujer. Tambi\u00e9n en la jornada de violencia de ayer jueves en Mazatl\u00e1n, se reportaron por lo menos dos \u201csecuestros\u201d. Un hombre fue sustra\u00eddo de su propio domicilio ubicado en la Colonia 20 de Noviembre. Al lugar arribaron sujetos armados con rifles de asalto se introdujeron al domicilio y se lo llevaron. El otro \u201csecuestro\u201d fue de un hombre que se reporto hab\u00eda sido \u201clevantado\u201d por sujetos armados, pero cuando se dirig\u00edan a bordo de un veh\u00edculo por rumbos de El Chilillo, una patrulla de Marinos los atoro. Los delincuentes saltaron del veh\u00edculo y se internaron en el monte. El \u201csecuestrado\u201d al que le hab\u00edan tapado la cabeza, quedo en el veh\u00edculo. Pero para mala suerte de la v\u00edctima, las autoridades ahora le intentan acusar de que \u00e9l transportaba armas que fueron encontradas en el interior del veh\u00edculo.<\/div>\n<\/div>\n<div class=\"x14z9mp xat24cr x1lziwak x1vvkbs xtlvy1s x126k92a\">\n<div dir=\"auto\">*Los empresarios \u201cno se rajan\u201d: Pepe G\u00e1mez. Si hubiera oportunidad de abordar a la Presidenta Claudia Sheinaum en su pr\u00f3xima visita a Sinaloa, la hoteler\u00eda le pedir\u00eda \u201crecursos adicionales para la promoci\u00f3n\u201d. Pero tambi\u00e9n que se tenga \u201cun Sinaloa mas tranquilo\u201d. En el marco de la Expo Grupos de mayoristas en turismo celebrado ayer en las instalaciones de El Cid en Mazatl\u00e1n, Jos\u00e9 G\u00e1mez destaco la necesidad de ofrecer certeza a los visitantes y contar con un destino tur\u00edstico tranquilo. En medio de la grave crisis que vive el estado y tambi\u00e9n Mazatl\u00e1n, G\u00e1mez destaco que \u201clos empresarios no se rajan\u201d. Y tiene raz\u00f3n. No solo el sector hotelero, tambi\u00e9n el inmobiliario, ha resultado \u201cgolpeado\u201d por la crisis que provoca la violencia, la inseguridad. Pero siguen de pie luchando y buscando caminos que les permitan seguir adelante. Pero se antoja dif\u00edcil, por no decir imposible que les abran una posibilidad de reunirse con Sheinbaum.<\/div>\n<\/div>\n<div class=\"x14z9mp xat24cr x1lziwak x1vvkbs xtlvy1s x126k92a\">\n<div dir=\"auto\">*Que no hay cambios en PM. La alcaldesa interina de Mazatl\u00e1n Minerva Osuna sali\u00f3 al paso de las versiones que aseguraban una inminente sacudida en los mandos de la Polic\u00eda Municipal. Dijo que tanto Othoniel Barron como el Director de Polic\u00eda, continuar\u00e1n en sus cargos. Tambi\u00e9n dio a conocer que el Director de Protecci\u00f3n Civil Oscar Osuna, se mantendr\u00e1 temporalmente fuera del cargo. Como es sabido, Osuna junto con su chofer fueron victimas de un atentado a balazos por parte de sujetos armados que viajaban a bordo de motocicletas. Por fortuna solo resultaron con heridas leves.<\/div>\n<\/div>\n","protected":false},"excerpt":{"rendered":"<p>En el blanco Fernando Zepeda H. *Presionan rochistas a Imelda Castro por posiciones en Culiac\u00e1n y Mazatl\u00e1n *Para las alcald\u00edas de Mazatl\u00e1n quieren a Estrella Palacios de nuevo y para Culiac\u00e1n a Tere Guerra. Ambas con el sello rochista. Pero Estrella adem\u00e1s trae el sello de Inzunza *Sheinbaum vendr\u00e1 a Sinaloa el 20 de septiembre. Viene a repetirnos la receta de su segundo informe y para conocer a la Gobernadora Interina Graciela Dominguez *La visita presidencial seria interesante si trajera como propuesta un rescate econ\u00f3mico y acciones que vengan a sembrar esperanzas reales a los sinaloenses *Como \u201cavanzada\u201d a la [&hellip;]<\/p>\n","protected":false},"author":3,"featured_media":92500,"comment_status":"open","ping_status":"open","sticky":false,"template":"","format":"standard","meta":{"_jetpack_newsletter_access":"","_jetpack_dont_email_post_to_subs":false,"_jetpack_newsletter_tier_id":0,"_jetpack_memberships_contains_paywalled_content":false,"_jetpack_feature_clip_id":0,"_jetpack_memberships_contains_paid_content":false,"footnotes":"","jetpack_publicize_message":"","jetpack_publicize_feature_enabled":true,"jetpack_social_post_already_shared":true,"jetpack_social_options":{"image_generator_settings":{"template":"highway","default_image_id":0,"font":"","enabled":false},"version":2},"jetpack_post_was_ever_published":false},"categories":[104],"tags":[],"class_list":["post-152311","post","type-post","status-publish","format-standard","has-post-thumbnail","hentry","category-columnistas-estatales","post--single"],"jetpack_publicize_connections":[],"jetpack_featured_media_url":"https:\/\/ovelanalista.com\/wp-content\/uploads\/2024\/03\/Fernando-Zepeda-Hurtado-300x150-1.png","jetpack_sharing_enabled":true,"_links":{"self":[{"href":"https:\/\/ovelanalista.com\/index.php?rest_route=\/wp\/v2\/posts\/152311","targetHints":{"allow":["GET"]}}],"collection":[{"href":"https:\/\/ovelanalista.com\/index.php?rest_route=\/wp\/v2\/posts"}],"about":[{"href":"https:\/\/ovelanalista.com\/index.php?rest_route=\/wp\/v2\/types\/post"}],"author":[{"embeddable":true,"href":"https:\/\/ovelanalista.com\/index.php?rest_route=\/wp\/v2\/users\/3"}],"replies":[{"embeddable":true,"href":"https:\/\/ovelanalista.com\/index.php?rest_route=%2Fwp%2Fv2%2Fcomments&post=152311"}],"version-history":[{"count":1,"href":"https:\/\/ovelanalista.com\/index.php?rest_route=\/wp\/v2\/posts\/152311\/revisions"}],"predecessor-version":[{"id":152312,"href":"https:\/\/ovelanalista.com\/index.php?rest_route=\/wp\/v2\/posts\/152311\/revisions\/152312"}],"wp:featuredmedia":[{"embeddable":true,"href":"https:\/\/ovelanalista.com\/index.php?rest_route=\/wp\/v2\/media\/92500"}],"wp:attachment":[{"href":"https:\/\/ovelanalista.com\/index.php?rest_route=%2Fwp%2Fv2%2Fmedia&parent=152311"}],"wp:term":[{"taxonomy":"category","embeddable":true,"href":"https:\/\/ovelanalista.com\/index.php?rest_route=%2Fwp%2Fv2%2Fcategories&post=152311"},{"taxonomy":"post_tag","embeddable":true,"href":"https:\/\/ovelanalista.com\/index.php?rest_route=%2Fwp%2Fv2%2Ftags&post=152311"}],"curies":[{"name":"wp","href":"https:\/\/api.w.org\/{rel}","templated":true}]}}