{"id":152315,"date":"2026-09-04T10:02:21","date_gmt":"2026-09-04T17:02:21","guid":{"rendered":"https:\/\/ovelanalista.com\/?p=152315"},"modified":"2026-09-04T10:02:21","modified_gmt":"2026-09-04T17:02:21","slug":"sinaloa-sinaloa-vigila-zona-de-baja-presion-con-40-de-potencial-ciclonico","status":"publish","type":"post","link":"https:\/\/ovelanalista.com\/?p=152315","title":{"rendered":"SINALOA Sinaloa vigila zona de baja presi\u00f3n con 40% de potencial cicl\u00f3nico"},"content":{"rendered":"<h4 class=\"wp-block-heading\"><em><strong>Protecci\u00f3n Civil estatal mantiene vigilancia sobre el Pac\u00edfico Mexicano ante posibles efectos para Sinaloa durante septiembre<\/strong>.<\/em><\/h4>\n<hr class=\"wp-block-separator has-alpha-channel-opacity\" \/>\n<p class=\"wp-block-paragraph\"><strong>Omar Acosta | ADN Informativo<\/strong><\/p>\n<p class=\"wp-block-paragraph\"><strong>Culiac\u00e1n, Sinaloa.<\/strong>\u00a0\u2013\u00a0<strong>Protecci\u00f3n Civil de Sinaloa<\/strong>\u00a0mantiene vigilancia sobre una\u00a0<strong>zona de baja presi\u00f3n<\/strong>\u00a0ubicada en el\u00a0<strong>Pac\u00edfico Mexicano<\/strong>, la cual presenta un\u00a0<strong>40 por ciento de probabilidad de desarrollo cicl\u00f3nico<\/strong>, inform\u00f3 el director del organismo estatal,\u00a0<strong>Aurelio Roy Navarrete Cuevas<\/strong>.<\/p>\n<p class=\"wp-block-paragraph\">El funcionario explic\u00f3 que, aunque el\u00a0<strong>fen\u00f3meno tropical<\/strong>\u00a0que actualmente se encuentra en el Pac\u00edfico se retira de las costas nacionales, las autoridades permanecen atentas a la evoluci\u00f3n de la zona de baja presi\u00f3n y a cualquier cambio que pueda representar\u00a0<strong>condiciones adversas para la entidad<\/strong>.<\/p>\n<blockquote class=\"wp-block-quote is-layout-flow wp-block-quote-is-layout-flow\">\n<h4 class=\"wp-block-heading\"><em>\u201cTenemos una\u00a0zona de baja presi\u00f3n\u00a0que presenta un\u00a040 por ciento de probabilidad para desarrollo cicl\u00f3nico. Estaremos analizando. Sabemos que\u00a0septiembre\u00a0hist\u00f3ricamente ha tra\u00eddo complicaciones a Sinaloa\u201d,<\/em>\u00a0explic\u00f3.<\/h4>\n<\/blockquote>\n<p class=\"wp-block-paragraph\">Navarrete Cuevas record\u00f3 que\u00a0<strong>septiembre<\/strong>\u00a0representa uno de los meses de mayor atenci\u00f3n para Sinaloa debido al comportamiento hist\u00f3rico de los\u00a0<strong>sistemas tropicales<\/strong>. Precis\u00f3 que el estado acumula\u00a0<strong>52 impactos<\/strong>\u00a0de estos fen\u00f3menos desde 1949 hasta 2024, de acuerdo con registros del\u00a0<strong>Servicio Meteorol\u00f3gico Nacional<\/strong>.<\/p>\n<p class=\"wp-block-paragraph\">Ante este panorama, el director de Protecci\u00f3n Civil estatal pidi\u00f3 a la poblaci\u00f3n\u00a0<strong>no confiarse<\/strong>\u00a0y mantenerse pendiente de los\u00a0<strong>avisos oficiales<\/strong>, ya que las condiciones del Pac\u00edfico pueden cambiar y generar\u00a0<strong>lluvias, vientos<\/strong>\u00a0u otros efectos en territorio sinaloense.<\/p>\n","protected":false},"excerpt":{"rendered":"<p>Protecci\u00f3n Civil estatal mantiene vigilancia sobre el Pac\u00edfico Mexicano ante posibles efectos para Sinaloa durante septiembre. Omar Acosta | ADN Informativo Culiac\u00e1n, Sinaloa.\u00a0\u2013\u00a0Protecci\u00f3n Civil de Sinaloa\u00a0mantiene vigilancia sobre una\u00a0zona de baja presi\u00f3n\u00a0ubicada en el\u00a0Pac\u00edfico Mexicano, la cual presenta un\u00a040 por ciento de probabilidad de desarrollo cicl\u00f3nico, inform\u00f3 el director del organismo estatal,\u00a0Aurelio Roy Navarrete Cuevas. El funcionario explic\u00f3 que, aunque el\u00a0fen\u00f3meno tropical\u00a0que actualmente se encuentra en el Pac\u00edfico se retira de las costas nacionales, las autoridades permanecen atentas a la evoluci\u00f3n de la zona de baja presi\u00f3n y a cualquier cambio que pueda representar\u00a0condiciones adversas para la entidad. \u201cTenemos una\u00a0zona [&hellip;]<\/p>\n","protected":false},"author":3,"featured_media":152320,"comment_status":"open","ping_status":"open","sticky":false,"template":"","format":"standard","meta":{"_jetpack_newsletter_access":"","_jetpack_dont_email_post_to_subs":false,"_jetpack_newsletter_tier_id":0,"_jetpack_memberships_contains_paywalled_content":false,"_jetpack_feature_clip_id":0,"_jetpack_memberships_contains_paid_content":false,"footnotes":"","jetpack_publicize_message":"","jetpack_publicize_feature_enabled":true,"jetpack_social_post_already_shared":true,"jetpack_social_options":{"image_generator_settings":{"template":"highway","default_image_id":0,"font":"","enabled":false},"version":2},"jetpack_post_was_ever_published":false},"categories":[90],"tags":[],"class_list":["post-152315","post","type-post","status-publish","format-standard","has-post-thumbnail","hentry","category-estatal","post--single"],"jetpack_publicize_connections":[],"jetpack_featured_media_url":"https:\/\/ovelanalista.com\/wp-content\/uploads\/2026\/09\/WhatsApp-Image-2025-09-19-at-8.50.00-AM-780x470-1.jpeg","jetpack_sharing_enabled":true,"_links":{"self":[{"href":"https:\/\/ovelanalista.com\/index.php?rest_route=\/wp\/v2\/posts\/152315","targetHints":{"allow":["GET"]}}],"collection":[{"href":"https:\/\/ovelanalista.com\/index.php?rest_route=\/wp\/v2\/posts"}],"about":[{"href":"https:\/\/ovelanalista.com\/index.php?rest_route=\/wp\/v2\/types\/post"}],"author":[{"embeddable":true,"href":"https:\/\/ovelanalista.com\/index.php?rest_route=\/wp\/v2\/users\/3"}],"replies":[{"embeddable":true,"href":"https:\/\/ovelanalista.com\/index.php?rest_route=%2Fwp%2Fv2%2Fcomments&post=152315"}],"version-history":[{"count":1,"href":"https:\/\/ovelanalista.com\/index.php?rest_route=\/wp\/v2\/posts\/152315\/revisions"}],"predecessor-version":[{"id":152322,"href":"https:\/\/ovelanalista.com\/index.php?rest_route=\/wp\/v2\/posts\/152315\/revisions\/152322"}],"wp:featuredmedia":[{"embeddable":true,"href":"https:\/\/ovelanalista.com\/index.php?rest_route=\/wp\/v2\/media\/152320"}],"wp:attachment":[{"href":"https:\/\/ovelanalista.com\/index.php?rest_route=%2Fwp%2Fv2%2Fmedia&parent=152315"}],"wp:term":[{"taxonomy":"category","embeddable":true,"href":"https:\/\/ovelanalista.com\/index.php?rest_route=%2Fwp%2Fv2%2Fcategories&post=152315"},{"taxonomy":"post_tag","embeddable":true,"href":"https:\/\/ovelanalista.com\/index.php?rest_route=%2Fwp%2Fv2%2Ftags&post=152315"}],"curies":[{"name":"wp","href":"https:\/\/api.w.org\/{rel}","templated":true}]}}