{"id":152337,"date":"2026-09-04T11:30:13","date_gmt":"2026-09-04T18:30:13","guid":{"rendered":"https:\/\/ovelanalista.com\/?p=152337"},"modified":"2026-09-04T11:33:17","modified_gmt":"2026-09-04T18:33:17","slug":"inseguridad-en-sinaloa-cancelan-festejos-por-el-111-aniversario-de-escuinapa-ayuntamiento-alega-causas-de-fuerza-mayor","status":"publish","type":"post","link":"https:\/\/ovelanalista.com\/?p=152337","title":{"rendered":"Inseguridad en Sinaloa: cancelan festejos por el 111 aniversario de Escuinapa; ayuntamiento alega &#8220;causas de fuerza mayor&#8221;"},"content":{"rendered":"<p class=\"bajada\">Entre las actividades suspendidas en el marco de la violencia en la entidad se encontraban actos de danza y m\u00fasica, as\u00ed como actividades deportivas<\/p>\n<p>El programa por la conmemoraci\u00f3n del\u00a0<strong>111 aniversario del municipio de Escuinapa<\/strong>, Sinaloa, qued\u00f3 cancelado, seg\u00fan se anunci\u00f3 oficialmente el pasado jueves.<\/p>\n<p>A trav\u00e9s de un comunicado, el ayuntamiento del municipio inform\u00f3 que el programa de actividades art\u00edsticas, culturales y recreativas que se ten\u00eda previsto para esta semana\u00a0<strong>se suspendieron por \u201ccausas de fuerza mayor\u201d<\/strong>.<\/p>\n<div class=\"content-banner\"><\/div>\n<p>\u201cLa conmemoraci\u00f3n hist\u00f3rica de esta fecha se limitar\u00e1 estrictamente a un\u00a0<strong>acto c\u00edvico<\/strong>\u00a0de car\u00e1cter solemne e interno entre autoridades municipales y el cuerpo edilicio. La administraci\u00f3n municipal agradece la comprensi\u00f3n de la ciudadan\u00eda ante este ajuste extraordinario en la agenda p\u00fablica\u201d, apunta el documento.<\/p>\n<div class=\"container\"><\/div>\n<p>Entre los actos que se ten\u00edan planeados para este festejo se encontraban una exposici\u00f3n\u00a0<strong>fotogr\u00e1fica<\/strong>, un bazar gastron\u00f3mico y la presentaci\u00f3n de un libro de\u00a0<strong>gastronom\u00eda local<\/strong>, presentaciones de\u00a0<strong>baile y m\u00fasica<\/strong>, y actividades deportivas entre este viernes y el pr\u00f3ximo lunes.<\/p>\n<div class=\"content-banner\"><\/div>\n<p>La cancelaci\u00f3n ocurre tras recientes hechos de violencia en el municipio, entre los que se encuentra la localizaci\u00f3n de los restos del subdirector de Tr\u00e1nsito municipal.<\/p>\n<p>En el estado de\u00a0<strong>Sinaloa<\/strong>\u00a0ha sido frecuente la cancelaci\u00f3n de eventos c\u00edvicos p\u00fablicos debido a la violencia que se desat\u00f3 en diversos municipios por las\u00a0<strong>disputas<\/strong>\u00a0entre facciones del crimen organizado que se desataron luego de que Ismael\u00a0<strong>&#8220;El Mayo&#8221; Zambada<\/strong>\u00a0fuera entregado a la justicia de Estados Unidos por Joaqu\u00edn Guzm\u00e1n L\u00f3pez, hijo de Joaqu\u00edn\u00a0<strong>\u201cEl Chapo\u201d Guzm\u00e1n<\/strong>.<\/p>\n<p>Tras dos a\u00f1os sin festejos en Sinaloa con motivo del<strong>\u00a0D\u00eda de la Independencia de M\u00e9xico<\/strong>, la gobernadora interina, Yeraldine Bonilla, inform\u00f3 el pasado mes de agosto que s\u00ed se har\u00e1n actividades en las instalaciones del Palacio de Gobierno de Culiac\u00e1n.<\/p>\n<p>&#8220;En su momento les estar\u00e9 dando noticias, pero les adelanto que s\u00ed va a haber festejo de la Independencia&#8221;, declar\u00f3 a medios locales.<\/p>\n<p>&nbsp;<\/p>\n<p>Con informaci\u00f3n de LatinUs<\/p>\n","protected":false},"excerpt":{"rendered":"<p>Entre las actividades suspendidas en el marco de la violencia en la entidad se encontraban actos de danza y m\u00fasica, as\u00ed como actividades deportivas El programa por la conmemoraci\u00f3n del\u00a0111 aniversario del municipio de Escuinapa, Sinaloa, qued\u00f3 cancelado, seg\u00fan se anunci\u00f3 oficialmente el pasado jueves. A trav\u00e9s de un comunicado, el ayuntamiento del municipio inform\u00f3 que el programa de actividades art\u00edsticas, culturales y recreativas que se ten\u00eda previsto para esta semana\u00a0se suspendieron por \u201ccausas de fuerza mayor\u201d. \u201cLa conmemoraci\u00f3n hist\u00f3rica de esta fecha se limitar\u00e1 estrictamente a un\u00a0acto c\u00edvico\u00a0de car\u00e1cter solemne e interno entre autoridades municipales y el cuerpo edilicio. [&hellip;]<\/p>\n","protected":false},"author":3,"featured_media":152340,"comment_status":"open","ping_status":"open","sticky":false,"template":"","format":"standard","meta":{"_jetpack_newsletter_access":"","_jetpack_dont_email_post_to_subs":false,"_jetpack_newsletter_tier_id":0,"_jetpack_memberships_contains_paywalled_content":false,"_jetpack_feature_clip_id":0,"_jetpack_memberships_contains_paid_content":false,"footnotes":"","jetpack_publicize_message":"","jetpack_publicize_feature_enabled":true,"jetpack_social_post_already_shared":true,"jetpack_social_options":{"image_generator_settings":{"template":"highway","default_image_id":0,"font":"","enabled":false},"version":2},"jetpack_post_was_ever_published":false},"categories":[90],"tags":[],"class_list":["post-152337","post","type-post","status-publish","format-standard","has-post-thumbnail","hentry","category-estatal","post--single"],"jetpack_publicize_connections":[],"jetpack_featured_media_url":"https:\/\/ovelanalista.com\/wp-content\/uploads\/2026\/09\/Captura-de-Pantalla-2026-09-04-a-las-10.42.07.png","jetpack_sharing_enabled":true,"_links":{"self":[{"href":"https:\/\/ovelanalista.com\/index.php?rest_route=\/wp\/v2\/posts\/152337","targetHints":{"allow":["GET"]}}],"collection":[{"href":"https:\/\/ovelanalista.com\/index.php?rest_route=\/wp\/v2\/posts"}],"about":[{"href":"https:\/\/ovelanalista.com\/index.php?rest_route=\/wp\/v2\/types\/post"}],"author":[{"embeddable":true,"href":"https:\/\/ovelanalista.com\/index.php?rest_route=\/wp\/v2\/users\/3"}],"replies":[{"embeddable":true,"href":"https:\/\/ovelanalista.com\/index.php?rest_route=%2Fwp%2Fv2%2Fcomments&post=152337"}],"version-history":[{"count":1,"href":"https:\/\/ovelanalista.com\/index.php?rest_route=\/wp\/v2\/posts\/152337\/revisions"}],"predecessor-version":[{"id":152356,"href":"https:\/\/ovelanalista.com\/index.php?rest_route=\/wp\/v2\/posts\/152337\/revisions\/152356"}],"wp:featuredmedia":[{"embeddable":true,"href":"https:\/\/ovelanalista.com\/index.php?rest_route=\/wp\/v2\/media\/152340"}],"wp:attachment":[{"href":"https:\/\/ovelanalista.com\/index.php?rest_route=%2Fwp%2Fv2%2Fmedia&parent=152337"}],"wp:term":[{"taxonomy":"category","embeddable":true,"href":"https:\/\/ovelanalista.com\/index.php?rest_route=%2Fwp%2Fv2%2Fcategories&post=152337"},{"taxonomy":"post_tag","embeddable":true,"href":"https:\/\/ovelanalista.com\/index.php?rest_route=%2Fwp%2Fv2%2Ftags&post=152337"}],"curies":[{"name":"wp","href":"https:\/\/api.w.org\/{rel}","templated":true}]}}