{"id":152344,"date":"2026-09-04T11:00:59","date_gmt":"2026-09-04T18:00:59","guid":{"rendered":"https:\/\/ovelanalista.com\/?p=152344"},"modified":"2026-09-04T11:00:59","modified_gmt":"2026-09-04T18:00:59","slug":"amplian-plazo-para-tramitar-tarjetas-para-transporte","status":"publish","type":"post","link":"https:\/\/ovelanalista.com\/?p=152344","title":{"rendered":"Ampl\u00edan plazo para tramitar tarjetas para transporte"},"content":{"rendered":"<div><\/div>\n<div>Culiac\u00e1n, Sinaloa.-Con el prop\u00f3sito de que ning\u00fan estudiante se quede sin los descuentos en el transporte p\u00fablico, la Secretar\u00eda de Bienestar y Desarrollo Sustentable (SEBIDES) informa que se ampli\u00f3 hasta el pr\u00f3ximo 16 de octubre el periodo de vigencia de las Tarjetas Inteligentes de quienes actualmente cuentan con su pl\u00e1stico.<\/div>\n<div><\/div>\n<div>El titular de SEBIDES, Francisco Javier Barr\u00f3n Aguayo, se\u00f1al\u00f3 que esta medida responde a la alta demanda y a la ampliaci\u00f3n del servicio para los descuentos mediante las Tarjetas Inteligentes, luego de que usuarios han manifestado que no han logrado agendar una cita en l\u00ednea.<\/div>\n<div><\/div>\n<div>Por ello, el funcionario inform\u00f3 que los estudiantes no deben preocuparse, ya que podr\u00e1n continuar utilizando su tarjeta y conservar el descuento mientras consiguen una cita para realizar el tr\u00e1mite correspondiente.<\/div>\n<div><\/div>\n<div>\u201cDecirles que el periodo de vigencia de las tarjetas de los que ya las tienen ser\u00eda hasta el 16 de octubre. Esto para priorizar y que no se les corte el descuento a los estudiantes. Tambi\u00e9n decirles que estamos mejorando el sistema, que estamos optimizando el sistema para darles una mejor atenci\u00f3n\u201d, afirm\u00f3 Barr\u00f3n Aguayo.<\/div>\n<div><\/div>\n<div>Agreg\u00f3 que, a trav\u00e9s de la Direcci\u00f3n de Movilidad, se lleva a cabo la verificaci\u00f3n de los m\u00f3dulos en todos los municipios donde opera el programa, con el objetivo de evitar afectaciones a la econom\u00eda de los estudiantes mientras concluye el proceso de optimizaci\u00f3n del sistema y puedan realizar el tr\u00e1mite correspondiente, ya sea por primera vez, para reactivaci\u00f3n o renovaci\u00f3n por da\u00f1o o extrav\u00edo.<\/div>\n<div><\/div>\n<div>Barr\u00f3n Aguayo destac\u00f3 que este programa representa un importante apoyo para la econom\u00eda familiar, por lo que hizo un llamado a madres y padres de familia para que se acerquen a los m\u00f3dulos fijos, como los ubicados en la USE y en el Patio Central del Palacio de Gobierno, donde podr\u00e1n obtener informaci\u00f3n clara sobre el tr\u00e1mite, as\u00ed como en cada una de las Unidades Administrativas de los municipios.<\/div>\n<div><\/div>\n<div>Asimismo, record\u00f3 que pueden comunicarse a las oficinas centrales al tel\u00e9fono 667 758 70, extensi\u00f3n 40345, o v\u00eda WhatsApp al 667 418 9416, en un horario de atenci\u00f3n de 08:00 a 15:00 horas.<\/div>\n<div><\/div>\n<div>Por otro lado, destac\u00f3 la participaci\u00f3n del gremio transportista, ya que se\u00f1al\u00f3 que, sin su disposici\u00f3n y empe\u00f1o, no ser\u00eda posible brindar este apoyo a las y los estudiantes.<\/div>\n<div><\/div>\n<div>\u201cAgradecerle a todos los transportistas por este esfuerzo que est\u00e1n haciendo junto con el Gobierno del Estado, en bien de todas las familias sinaloenses\u201d, coment\u00f3.<\/div>\n<div><\/div>\n<div>Finalmente, invit\u00f3 al sector transportista a continuar colaborando con las y los estudiantes y las familias sinaloenses mediante este programa, que ha generado importantes beneficios para la ciudadan\u00eda.<\/div>\n","protected":false},"excerpt":{"rendered":"<p>Culiac\u00e1n, Sinaloa.-Con el prop\u00f3sito de que ning\u00fan estudiante se quede sin los descuentos en el transporte p\u00fablico, la Secretar\u00eda de Bienestar y Desarrollo Sustentable (SEBIDES) informa que se ampli\u00f3 hasta el pr\u00f3ximo 16 de octubre el periodo de vigencia de las Tarjetas Inteligentes de quienes actualmente cuentan con su pl\u00e1stico. El titular de SEBIDES, Francisco Javier Barr\u00f3n Aguayo, se\u00f1al\u00f3 que esta medida responde a la alta demanda y a la ampliaci\u00f3n del servicio para los descuentos mediante las Tarjetas Inteligentes, luego de que usuarios han manifestado que no han logrado agendar una cita en l\u00ednea. Por ello, el funcionario inform\u00f3 [&hellip;]<\/p>\n","protected":false},"author":3,"featured_media":152347,"comment_status":"open","ping_status":"open","sticky":false,"template":"","format":"standard","meta":{"_jetpack_newsletter_access":"","_jetpack_dont_email_post_to_subs":false,"_jetpack_newsletter_tier_id":0,"_jetpack_memberships_contains_paywalled_content":false,"_jetpack_feature_clip_id":0,"_jetpack_memberships_contains_paid_content":false,"footnotes":"","jetpack_publicize_message":"","jetpack_publicize_feature_enabled":true,"jetpack_social_post_already_shared":true,"jetpack_social_options":{"image_generator_settings":{"template":"highway","default_image_id":0,"font":"","enabled":false},"version":2},"jetpack_post_was_ever_published":false},"categories":[90],"tags":[],"class_list":["post-152344","post","type-post","status-publish","format-standard","has-post-thumbnail","hentry","category-estatal","post--single"],"jetpack_publicize_connections":[],"jetpack_featured_media_url":"https:\/\/ovelanalista.com\/wp-content\/uploads\/2026\/09\/WhatsApp-Image-2026-09-04-at-10.39.22-AM.jpeg","jetpack_sharing_enabled":true,"_links":{"self":[{"href":"https:\/\/ovelanalista.com\/index.php?rest_route=\/wp\/v2\/posts\/152344","targetHints":{"allow":["GET"]}}],"collection":[{"href":"https:\/\/ovelanalista.com\/index.php?rest_route=\/wp\/v2\/posts"}],"about":[{"href":"https:\/\/ovelanalista.com\/index.php?rest_route=\/wp\/v2\/types\/post"}],"author":[{"embeddable":true,"href":"https:\/\/ovelanalista.com\/index.php?rest_route=\/wp\/v2\/users\/3"}],"replies":[{"embeddable":true,"href":"https:\/\/ovelanalista.com\/index.php?rest_route=%2Fwp%2Fv2%2Fcomments&post=152344"}],"version-history":[{"count":1,"href":"https:\/\/ovelanalista.com\/index.php?rest_route=\/wp\/v2\/posts\/152344\/revisions"}],"predecessor-version":[{"id":152348,"href":"https:\/\/ovelanalista.com\/index.php?rest_route=\/wp\/v2\/posts\/152344\/revisions\/152348"}],"wp:featuredmedia":[{"embeddable":true,"href":"https:\/\/ovelanalista.com\/index.php?rest_route=\/wp\/v2\/media\/152347"}],"wp:attachment":[{"href":"https:\/\/ovelanalista.com\/index.php?rest_route=%2Fwp%2Fv2%2Fmedia&parent=152344"}],"wp:term":[{"taxonomy":"category","embeddable":true,"href":"https:\/\/ovelanalista.com\/index.php?rest_route=%2Fwp%2Fv2%2Fcategories&post=152344"},{"taxonomy":"post_tag","embeddable":true,"href":"https:\/\/ovelanalista.com\/index.php?rest_route=%2Fwp%2Fv2%2Ftags&post=152344"}],"curies":[{"name":"wp","href":"https:\/\/api.w.org\/{rel}","templated":true}]}}