{"id":152357,"date":"2026-09-04T13:00:45","date_gmt":"2026-09-04T20:00:45","guid":{"rendered":"https:\/\/ovelanalista.com\/?p=152357"},"modified":"2026-09-04T12:03:21","modified_gmt":"2026-09-04T19:03:21","slug":"apuntan-al-cjng-y-el-cartel-de-sinaloa-por-el-ataque-con-coche-bomba-en-comandancia-de-zacatecas","status":"publish","type":"post","link":"https:\/\/ovelanalista.com\/?p=152357","title":{"rendered":"Apuntan al CJNG y el C\u00e1rtel de Sinaloa, por el ataque con coche bomba en comandancia de Zacatecas"},"content":{"rendered":"<div class=\"c-attribution b-byline\"><span class=\"b-byline__by\">Por<\/span>\u00a0<strong><span class=\"b-byline__names\">Alicia Pereda<\/span><\/strong><\/div>\n<p><time class=\"primary-font__PrimaryFontStyles-sc-dkaloj-0 fhHYLJ date undefined\" datetime=\"2026-09-04T14:53:40.697Z\">2026-09-04 | 08:53 hrs.<\/time><time class=\"primary-font__PrimaryFontStyles-sc-dkaloj-0 fhHYLJ date undefined\" datetime=\"2026-09-04T15:19:15.384Z\">\u00a0\/\u00a0Actualizaci\u00f3n:\u00a02026-09-04 | 09:19 hrs.<\/time><\/p>\n<article class=\"b-article-body \">\n<p class=\"c-paragraph\"><b>Omar Garc\u00eda Harfuch<\/b>, titular de la Secretar\u00eda de Seguridad y Protecci\u00f3n Ciudadana (SSPC), revel\u00f3 la ma\u00f1ana de este viernes 4 de septiembre, que las primeras investigaciones apuntan a que el reciente ataque con un coche bomba contra la\u00a0<b>comandancia del municipio de Ojocaliente,<\/b>\u00a0Zacatecas, tendr\u00eda que ver con la\u00a0<b>disputa entre los c\u00e1rteles de Sinaloa (o Pac\u00edfico) y Jalisco Nueva Generaci\u00f3n.<\/b><\/p>\n<div class=\"st-inarticle-slot\">\n<div id=\"standard_6\" class=\"st-placement inArticle standard_6\">\n<div class=\"st-adunit st-adunit-tagged st-adunit-inarticle st-reset st-show goku\" data-testid=\"adunit\">\n<div class=\"st-adunit-ad st-reset\" data-testid=\"adunit-ad\">\n<div class=\"st-display-render st-reset open st-controls\" data-testid=\"controls\">\n<div class=\"x-to-close st-reset\" data-testid=\"close-button\"><\/div>\n<\/div>\n<\/div>\n<\/div>\n<\/div>\n<\/div>\n<p class=\"c-paragraph\">\u201cPrecisamente una de las l\u00edneas de investigaci\u00f3n<b>\u00a0sit\u00faa la agresi\u00f3n en el contexto de la disputa que mantienen c\u00e9lulas delictivas del C\u00e1rtel Jalisco Nueva Generaci\u00f3n y C\u00e1rtel del Pac\u00edfico<\/b>\u201d, dijo.<\/p>\n<p class=\"c-paragraph\">Desde la\u00a0<i>Ma\u00f1anera del Pueblo<\/i>, que este d\u00eda se realiza en Guadalupe, Zacatecas, Garc\u00eda Harfuch revel\u00f3 adem\u00e1s que se utilizaron\u00a0<b>alrededor de 200 kilogramos de material explosivo,<\/b>\u00a0para este ataque.<\/p>\n<article class=\"container-fluid inline-promo border border_solid border_top color_black_1\">\n<div class=\"inline-promo-wrapper inline-promo-image\"><a class=\"image-link position_relative float_right\" title=\"\u201cNo vamos a desistir ni nos vamos a amedrentar\u201d: David Monreal sobre violencia en Zacatecas  \" href=\"https:\/\/www.nacion321.com\/estados\/2026\/08\/31\/no-vamos-a-desistir-ni-nos-vamos-a-amedrentar-david-monreal-sobre-violencia-en-zacatecas\/\"><picture><source srcset=\"https:\/\/www.nacion321.com\/resizer\/v2\/F46LKMD5JNABFAGBYL4PWW2SX4.jpg?smart=true&amp;auth=072e2a4848023fd601caadef46ace9d5dcf1ecd5d824cf1ee3ae9a78833c0c30&amp;width=300&amp;height=199&amp;quality=85 300w\" type=\"image\/webp\" media=\"(min-width: 1024px)\" \/><source srcset=\"https:\/\/www.nacion321.com\/resizer\/v2\/F46LKMD5JNABFAGBYL4PWW2SX4.jpg?smart=true&amp;auth=072e2a4848023fd601caadef46ace9d5dcf1ecd5d824cf1ee3ae9a78833c0c30&amp;width=200&amp;height=133&amp;quality=85 200w\" type=\"image\/webp\" media=\"(min-width: 768px)\" \/><source srcset=\"https:\/\/www.nacion321.com\/resizer\/v2\/F46LKMD5JNABFAGBYL4PWW2SX4.jpg?smart=true&amp;auth=072e2a4848023fd601caadef46ace9d5dcf1ecd5d824cf1ee3ae9a78833c0c30&amp;width=200&amp;height=133&amp;quality=85 200w\" type=\"image\/webp\" media=\"(min-width: 580px)\" \/><source srcset=\"https:\/\/www.nacion321.com\/resizer\/v2\/F46LKMD5JNABFAGBYL4PWW2SX4.jpg?smart=true&amp;auth=072e2a4848023fd601caadef46ace9d5dcf1ecd5d824cf1ee3ae9a78833c0c30&amp;width=200&amp;height=133&amp;quality=85 200w\" type=\"image\/webp\" media=\"(min-width: 350px)\" \/><img loading=\"lazy\" decoding=\"async\" class=\"c-image aligncenter\" src=\"https:\/\/www.nacion321.com\/resizer\/v2\/F46LKMD5JNABFAGBYL4PWW2SX4.jpg?smart=true&amp;auth=072e2a4848023fd601caadef46ace9d5dcf1ecd5d824cf1ee3ae9a78833c0c30&amp;width=200&amp;height=133&amp;quality=85\" alt=\"\u201cNo vamos a desistir ni nos vamos a amedrentar\u201d: David Monreal sobre violencia en Zacatecas  \" width=\"582\" height=\"387\" \/><\/picture><\/a><\/p>\n<h2 class=\"inline-promo-headline-text font_primary display_inline-block font_medium\">\u201cNo vamos a desistir ni nos vamos a amedrentar\u201d: David Monreal sobre violencia en Zacatecas<\/h2>\n<\/div>\n<\/article>\n<hr \/>\n<p class=\"c-paragraph\">\u201c<b>La agresi\u00f3n dej\u00f3 11 personas lesionadas. Tambi\u00e9n provoc\u00f3 da\u00f1os severos en 10 viviendas, da\u00f1os menores en otras 53 y afectaciones en 15 veh\u00edculos<\/b>, adem\u00e1s de los da\u00f1os ocasionados a las instalaciones de la corporaci\u00f3n, unidades particulares y patrullas\u201d, describi\u00f3.<\/p>\n<p class=\"c-paragraph\">Finalmente, Garc\u00eda Harfuch dijo que\u00a0<b>hasta ahora han sido detenidos tres presuntos implicados<\/b>\u00a0en estos hechos, que se dieron la tarde-noche del domingo 30 de agosto, inclu\u00eddo Juan Pedro \u2018N\u2019, a quien se le se\u00f1ala como el\u00a0<b>principal responsable de la colocaci\u00f3n de los artefactos explosivos.<\/b><\/p>\n<\/article>\n<p>Con informaci\u00f3n de naci\u00f3n 3 2 1<\/p>\n","protected":false},"excerpt":{"rendered":"<p>Por\u00a0Alicia Pereda 2026-09-04 | 08:53 hrs.\u00a0\/\u00a0Actualizaci\u00f3n:\u00a02026-09-04 | 09:19 hrs. Omar Garc\u00eda Harfuch, titular de la Secretar\u00eda de Seguridad y Protecci\u00f3n Ciudadana (SSPC), revel\u00f3 la ma\u00f1ana de este viernes 4 de septiembre, que las primeras investigaciones apuntan a que el reciente ataque con un coche bomba contra la\u00a0comandancia del municipio de Ojocaliente,\u00a0Zacatecas, tendr\u00eda que ver con la\u00a0disputa entre los c\u00e1rteles de Sinaloa (o Pac\u00edfico) y Jalisco Nueva Generaci\u00f3n. \u201cPrecisamente una de las l\u00edneas de investigaci\u00f3n\u00a0sit\u00faa la agresi\u00f3n en el contexto de la disputa que mantienen c\u00e9lulas delictivas del C\u00e1rtel Jalisco Nueva Generaci\u00f3n y C\u00e1rtel del Pac\u00edfico\u201d, dijo. Desde la\u00a0Ma\u00f1anera del Pueblo, [&hellip;]<\/p>\n","protected":false},"author":3,"featured_media":152359,"comment_status":"open","ping_status":"open","sticky":false,"template":"","format":"standard","meta":{"_jetpack_newsletter_access":"","_jetpack_dont_email_post_to_subs":false,"_jetpack_newsletter_tier_id":0,"_jetpack_memberships_contains_paywalled_content":false,"_jetpack_feature_clip_id":0,"_jetpack_memberships_contains_paid_content":false,"footnotes":"","jetpack_publicize_message":"","jetpack_publicize_feature_enabled":true,"jetpack_social_post_already_shared":true,"jetpack_social_options":{"image_generator_settings":{"template":"highway","default_image_id":0,"font":"","enabled":false},"version":2},"jetpack_post_was_ever_published":false},"categories":[75],"tags":[],"class_list":["post-152357","post","type-post","status-publish","format-standard","has-post-thumbnail","hentry","category-nacional","post--single"],"jetpack_publicize_connections":[],"jetpack_featured_media_url":"https:\/\/ovelanalista.com\/wp-content\/uploads\/2026\/09\/Captura-de-Pantalla-2026-09-04-a-las-12.00.31.png","jetpack_sharing_enabled":true,"_links":{"self":[{"href":"https:\/\/ovelanalista.com\/index.php?rest_route=\/wp\/v2\/posts\/152357","targetHints":{"allow":["GET"]}}],"collection":[{"href":"https:\/\/ovelanalista.com\/index.php?rest_route=\/wp\/v2\/posts"}],"about":[{"href":"https:\/\/ovelanalista.com\/index.php?rest_route=\/wp\/v2\/types\/post"}],"author":[{"embeddable":true,"href":"https:\/\/ovelanalista.com\/index.php?rest_route=\/wp\/v2\/users\/3"}],"replies":[{"embeddable":true,"href":"https:\/\/ovelanalista.com\/index.php?rest_route=%2Fwp%2Fv2%2Fcomments&post=152357"}],"version-history":[{"count":1,"href":"https:\/\/ovelanalista.com\/index.php?rest_route=\/wp\/v2\/posts\/152357\/revisions"}],"predecessor-version":[{"id":152361,"href":"https:\/\/ovelanalista.com\/index.php?rest_route=\/wp\/v2\/posts\/152357\/revisions\/152361"}],"wp:featuredmedia":[{"embeddable":true,"href":"https:\/\/ovelanalista.com\/index.php?rest_route=\/wp\/v2\/media\/152359"}],"wp:attachment":[{"href":"https:\/\/ovelanalista.com\/index.php?rest_route=%2Fwp%2Fv2%2Fmedia&parent=152357"}],"wp:term":[{"taxonomy":"category","embeddable":true,"href":"https:\/\/ovelanalista.com\/index.php?rest_route=%2Fwp%2Fv2%2Fcategories&post=152357"},{"taxonomy":"post_tag","embeddable":true,"href":"https:\/\/ovelanalista.com\/index.php?rest_route=%2Fwp%2Fv2%2Ftags&post=152357"}],"curies":[{"name":"wp","href":"https:\/\/api.w.org\/{rel}","templated":true}]}}