{"id":152363,"date":"2026-09-04T14:00:33","date_gmt":"2026-09-04T21:00:33","guid":{"rendered":"https:\/\/ovelanalista.com\/?p=152363"},"modified":"2026-09-04T12:39:51","modified_gmt":"2026-09-04T19:39:51","slug":"amlo-recibio-financiamiento-del-cartel-de-sinaloa-esto-se-ha-revelado","status":"publish","type":"post","link":"https:\/\/ovelanalista.com\/?p=152363","title":{"rendered":"\u00bfAMLO recibi\u00f3 financiamiento del C\u00e1rtel de Sinaloa? Esto se ha revelado"},"content":{"rendered":"<p class=\"text-lg md:text-xl text-black dark:text-white leading-relaxed font-medium mb-8 font-noto-sans\">El supuesto financiamiento a campa\u00f1as de L\u00f3pez Obrador habr\u00eda derivado en compromisos que fueron cumplidos durante su gobierno, seg\u00fan la escritora Anabel Hern\u00e1ndez<\/p>\n<div class=\"article-body text-black dark:text-white font-noto-sans text-md md:text-lg\">\n<div class=\"text-black dark:text-white font-noto-sans text-md md:text-lg\">\n<p>Las acusaciones sobre un\u00a0<strong>presunto financiamiento del C\u00e1rtel de Sinaloa a las campa\u00f1as presidenciales de Andr\u00e9s Manuel L\u00f3pez Obrador<\/strong>\u00a0volvieron a colocarse en el centro de la discusi\u00f3n a partir de las declaraciones de la periodista Anabel Hern\u00e1ndez. En su nuevo libro, Narcocracia, la escritora expone una investigaci\u00f3n sobre los supuestos v\u00ednculos entre organizaciones criminales y actores pol\u00edticos mexicanos.<\/p>\n<\/div>\n<div class=\"not-prose py-4\">\n<div id=\"div-gpt-ad-Billboard&amp;Box_Middle_Center_ROS_BTF_4\" class=\"ad-slot relative h-full flex items-start justify-center m-auto overflow-hidden  w-full flex justify-center\" data-show-border=\"false\" aria-hidden=\"true\">\n<div id=\"div-gpt-ad-Billboard&amp;Box_Middle_Center_ROS_BTF_4-_R_24hhbsnpffllb_\" class=\"sticky top-[208px] lg:top-[98px] justify-center flex max-w-full\" data-google-query-id=\"CKTr_7bW1ZYDFSCKpAQdZqkfkw\">De acuerdo con Hern\u00e1ndez, el episodio que habr\u00eda marcado el inicio de esos presuntos compromisos ocurri\u00f3 durante la campa\u00f1a presidencial de 2006. La periodista sostiene que L\u00f3pez Obrador habr\u00eda tenido un encuentro con\u00a0<strong>Sergio Villarreal Barrag\u00e1n, \u201cEl Grande\u201d<\/strong>, entonces integrante del C\u00e1rtel de Sinaloa, en un motel de paso.<\/div>\n<div data-google-query-id=\"CKTr_7bW1ZYDFSCKpAQdZqkfkw\">Seg\u00fan el testimonio que Hern\u00e1ndez atribuye a Villarreal, durante aquella reuni\u00f3n\u00a0<strong>el entonces candidato habr\u00eda recibido una maleta con m\u00e1s de 500 mil d\u00f3lares<\/strong>. A cambio, siempre de acuerdo con la versi\u00f3n expuesta por la periodista, habr\u00eda ofrecido determinadas garant\u00edas al grupo criminal en caso de llegar a la Presidencia.<\/div>\n<div data-google-query-id=\"CKTr_7bW1ZYDFSCKpAQdZqkfkw\">\n<div class=\"text-black dark:text-white font-noto-sans text-md md:text-lg\">\n<h2><strong>\u00bfQu\u00e9 habr\u00eda prometido AMLO al C\u00e1rtel de Sinaloa?<\/strong><\/h2>\n<\/div>\n<div class=\"text-black dark:text-white font-noto-sans text-md md:text-lg\">\n<p>Entre los supuestos compromisos mencionados por Hern\u00e1ndez se encuentran\u00a0<strong>limitar la actuaci\u00f3n de la DEA en M\u00e9xico, brindar protecci\u00f3n a integrantes del c\u00e1rtel y permitir que continuaran con sus actividades<\/strong>, siempre que redujeran sus niveles de violencia.<\/p>\n<p>La periodista asegur\u00f3 que, a\u00f1os despu\u00e9s, pregunt\u00f3 a \u201cEl Grande\u201d qu\u00e9 hab\u00eda pensado cuando L\u00f3pez Obrador finalmente gan\u00f3 las elecciones presidenciales. Seg\u00fan Hern\u00e1ndez, el exintegrante del C\u00e1rtel de Sinaloa respondi\u00f3 que estaba<strong>\u00a0sorprendido por el triunfo, pero todav\u00eda m\u00e1s por las decisiones tomadas posteriormente desde el gobierno.<\/strong><\/p>\n<div class=\"text-black dark:text-white font-noto-sans text-md md:text-lg\">\n<p>La frase que la periodista atribuye a Villarreal es que L\u00f3pez Obrador\u00a0<strong>\u201ccumpli\u00f3 paso a paso las promesas que le hizo al c\u00e1rtel\u201d<\/strong>\u00a0y que, por ese motivo, habr\u00eda sido \u201cun hombre de palabra\u201d. Hern\u00e1ndez agreg\u00f3 su propia valoraci\u00f3n y cuestion\u00f3 que esa supuesta lealtad hubiera sido hacia una organizaci\u00f3n criminal y no hacia la ciudadan\u00eda.<\/p>\n<\/div>\n<div class=\"text-black dark:text-white font-noto-sans text-md md:text-lg\">\n<p>Uno de los principales puntos que la periodista relaciona con esas acusaciones es la pol\u00edtica del gobierno federal frente a\u00a0<strong>las agencias de seguridad estadounidenses<\/strong>, particularmente la DEA. Desde su perspectiva, las medidas adoptadas durante el sexenio de L\u00f3pez Obrador para limitar la operaci\u00f3n de agentes extranjeros en territorio mexicano coincidir\u00edan con una de las presuntas promesas realizadas en 2006.<\/p>\n<\/div>\n<div id=\"nota-embed-9\" class=\"relative scroll-mt-24 transition-shadow duration-500\">\n<div class=\"article-embed-block\"><iframe loading=\"lazy\" title=\"YouTube video player\" src=\"https:\/\/www.youtube.com\/embed\/-DGKquCWfzE?si=Sa9f_m40636_Wykc\" width=\"560\" height=\"315\" frameborder=\"0\" allowfullscreen=\"allowfullscreen\" data-mce-fragment=\"1\"><\/iframe><\/div>\n<div class=\"flex justify-center\">\n<div class=\"flex items-center gap-0 rounded-md px-2 py-1.5 bg-zinc-900 border border-white\/10 shadow-2xl\"><\/div>\n<\/div>\n<\/div>\n<div class=\"text-black dark:text-white font-noto-sans text-md md:text-lg\">\n<h2><strong>Ovidio Guzm\u00e1n, \u201cEl Chapo\u201d y Rub\u00e9n Rocha Moya<\/strong><\/h2>\n<\/div>\n<div class=\"text-black dark:text-white font-noto-sans text-md md:text-lg\">\n<p>Hern\u00e1ndez tambi\u00e9n vincula con su hip\u00f3tesis algunos de los episodios m\u00e1s pol\u00e9micos ocurridos durante el gobierno de L\u00f3pez Obrador. Entre ellos se encuentra la captura de\u00a0<strong>Ovidio Guzm\u00e1n L\u00f3pez en 2019<\/strong>, quien fue detenido por elementos del Ej\u00e9rcito mexicano y posteriormente liberado ante la violencia registrada en Culiac\u00e1n.<\/p>\n<\/div>\n<div class=\"text-black dark:text-white font-noto-sans text-md md:text-lg\">\n<p>Para la periodista, aquella decisi\u00f3n constituye otro elemento que debe analizarse dentro de los presuntos compromisos con el C\u00e1rtel de Sinaloa. La investigaci\u00f3n tambi\u00e9n menciona el encuentro que L\u00f3pez Obrador sostuvo con\u00a0<strong>Mar\u00eda Consuelo Loera P\u00e9rez, madre de Joaqu\u00edn \u201cEl Chapo\u201d Guzm\u00e1n<\/strong>, durante una gira por Sinaloa en marzo de 2020.<\/p>\n<\/div>\n<div class=\"text-black dark:text-white font-noto-sans text-md md:text-lg\">\n<p>Otro nombre incluido por Hern\u00e1ndez es el del gobernador de Sinaloa,\u00a0<strong>Rub\u00e9n Rocha Moya<\/strong>. La periodista sostiene que el mandatario habr\u00eda recibido\u00a0<strong>apoyo y financiamiento del C\u00e1rtel de Sinaloa durante las elecciones de 2021<\/strong>\u00a0y plantea que ese supuesto respaldo formar\u00eda parte de una operaci\u00f3n m\u00e1s amplia para favorecer a determinados candidatos.<\/p>\n<\/div>\n<figure class=\"article-img-block\">\n<div id=\"st-2fea99a2-669c-43f1-b7a8-c52124c93898\"><\/div>\n<p><button class=\"group relative w-full block cursor-zoom-in min-h-11\" type=\"button\" aria-label=\"Ver imagen ampliada\"><\/button><button class=\"group relative w-full block cursor-zoom-in min-h-11\" type=\"button\" aria-label=\"Ver imagen ampliada\"><img loading=\"lazy\" decoding=\"async\" class=\"w-full \" src=\"https:\/\/sportal365images.com\/process\/smp-images-production\/record.mx\/04092026\/4ec94388-8a51-4ee0-8a2c-7807cb9e9eae.webp?operations=autocrop(960:540)&amp;format=webp\" sizes=\"auto, (max-width: 640px) 95vw, (max-width: 1024px) 70vw, 960px\" srcset=\"https:\/\/sportal365images.com\/process\/smp-images-production\/record.mx\/04092026\/4ec94388-8a51-4ee0-8a2c-7807cb9e9eae.webp?operations=autocrop(480:270)&amp;format=webp 480w, https:\/\/sportal365images.com\/process\/smp-images-production\/record.mx\/04092026\/4ec94388-8a51-4ee0-8a2c-7807cb9e9eae.webp?operations=autocrop(768:432)&amp;format=webp 768w, https:\/\/sportal365images.com\/process\/smp-images-production\/record.mx\/04092026\/4ec94388-8a51-4ee0-8a2c-7807cb9e9eae.webp?operations=autocrop(960:540)&amp;format=webp 960w\" alt=\"Ovidio Guzm\u00e1n fue detenido y liberado durante el gobierno de AMLO.\/especial\" width=\"680\" height=\"383\" \/><\/button><\/p>\n<div class=\"w-full h-full bg-red-600\/90 relative\"><img decoding=\"async\" class=\"absolute\" src=\"https:\/\/www.record.com.mx\/assets\/icons\/zoom_icon.png\" alt=\"Zoom\" \/><\/div><figcaption class=\"article-img-caption\">Ovidio Guzm\u00e1n fue detenido y liberado durante el gobierno de AMLO.\/especial<\/figcaption><\/figure>\n<div class=\"text-black dark:text-white font-noto-sans text-md md:text-lg\">\n<h3><strong>\u00bfEl supuesto financiamiento tambi\u00e9n habr\u00eda ocurrido en 2012 y 2018?<\/strong><\/h3>\n<\/div>\n<div class=\"text-black dark:text-white font-noto-sans text-md md:text-lg\">\n<p>La investigaci\u00f3n de Hern\u00e1ndez no se limita a la campa\u00f1a presidencial de 2006. La periodista sostiene que\u00a0<strong>el C\u00e1rtel de Sinaloa tambi\u00e9n habr\u00eda financiado las campa\u00f1as de L\u00f3pez Obrador en 2012 y 2018<\/strong>, aunque aclara que las fuentes de informaci\u00f3n son diferentes para cada proceso electoral.<\/p>\n<\/div>\n<div class=\"text-black dark:text-white font-noto-sans text-md md:text-lg\">\n<p>Seg\u00fan su relato, el testimonio directo atribuido a \u201cEl Grande\u201d corresponde a los acontecimientos de 2006. Para las elecciones posteriores, Hern\u00e1ndez se\u00f1ala que obtuvo informaci\u00f3n de otras personas relacionadas con la organizaci\u00f3n criminal, entre ellas\u00a0<strong>D\u00e1maso L\u00f3pez Serrano, \u201cMini Lic\u201d<\/strong>, as\u00ed como individuos que, seg\u00fan ella, habr\u00edan formado parte del equipo de L\u00f3pez Obrador.<\/p>\n<\/div>\n<div class=\"text-black dark:text-white font-noto-sans text-md md:text-lg\">\n<p>La periodista tambi\u00e9n afirm\u00f3 que una investigaci\u00f3n de la DEA, supervisada por fiscales del Distrito Sur de Nueva York, habr\u00eda reunido testimonios relacionados con la llegada de\u00a0<strong>dinero del C\u00e1rtel de Sinaloa a la campa\u00f1a de 2006<\/strong>. Hern\u00e1ndez sostiene que \u201cEl Grande\u201d habr\u00eda mencionado inicialmente a L\u00f3pez Obrador y a Genaro Garc\u00eda Luna ante autoridades mexicanas y estadounidenses.<\/p>\n<\/div>\n<div class=\"text-black dark:text-white font-noto-sans text-md md:text-lg\">\n<p>Posteriormente, seg\u00fan la versi\u00f3n de la periodista, Villarreal habr\u00eda descrito una reuni\u00f3n en la que presuntamente entreg\u00f3 dinero al entonces candidato presidencial.\u00a0<strong>Estas afirmaciones forman parte de la investigaci\u00f3n period\u00edstica de Anabel Hern\u00e1ndez y de los testimonios que ella atribuye a exintegrantes del C\u00e1rtel de Sinaloa; no deben presentarse como hechos judicialmente comprobados.<\/strong><\/p>\n<\/div>\n<p>Con informaci\u00f3n de Record<\/p>\n<\/div>\n<\/div>\n<\/div>\n<\/div>\n<\/div>\n","protected":false},"excerpt":{"rendered":"<p>El supuesto financiamiento a campa\u00f1as de L\u00f3pez Obrador habr\u00eda derivado en compromisos que fueron cumplidos durante su gobierno, seg\u00fan la escritora Anabel Hern\u00e1ndez Las acusaciones sobre un\u00a0presunto financiamiento del C\u00e1rtel de Sinaloa a las campa\u00f1as presidenciales de Andr\u00e9s Manuel L\u00f3pez Obrador\u00a0volvieron a colocarse en el centro de la discusi\u00f3n a partir de las declaraciones de la periodista Anabel Hern\u00e1ndez. En su nuevo libro, Narcocracia, la escritora expone una investigaci\u00f3n sobre los supuestos v\u00ednculos entre organizaciones criminales y actores pol\u00edticos mexicanos. De acuerdo con Hern\u00e1ndez, el episodio que habr\u00eda marcado el inicio de esos presuntos compromisos ocurri\u00f3 durante la campa\u00f1a presidencial [&hellip;]<\/p>\n","protected":false},"author":3,"featured_media":152365,"comment_status":"open","ping_status":"open","sticky":false,"template":"","format":"standard","meta":{"_jetpack_newsletter_access":"","_jetpack_dont_email_post_to_subs":false,"_jetpack_newsletter_tier_id":0,"_jetpack_memberships_contains_paywalled_content":false,"_jetpack_feature_clip_id":0,"_jetpack_memberships_contains_paid_content":false,"footnotes":"","jetpack_publicize_message":"","jetpack_publicize_feature_enabled":true,"jetpack_social_post_already_shared":true,"jetpack_social_options":{"image_generator_settings":{"template":"highway","default_image_id":0,"font":"","enabled":false},"version":2},"jetpack_post_was_ever_published":false},"categories":[75],"tags":[],"class_list":["post-152363","post","type-post","status-publish","format-standard","has-post-thumbnail","hentry","category-nacional","post--single"],"jetpack_publicize_connections":[],"jetpack_featured_media_url":"https:\/\/ovelanalista.com\/wp-content\/uploads\/2026\/09\/Captura-de-Pantalla-2026-09-04-a-las-12.38.03.png","jetpack_sharing_enabled":true,"_links":{"self":[{"href":"https:\/\/ovelanalista.com\/index.php?rest_route=\/wp\/v2\/posts\/152363","targetHints":{"allow":["GET"]}}],"collection":[{"href":"https:\/\/ovelanalista.com\/index.php?rest_route=\/wp\/v2\/posts"}],"about":[{"href":"https:\/\/ovelanalista.com\/index.php?rest_route=\/wp\/v2\/types\/post"}],"author":[{"embeddable":true,"href":"https:\/\/ovelanalista.com\/index.php?rest_route=\/wp\/v2\/users\/3"}],"replies":[{"embeddable":true,"href":"https:\/\/ovelanalista.com\/index.php?rest_route=%2Fwp%2Fv2%2Fcomments&post=152363"}],"version-history":[{"count":1,"href":"https:\/\/ovelanalista.com\/index.php?rest_route=\/wp\/v2\/posts\/152363\/revisions"}],"predecessor-version":[{"id":152367,"href":"https:\/\/ovelanalista.com\/index.php?rest_route=\/wp\/v2\/posts\/152363\/revisions\/152367"}],"wp:featuredmedia":[{"embeddable":true,"href":"https:\/\/ovelanalista.com\/index.php?rest_route=\/wp\/v2\/media\/152365"}],"wp:attachment":[{"href":"https:\/\/ovelanalista.com\/index.php?rest_route=%2Fwp%2Fv2%2Fmedia&parent=152363"}],"wp:term":[{"taxonomy":"category","embeddable":true,"href":"https:\/\/ovelanalista.com\/index.php?rest_route=%2Fwp%2Fv2%2Fcategories&post=152363"},{"taxonomy":"post_tag","embeddable":true,"href":"https:\/\/ovelanalista.com\/index.php?rest_route=%2Fwp%2Fv2%2Ftags&post=152363"}],"curies":[{"name":"wp","href":"https:\/\/api.w.org\/{rel}","templated":true}]}}