{"id":152368,"date":"2026-09-04T14:30:46","date_gmt":"2026-09-04T21:30:46","guid":{"rendered":"https:\/\/ovelanalista.com\/?p=152368"},"modified":"2026-09-04T12:46:19","modified_gmt":"2026-09-04T19:46:19","slug":"que-se-pudra-sinaloa","status":"publish","type":"post","link":"https:\/\/ovelanalista.com\/?p=152368","title":{"rendered":"Que se pudra Sinaloa"},"content":{"rendered":"<p>Pablo Hiriart DETONA\u00ae<em><strong>\u00a0\u00a0<\/strong><strong>Con o sin Rocha Moya, el pacto criminal sigue vigente y uno de los estados m\u00e1s ricos y bellos del pa\u00eds se desliza imparable por el tobog\u00e1n de la decadencia.<\/strong><\/em><\/p>\n<p>Por\u00a0<b>Pablo Hiriart<\/b><\/p>\n<div class=\"text-paragraph\">\n<p><strong>Al gobierno federal le importa un comino que la criminalidad siga a tope, la econom\u00eda caiga en picada, las empresas cierren, el desempleo aumente y el \u00e9xodo de sinaloenses hacia otros estados tome una velocidad de 84 mil habitantes en un a\u00f1o y medio.<\/strong><\/p>\n<ul>\n<li>\u00bfPor qu\u00e9?<\/li>\n<li>\u00bfQu\u00e9 tiene o qu\u00e9 le falta a Sinaloa para llamar la atenci\u00f3n del gobierno federal y relanzarlo a las alturas donde su geograf\u00eda y su gente lo podr\u00edan poner?<\/li>\n<\/ul>\n<p>Tiene dos\u00a0<strong>\u201cpecados\u201d<\/strong>, por decirlo de alguna manera: representa apenas 2.1 por ciento del padr\u00f3n electoral del pa\u00eds, y es una mina de recursos no fiscalizables para el partido gobernante.<\/p>\n<p><u>Se fue Rocha Moya por narco, y su equipo sigue.<\/u><\/p>\n<p>No hay un solo funcionario suyo, ni de ayuntamiento alguno en Sinaloa, que haya sido detenido por su participaci\u00f3n en el narcotr\u00e1fico.<\/p>\n<p>A la salida de la fiscal Sara Bruna, luego del montaje para encubrir el asesinato de H\u00e9ctor Melesio Cu\u00e9n, en el cargo fue designada Claudia Zulema S\u00e1nchez Kondo, que era la vicefiscal.<\/p>\n<p>El otro vicefiscal pidi\u00f3 licencia al cargo porque es uno de los 10 funcionarios que el gobierno de Estados Unidos pidi\u00f3 detener.<\/p>\n<\/div>\n<div class=\"text-paragraph\">\n<h5 class=\"subtitle handdrawn\">En agosto hubo 152 homicidios.<\/h5>\n<p>Para tener una idea, en Yucat\u00e1n hubo dos homicidios ese mes.<\/p>\n<p>Claro, el n\u00famero de polic\u00edas por habitante en el estado de Yucat\u00e1n, en 2025, fue de 2.1.<\/p>\n<p>Y en Sinaloa, s\u00f3lo 0.6.<\/p>\n<p>Sinaloa ejerci\u00f3 un presupuesto de 301 pesos por habitante el a\u00f1o pasado, mientras Sonora tuvo mil 443 pesos por habitante.<\/p>\n<p><strong>El sur del estado es zona de guerra.<\/strong><\/p>\n<p>Los\u00a0<em><u>Chapitos<\/u><\/em><u>,<\/u>\u00a0grandes amigos de Rocha Moya, pactaron con el<u>\u00a0<\/u><em><u>C\u00e1rtel Jalisco Nueva Generaci\u00f3n<\/u><\/em>\u00a0para controlar Concordia, Rosario, Escuinapa y Mazatl\u00e1n.<\/p>\n<p>Ah\u00ed los<em>\u00a0<u>Mayos<\/u><\/em><u>\u00a0<\/u>pusieron su frontera, de Mazatl\u00e1n no pasan.<\/p>\n<p>Las balaceras y la mortandad siguen su curso, y en aumento.<\/p>\n<ul>\n<li>\u00bfY el turismo?<\/li>\n<li>\u00bfLa agricultura?<\/li>\n<li>\u00bfEl empleo?<\/li>\n<li>\u00bfLa vida cotidiana?<\/li>\n<\/ul>\n<p>En ruinas.<\/p>\n<p>No hay acci\u00f3n del gobierno para alterar el pacto criminal.<\/p>\n<p><u>Los votantes son pocos y el narco opera en favor de Morena.<\/u><\/p>\n<\/div>\n<div class=\"adunit ads medium-rectangle-body \">\n<div class=\"adunitContainer\"><\/div>\n<\/div>\n<div class=\"text-paragraph\">\n<h5 class=\"subtitle handdrawn\">Va un ejemplo.<\/h5>\n<p>Para la revocaci\u00f3n de mandato a la que convoc\u00f3 AMLO, la media nacional de participaci\u00f3n fue de 15 por ciento.<\/p>\n<p>Y en Cosal\u00e1, municipio que est\u00e1 enclavado en el centro de la sierra (donde se reuni\u00f3\u00a0<em><u>El Chapo<\/u><\/em>\u00a0con Kate del Castillo y Sean Penn), la participaci\u00f3n fue de 78 por ciento.<\/p>\n<p>De enero de 2025 a junio de este a\u00f1o, 84 mil sinaloenses abandonaron el estado, se van de su tierra, la poblaci\u00f3n decrece.<\/p>\n<p><strong>Hay seis mil sinaloenses desplazados de sus comunidades por la violencia.<\/strong><\/p>\n<p>Entre julio de 2024 y julio de 2026, se han perdido 21 mil 316 empleos registrados en el IMSS.<\/p>\n<p><strong>Sinaloa era el primer productor de ma\u00edz en el pa\u00eds.\u00a0<\/strong><\/p>\n<p>El a\u00f1o pasado fue el segundo y este a\u00f1o s\u00f3lo se sembr\u00f3 la mitad de la superficie habitual.<\/p>\n<p>Del estado de los once r\u00edos s\u00f3lo quedan vestigios de su grandeza.<\/p>\n<p>Lleg\u00f3 a tener 27 molinos de arroz, despepitadoras de algod\u00f3n, empacadoras de mango, de mariscos\u2026 Adi\u00f3s.<\/p>\n<p>No todo fue por la obra destructora de Rocha Moya, sino tambi\u00e9n la consecuencia de las ocurrencias de gobernadores priistas.<\/p>\n<\/div>\n<div class=\"text-paragraph\">\n<h5 class=\"subtitle handdrawn\">Y como a nadie le importa, que se pudra Sinaloa.<\/h5>\n<p>La oposici\u00f3n va dividida a la elecci\u00f3n del pr\u00f3ximo a\u00f1o, mientras la candidata de Morena, Imelda Castro, lleva m\u00e1s de seis meses en campa\u00f1a.<\/p>\n<p>El pr\u00f3ximo domingo 13 de este mes habr\u00e1 una gran manifestaci\u00f3n ciudadana en Culiac\u00e1n, para gritar por la recuperaci\u00f3n del estado.<\/p>\n<p>Tal vez as\u00ed, con gritos y marchas, los partidos de oposici\u00f3n entender\u00e1n lo que dec\u00eda un ilustre sinaloense a quien, hace muchos a\u00f1os, entrevist\u00e9 en su arrocera El Palmito:<\/p>\n<h6 class=\"subtitle underlined\">\u00a0\u201cA un\u00a0<em>cochi<\/em>\u00a0no se le quita una mazorca con ruegos\u201d.<\/h6>\n<\/div>\n","protected":false},"excerpt":{"rendered":"<p>Pablo Hiriart DETONA\u00ae\u00a0\u00a0Con o sin Rocha Moya, el pacto criminal sigue vigente y uno de los estados m\u00e1s ricos y bellos del pa\u00eds se desliza imparable por el tobog\u00e1n de la decadencia. Por\u00a0Pablo Hiriart Al gobierno federal le importa un comino que la criminalidad siga a tope, la econom\u00eda caiga en picada, las empresas cierren, el desempleo aumente y el \u00e9xodo de sinaloenses hacia otros estados tome una velocidad de 84 mil habitantes en un a\u00f1o y medio. \u00bfPor qu\u00e9? \u00bfQu\u00e9 tiene o qu\u00e9 le falta a Sinaloa para llamar la atenci\u00f3n del gobierno federal y relanzarlo a las alturas [&hellip;]<\/p>\n","protected":false},"author":3,"featured_media":152370,"comment_status":"open","ping_status":"open","sticky":false,"template":"","format":"standard","meta":{"_jetpack_newsletter_access":"","_jetpack_dont_email_post_to_subs":false,"_jetpack_newsletter_tier_id":0,"_jetpack_memberships_contains_paywalled_content":false,"_jetpack_feature_clip_id":0,"_jetpack_memberships_contains_paid_content":false,"footnotes":"","jetpack_publicize_message":"","jetpack_publicize_feature_enabled":true,"jetpack_social_post_already_shared":true,"jetpack_social_options":{"image_generator_settings":{"template":"highway","default_image_id":0,"font":"","enabled":false},"version":2},"jetpack_post_was_ever_published":false},"categories":[90],"tags":[],"class_list":["post-152368","post","type-post","status-publish","format-standard","has-post-thumbnail","hentry","category-estatal","post--single"],"jetpack_publicize_connections":[],"jetpack_featured_media_url":"https:\/\/ovelanalista.com\/wp-content\/uploads\/2026\/09\/Captura-de-Pantalla-2026-09-04-a-las-12.44.38.png","jetpack_sharing_enabled":true,"_links":{"self":[{"href":"https:\/\/ovelanalista.com\/index.php?rest_route=\/wp\/v2\/posts\/152368","targetHints":{"allow":["GET"]}}],"collection":[{"href":"https:\/\/ovelanalista.com\/index.php?rest_route=\/wp\/v2\/posts"}],"about":[{"href":"https:\/\/ovelanalista.com\/index.php?rest_route=\/wp\/v2\/types\/post"}],"author":[{"embeddable":true,"href":"https:\/\/ovelanalista.com\/index.php?rest_route=\/wp\/v2\/users\/3"}],"replies":[{"embeddable":true,"href":"https:\/\/ovelanalista.com\/index.php?rest_route=%2Fwp%2Fv2%2Fcomments&post=152368"}],"version-history":[{"count":1,"href":"https:\/\/ovelanalista.com\/index.php?rest_route=\/wp\/v2\/posts\/152368\/revisions"}],"predecessor-version":[{"id":152373,"href":"https:\/\/ovelanalista.com\/index.php?rest_route=\/wp\/v2\/posts\/152368\/revisions\/152373"}],"wp:featuredmedia":[{"embeddable":true,"href":"https:\/\/ovelanalista.com\/index.php?rest_route=\/wp\/v2\/media\/152370"}],"wp:attachment":[{"href":"https:\/\/ovelanalista.com\/index.php?rest_route=%2Fwp%2Fv2%2Fmedia&parent=152368"}],"wp:term":[{"taxonomy":"category","embeddable":true,"href":"https:\/\/ovelanalista.com\/index.php?rest_route=%2Fwp%2Fv2%2Fcategories&post=152368"},{"taxonomy":"post_tag","embeddable":true,"href":"https:\/\/ovelanalista.com\/index.php?rest_route=%2Fwp%2Fv2%2Ftags&post=152368"}],"curies":[{"name":"wp","href":"https:\/\/api.w.org\/{rel}","templated":true}]}}