{"id":152374,"date":"2026-09-04T16:00:43","date_gmt":"2026-09-04T23:00:43","guid":{"rendered":"https:\/\/ovelanalista.com\/?p=152374"},"modified":"2026-09-04T12:59:10","modified_gmt":"2026-09-04T19:59:10","slug":"cancelan-festividades-por-111-aniversario-de-la-municipalizacion-de-escuinapa-sinaloa","status":"publish","type":"post","link":"https:\/\/ovelanalista.com\/?p=152374","title":{"rendered":"Cancelan festividades por 111 aniversario de la municipalizaci\u00f3n de Escuinapa, Sinaloa"},"content":{"rendered":"<div class=\"entry-grid__content-area entry-main-text\">\n<header class=\"entry-header mb-4\">\n<div class=\"entry-info entry-info-header mb-0 mb-lg-2\">\n<div class=\"entry-info-header-block\"><span style=\"font-size: 1.21429rem;\">La conmemoraci\u00f3n se limitar\u00e1 a un acto c\u00edvico de car\u00e1cter solemne e interno entre autoridades municipales y el cuerpo edilicio<\/span><\/div>\n<div class=\"entry-excerpt px-0 pb-3\">\n<p>&nbsp;<\/p>\n<div class=\"article-item__date mb-auto align-self-center pb-2\">septiembre 3, 2026<\/div>\n<\/div>\n<\/div>\n<\/header>\n<\/div>\n<div class=\"entry-grid__content-area2 entry-main-text\">\n<div class=\"row\">\n<div class=\"col-12 col-lg-8\">\n<div class=\"article-content\">\n<p>El\u00a0<strong>Ayuntamiento de Escuinapa<\/strong>,\u00a0<strong>Sinaloa,<\/strong>\u00a0inform\u00f3 que fue cancelado el programa de actividades culturales, art\u00edsticas y recreativas previsto con motivo del\u00a0<strong>111 aniversario de la municipalizaci\u00f3n<\/strong>.<\/p>\n<p>La conmemoraci\u00f3n hist\u00f3rica de esta fecha se limitar\u00e1 estrictamente a un acto c\u00edvico de car\u00e1cter solemne e interno entre\u00a0<strong>autoridades municipales y el cuerpo edilicio<\/strong>.<\/p>\n<div id=\"ros-inread-fytpx6\" class=\"ad-container dfp-ad-unit ad-inread ad-main-inread ad-slot\" data-ad-type=\"inread\" data-slot=\"inread\" data-ad-loaded=\"1\" data-ad-setup=\"{&quot;postID&quot;:1810822,&quot;canRefresh&quot;:false,&quot;infinitescroll&quot;:false}\" data-google-query-id=\"CLP9tITb1ZYDFQvKPAUdkOMuGw\">\n<div id=\"google_ads_iframe_\/117913022\/ld\/inread_0__container__\"><\/div>\n<\/div>\n<p>Hasta el momento, las autoridades no han detallado los motivos de la suspensi\u00f3n de las festividades.<\/p>\n<div class=\"st-inarticle-slot\">\n<div id=\"standard_4\" class=\"st-placement inArticle standard_4\">\n<div class=\"st-adunit st-adunit-tagged st-adunit-inarticle st-reset st-show goku\" data-testid=\"adunit\">\n<div class=\"st-adunit-ad st-reset\" data-testid=\"adunit-ad\">\n<div class=\"st-display-render st-reset open st-controls\" data-testid=\"controls\">\n<div class=\"x-to-close st-reset\" data-testid=\"close-button\"><\/div>\n<\/div>\n<\/div>\n<\/div>\n<\/div>\n<\/div>\n<blockquote><p>\u201cLa administraci\u00f3n municipal agradece la comprensi\u00f3n de la ciudadan\u00eda ante este ajuste extraordinario en la agenda p\u00fablica\u201d.<\/p><\/blockquote>\n<p><iframe class=\"perfmatters-lazy entered pmloaded\" src=\"https:\/\/www.facebook.com\/plugins\/post.php?href=https%3A%2F%2Fwww.facebook.com%2Fpermalink.php%3Fstory_fbid%3Dpfbid02ypUqFxknqc68LE4RjDMRKqE8N1nf1YV2zZbF72ZwN4CDZ85GdcmuGpfTB3uYgwmwl%26id%3D61567964821347&amp;show_text=true&amp;width=500\" frameborder=\"0\" scrolling=\"no\" allowfullscreen=\"allowfullscreen\" data-src=\"https:\/\/www.facebook.com\/plugins\/post.php?href=https%3A%2F%2Fwww.facebook.com%2Fpermalink.php%3Fstory_fbid%3Dpfbid02ypUqFxknqc68LE4RjDMRKqE8N1nf1YV2zZbF72ZwN4CDZ85GdcmuGpfTB3uYgwmwl%26id%3D61567964821347&amp;show_text=true&amp;width=500\" data-ll-status=\"loaded\" data-mce-fragment=\"1\"><\/iframe><\/p>\n<p>Con informaci\u00f3n de L\u00f3pez-D\u00f3riga Digital.<\/p>\n<\/div>\n<\/div>\n<\/div>\n<\/div>\n","protected":false},"excerpt":{"rendered":"<p>La conmemoraci\u00f3n se limitar\u00e1 a un acto c\u00edvico de car\u00e1cter solemne e interno entre autoridades municipales y el cuerpo edilicio &nbsp; septiembre 3, 2026 El\u00a0Ayuntamiento de Escuinapa,\u00a0Sinaloa,\u00a0inform\u00f3 que fue cancelado el programa de actividades culturales, art\u00edsticas y recreativas previsto con motivo del\u00a0111 aniversario de la municipalizaci\u00f3n. La conmemoraci\u00f3n hist\u00f3rica de esta fecha se limitar\u00e1 estrictamente a un acto c\u00edvico de car\u00e1cter solemne e interno entre\u00a0autoridades municipales y el cuerpo edilicio. Hasta el momento, las autoridades no han detallado los motivos de la suspensi\u00f3n de las festividades. \u201cLa administraci\u00f3n municipal agradece la comprensi\u00f3n de la ciudadan\u00eda ante este ajuste extraordinario en [&hellip;]<\/p>\n","protected":false},"author":3,"featured_media":152379,"comment_status":"open","ping_status":"open","sticky":false,"template":"","format":"standard","meta":{"_jetpack_newsletter_access":"","_jetpack_dont_email_post_to_subs":false,"_jetpack_newsletter_tier_id":0,"_jetpack_memberships_contains_paywalled_content":false,"_jetpack_feature_clip_id":0,"_jetpack_memberships_contains_paid_content":false,"footnotes":"","jetpack_publicize_message":"","jetpack_publicize_feature_enabled":true,"jetpack_social_post_already_shared":true,"jetpack_social_options":{"image_generator_settings":{"template":"highway","default_image_id":0,"font":"","enabled":false},"version":2},"jetpack_post_was_ever_published":false},"categories":[90],"tags":[],"class_list":["post-152374","post","type-post","status-publish","format-standard","has-post-thumbnail","hentry","category-estatal","post--single"],"jetpack_publicize_connections":[],"jetpack_featured_media_url":"https:\/\/ovelanalista.com\/wp-content\/uploads\/2026\/09\/cancelan-festividades-por-111-aniversario-de-la-municipalizacion-de-escuinapa-sinaloa.jpg","jetpack_sharing_enabled":true,"_links":{"self":[{"href":"https:\/\/ovelanalista.com\/index.php?rest_route=\/wp\/v2\/posts\/152374","targetHints":{"allow":["GET"]}}],"collection":[{"href":"https:\/\/ovelanalista.com\/index.php?rest_route=\/wp\/v2\/posts"}],"about":[{"href":"https:\/\/ovelanalista.com\/index.php?rest_route=\/wp\/v2\/types\/post"}],"author":[{"embeddable":true,"href":"https:\/\/ovelanalista.com\/index.php?rest_route=\/wp\/v2\/users\/3"}],"replies":[{"embeddable":true,"href":"https:\/\/ovelanalista.com\/index.php?rest_route=%2Fwp%2Fv2%2Fcomments&post=152374"}],"version-history":[{"count":1,"href":"https:\/\/ovelanalista.com\/index.php?rest_route=\/wp\/v2\/posts\/152374\/revisions"}],"predecessor-version":[{"id":152380,"href":"https:\/\/ovelanalista.com\/index.php?rest_route=\/wp\/v2\/posts\/152374\/revisions\/152380"}],"wp:featuredmedia":[{"embeddable":true,"href":"https:\/\/ovelanalista.com\/index.php?rest_route=\/wp\/v2\/media\/152379"}],"wp:attachment":[{"href":"https:\/\/ovelanalista.com\/index.php?rest_route=%2Fwp%2Fv2%2Fmedia&parent=152374"}],"wp:term":[{"taxonomy":"category","embeddable":true,"href":"https:\/\/ovelanalista.com\/index.php?rest_route=%2Fwp%2Fv2%2Fcategories&post=152374"},{"taxonomy":"post_tag","embeddable":true,"href":"https:\/\/ovelanalista.com\/index.php?rest_route=%2Fwp%2Fv2%2Ftags&post=152374"}],"curies":[{"name":"wp","href":"https:\/\/api.w.org\/{rel}","templated":true}]}}