{"id":152375,"date":"2026-09-04T15:30:49","date_gmt":"2026-09-04T22:30:49","guid":{"rendered":"https:\/\/ovelanalista.com\/?p=152375"},"modified":"2026-09-04T12:56:36","modified_gmt":"2026-09-04T19:56:36","slug":"sinaloa-encabeza-asesinatos-de-mujeres-suma-85-muertes-violentas-en-lo-que-va-de-2026","status":"publish","type":"post","link":"https:\/\/ovelanalista.com\/?p=152375","title":{"rendered":"Sinaloa encabeza asesinatos de mujeres; suma 85 muertes violentas en lo que va de 2026"},"content":{"rendered":"<div class=\"encabezado ml-2.5 mr-2.5\">\n<article class=\"sticky-carlos\">\n<section class=\"story__header\">\n<p class=\"summary\">En la entidad, ONG registraron 85 muertes violentas de enero a agosto de este a\u00f1o, principalmente en Culiac\u00e1n, Mazatl\u00e1n y Escuinapa; las autoridades vinculan los casos al narcomenudeo, mientras colectivos exigen terminar con la revictimizaci\u00f3n<\/p>\n<p><strong>Javier Cabrera Mart\u00ednez<\/strong><\/p>\n<p class=\"sc__font-paragraph\">Culiac\u00e1n.\u2014 En medio de la guerra entre grupos delictivos que vive\u00a0<b>Sinaloa\u00a0<\/b>desde hace casi dos a\u00f1os, la entidad registra este 2026 un aumento en los\u00a0<a title=\"https:\/\/www.eluniversal.com.mx\/estados\/hallan-a-mujer-asesinada-en-el-rosario-sinaloa-suman-21-feminas-victimas-de-homicidio-en-lo-que-va-de-agosto\/\" href=\"https:\/\/www.eluniversal.com.mx\/estados\/hallan-a-mujer-asesinada-en-el-rosario-sinaloa-suman-21-feminas-victimas-de-homicidio-en-lo-que-va-de-agosto\/\" target=\"_blank\" rel=\"noopener noreferrer\" data-mrf-link=\"https:\/\/www.eluniversal.com.mx\/estados\/hallan-a-mujer-asesinada-en-el-rosario-sinaloa-suman-21-feminas-victimas-de-homicidio-en-lo-que-va-de-agosto\/\"><b>asesinatos de mujeres<\/b><\/a>, ubic\u00e1ndose a la cabeza en este delito a nivel nacional.<\/p>\n<p class=\"sc__font-paragraph\">Del 1 de enero al 31 de agosto, Sinaloa contabiliz\u00f3 85\u00a0<a title=\"https:\/\/www.eluniversal.com.mx\/estados\/violencia-en-sinaloa-se-registran-cuatro-asesinatos-en-distintos-puntos-del-estado-dos-de-las-victimas-son-mujeres\/\" href=\"https:\/\/www.eluniversal.com.mx\/estados\/violencia-en-sinaloa-se-registran-cuatro-asesinatos-en-distintos-puntos-del-estado-dos-de-las-victimas-son-mujeres\/\" target=\"_blank\" rel=\"noopener noreferrer\" data-mrf-link=\"https:\/\/www.eluniversal.com.mx\/estados\/violencia-en-sinaloa-se-registran-cuatro-asesinatos-en-distintos-puntos-del-estado-dos-de-las-victimas-son-mujeres\/\"><b>muertes violentas de mujeres<\/b><\/a>, de acuerdo con cifras de colectivos; la mayor\u00eda de los\u00a0<b>cr\u00edmenes\u00a0<\/b>ocurri\u00f3 en Culiac\u00e1n, Mazatl\u00e1n y Escuinapa. Tan s\u00f3lo entre julio y agosto sumaron 37 casos, 43.5% del total.<\/p>\n<p class=\"sc__font-paragraph\">Estas cifras difieren de las oficiales, que marcan 76\u00a0<b>asesinatos\u00a0<\/b>en el mismo periodo.<\/p>\n<p class=\"sc__font-paragraph\">Estos asesinatos se incrementaron al tiempo que la\u00a0<b>violencia\u00a0<\/b>se acrecent\u00f3 en el sur de la entidad. Datos de colectivos reflejan que en los primeros ocho meses del a\u00f1o los asesinatos de mujeres se concentraron en\u00a0<b>Culiac\u00e1n<\/b>, con 44;\u00a0<b>Mazatl\u00e1n<\/b>, 18, y\u00a0<b>Escuinapa<\/b>, 10.<\/p>\n<p class=\"sc__font-paragraph\">Las cifras son m\u00e1s preocupantes si se toma en cuenta que 2025 cerr\u00f3 con 102 asesinatos de mujeres.<\/p>\n<p>De acuerdo con el Reporte de G\u00e9nero del Secretariado Ejecutivo del Sistema Nacional de Seguridad P\u00fablica (<b>SESNSP<\/b>), de enero a julio de este a\u00f1o Sinaloa registr\u00f3 54\u00a0<b>feminicidios<\/b>, la cifra m\u00e1s alta en el pa\u00eds, y 10 homicidios dolosos, para un total de 64 muertes violentas.<\/p>\n<p>En el mismo periodo, el municipio con mayor n\u00famero de feminicidios de todo el pa\u00eds fue Culiac\u00e1n, con 34 casos.<\/p>\n<p><img decoding=\"async\" class=\"aligncenter\" src=\"https:\/\/www.eluniversal.com.mx\/resizer\/v2\/GL2FY7WZ3NC2DLLMFPSLXWURT4.gif?auth=f834beae73727fb7bd737c7b40f2700af53d1c5450defda7de61bb45f6aa5cd7&amp;smart=true&amp;height=620\" alt=\"Fuente: Elaboraci\u00f3n propia\" \/><\/p>\n<p>&nbsp;<\/p>\n<\/section>\n<\/article>\n<\/div>\n<div class=\"container-sticky-banner\">\n<p class=\"story-image mx-auto  lg:max-w-screen-lg\"><picture class=\"story__pic block w-full justify-center flex\"><source srcset=\"https:\/\/www.eluniversal.com.mx\/resizer\/v2\/DJVIUGVOANGRPLRA572FKOGY2Y.jpg?auth=4507696daf3508a91d32f006fc267e7151244735940cb60e5547b9ad76b947a1&amp;smart=true&amp;height=223\" media=\"(max-width: 360px)\" \/><\/picture><\/p>\n<\/div>\n<h2 class=\"sc__header\">Se\u00f1ala fiscal\u00eda venta de drogas<\/h2>\n<p class=\"sc__font-paragraph\">Los recientes asesinatos de Mireya, de 50 a\u00f1os, vendedora de jaibas; de la estilista Karolina, de 33 a\u00f1os, frente a su hijo; el de Yuridia, de 36 a\u00f1os, comerciante atacada cuando llevaba a su hijo al k\u00ednder, tienen dos cosas en com\u00fan: todos ocurrieron en Escuinapa y todas ellas eran jefas de familia.<\/p>\n<p class=\"sc__font-paragraph\">Pero para la fiscal\u00eda estatal los rasgos recurrentes en las investigaciones llevan a un v\u00ednculo con el\u00a0<b>narcomenudeo<\/b>. La fiscal\u00a0<b>Claudia Zulema S\u00e1nchez Kondo<\/b>\u00a0precisa que los asesinatos presentan \u201ccaracter\u00edsticas relacionadas con conductas encaminadas a la venta de drogas al menudeo, sin que ello implique que ellas se dedicaran a esa actividad, sino por sus relaciones sentimentales o de amistad\u201d con personas dedicadas a cometer il\u00edcitos.<\/p>\n<p class=\"sc__font-paragraph\">Dijo que, en los \u00faltimos dos meses, en las indagatorias de los asesinatos de mujeres no se hallaron evidencias o denuncias por\u00a0<b>violencia intrafamiliar<\/b>\u00a0o de g\u00e9nero.<\/p>\n<h2 class=\"sc__header\">Piden no prejuzgar<\/h2>\n<p class=\"sc__font-paragraph\"><b>Roc\u00edo Avenda\u00f1o G\u00e1lvez<\/b>, del colectivo\u00a0<b>Mujeres Activas Sinaloenses<\/b>, expone que no se puede prejuzgar estas muertes violentas, mucho menos presumir, sin comprobaci\u00f3n total, su posible relaci\u00f3n indirecta en actividades il\u00edcitas.<\/p>\n<p class=\"sc__font-paragraph\">Cuestion\u00f3 el hecho de que la fiscal\u00eda vincule sus muertes al narcomenudeo, cuando las cifras oficiales hablan de que la mayor\u00eda de los casos se registraron como feminicidios. Critic\u00f3 que la autoridad judicial revictimice a las mujeres, al se\u00f1alar que sus muertes tienen una relaci\u00f3n con el narco.<\/p>\n<p class=\"sc__font-paragraph\">A\u00f1adi\u00f3 que si bien estas muertes violentas se consideran feminicidio en la investigaci\u00f3n, al cerrarse las carpetas el delito cambia a homicidio doloso. Tambi\u00e9n destac\u00f3 que \u201cen municipios peque\u00f1os, los institutos de las mujeres operan sin programas, pol\u00edticas p\u00fablicas y sin presupuesto, por lo que son ajenos a lo que sucede en el sector femenino\u201d.<\/p>\n<p class=\"sc__font-paragraph\">Uno de los colectivos feministas m\u00e1s activos ante esta situaci\u00f3n es\u00a0<b>Orqu\u00eddeas Moradas de Escuinapa<\/b>, que reclama una ausencia de las autoridades ante esta escalada de muertes y condena la revictimizaci\u00f3n. \u201cYa no basta con contar mujeres asesinadas ni con hablar de prevenci\u00f3n una vez al mes. \u00bfAlguien est\u00e1 estudiando qu\u00e9 est\u00e1 pasando en Escuinapa? \u00bfSe est\u00e1n identificando patrones, contextos de vulnerabilidad, factores de riesgo? \u00bfExiste un diagn\u00f3stico que explique por qu\u00e9 estamos viviendo este nivel de violencia?\u201d, cuestion\u00f3 el colectivo en redes sociales el pasado 25 de agosto.<\/p>\n<h2 class=\"sc__header\">Respuesta oficial<\/h2>\n<p class=\"sc__font-paragraph\">En este contexto, la respuesta oficial de la titular del Instituto Municipal de las\u00a0<b>Mujeres en Escuinapa<\/b>,\u00a0<b>Cecilia L\u00f3pez Burgue\u00f1o<\/b>, es que la violencia en su conjunto supera su capacidad de atenci\u00f3n.<\/p>\n<p class=\"sc__font-paragraph\">A nivel estatal, ni siquiera hay una repuesta&#8230; A m\u00e1s de dos meses de haber asumido la titularidad de la\u00a0<b>Secretar\u00eda de la Mujer<\/b>\u00a0en el estado, Brenda Garc\u00eda F\u00e9lix no respondi\u00f3 a las solicitudes de escuchar sus puntos de vista y acciones implementadas ante los asesinatos de mujeres.<\/p>\n<p class=\"sc__font-paragraph\">El presidente de la Comisi\u00f3n Estatal de los Derechos Humanos, \u00d3scar Loza Ochoa, asegur\u00f3 que es obvio que se requiere un cambio en las estrategias de seguridad e inhibici\u00f3n del delito en la entidad.<\/p>\n<p class=\"sc__font-paragraph\">Se\u00f1al\u00f3 que \u201cel hecho de que el n\u00famero de mujeres asesinadas en lo que va del a\u00f1o sea casi el doble de las v\u00edctimas del a\u00f1o pasado en el mismo lapso habla de que algo no funciona\u201d.<\/p>\n<p>Lo que m\u00e1s alarma, dijo, es que municipios como Mazatl\u00e1n y Escuinapa, donde este delito era m\u00ednimo, ahora ocupan segundos y terceros lugares en cuanto al n\u00famero de mujeres asesinadas.<\/p>\n<p>&nbsp;<\/p>\n<p>Con informaci\u00f3n de El Universal<\/p>\n","protected":false},"excerpt":{"rendered":"<p>En la entidad, ONG registraron 85 muertes violentas de enero a agosto de este a\u00f1o, principalmente en Culiac\u00e1n, Mazatl\u00e1n y Escuinapa; las autoridades vinculan los casos al narcomenudeo, mientras colectivos exigen terminar con la revictimizaci\u00f3n Javier Cabrera Mart\u00ednez Culiac\u00e1n.\u2014 En medio de la guerra entre grupos delictivos que vive\u00a0Sinaloa\u00a0desde hace casi dos a\u00f1os, la entidad registra este 2026 un aumento en los\u00a0asesinatos de mujeres, ubic\u00e1ndose a la cabeza en este delito a nivel nacional. Del 1 de enero al 31 de agosto, Sinaloa contabiliz\u00f3 85\u00a0muertes violentas de mujeres, de acuerdo con cifras de colectivos; la mayor\u00eda de los\u00a0cr\u00edmenes\u00a0ocurri\u00f3 en Culiac\u00e1n, [&hellip;]<\/p>\n","protected":false},"author":3,"featured_media":152376,"comment_status":"open","ping_status":"open","sticky":false,"template":"","format":"standard","meta":{"_jetpack_newsletter_access":"","_jetpack_dont_email_post_to_subs":false,"_jetpack_newsletter_tier_id":0,"_jetpack_memberships_contains_paywalled_content":false,"_jetpack_feature_clip_id":0,"_jetpack_memberships_contains_paid_content":false,"footnotes":"","jetpack_publicize_message":"","jetpack_publicize_feature_enabled":true,"jetpack_social_post_already_shared":true,"jetpack_social_options":{"image_generator_settings":{"template":"highway","default_image_id":0,"font":"","enabled":false},"version":2},"jetpack_post_was_ever_published":false},"categories":[90],"tags":[],"class_list":["post-152375","post","type-post","status-publish","format-standard","has-post-thumbnail","hentry","category-estatal","post--single"],"jetpack_publicize_connections":[],"jetpack_featured_media_url":"https:\/\/ovelanalista.com\/wp-content\/uploads\/2026\/09\/Captura-de-Pantalla-2026-09-04-a-las-12.49.49.png","jetpack_sharing_enabled":true,"_links":{"self":[{"href":"https:\/\/ovelanalista.com\/index.php?rest_route=\/wp\/v2\/posts\/152375","targetHints":{"allow":["GET"]}}],"collection":[{"href":"https:\/\/ovelanalista.com\/index.php?rest_route=\/wp\/v2\/posts"}],"about":[{"href":"https:\/\/ovelanalista.com\/index.php?rest_route=\/wp\/v2\/types\/post"}],"author":[{"embeddable":true,"href":"https:\/\/ovelanalista.com\/index.php?rest_route=\/wp\/v2\/users\/3"}],"replies":[{"embeddable":true,"href":"https:\/\/ovelanalista.com\/index.php?rest_route=%2Fwp%2Fv2%2Fcomments&post=152375"}],"version-history":[{"count":1,"href":"https:\/\/ovelanalista.com\/index.php?rest_route=\/wp\/v2\/posts\/152375\/revisions"}],"predecessor-version":[{"id":152377,"href":"https:\/\/ovelanalista.com\/index.php?rest_route=\/wp\/v2\/posts\/152375\/revisions\/152377"}],"wp:featuredmedia":[{"embeddable":true,"href":"https:\/\/ovelanalista.com\/index.php?rest_route=\/wp\/v2\/media\/152376"}],"wp:attachment":[{"href":"https:\/\/ovelanalista.com\/index.php?rest_route=%2Fwp%2Fv2%2Fmedia&parent=152375"}],"wp:term":[{"taxonomy":"category","embeddable":true,"href":"https:\/\/ovelanalista.com\/index.php?rest_route=%2Fwp%2Fv2%2Fcategories&post=152375"},{"taxonomy":"post_tag","embeddable":true,"href":"https:\/\/ovelanalista.com\/index.php?rest_route=%2Fwp%2Fv2%2Ftags&post=152375"}],"curies":[{"name":"wp","href":"https:\/\/api.w.org\/{rel}","templated":true}]}}