{"id":152381,"date":"2026-09-04T16:30:35","date_gmt":"2026-09-04T23:30:35","guid":{"rendered":"https:\/\/ovelanalista.com\/?p=152381"},"modified":"2026-09-04T13:10:24","modified_gmt":"2026-09-04T20:10:24","slug":"otra-visita-de-sheinbaum-a-sinaloa-y-la-narcoguerra-sigue-igual","status":"publish","type":"post","link":"https:\/\/ovelanalista.com\/?p=152381","title":{"rendered":"Otra visita de Sheinbaum a Sinaloa\u2026 y la narcoguerra sigue igual"},"content":{"rendered":"<p>Sin ser indispensable que venga Sheinbaum para que el Gabinete de Seguridad logre la tan anhelada paz, los resultados del enorme despliegue militar y policial tendr\u00edan que presentar resultados con o sin la visita de la presidenta.<\/p>\n<p>El anuncio de que\u00a0<strong>el 20 de septiembre estar\u00e1 en Sinaloa la presidenta Claudia Sheinbaum<\/strong>, acompa\u00f1ada del Gabinete de Seguridad, est\u00e1 exento de la expectativa ciudadana de mejora de la estrategia de pacificacion debido a que la\u00a0<strong>violencia golpea fuerte a un estado que ha visto venir en m\u00faltiples ocasiones a los m\u00e1s altos funcionarios de protecci\u00f3n ciudadana<\/strong>\u00a0y la narcoguerra contin\u00faa imparable.<\/p>\n<p>Excepto que la visita presidencial sea antecedida por la reducci\u00f3n sostenida de delitos de alto impacto, y la estrategia contra la alta delincuencia presente ajustes acordes a\u00a0<strong>la realidad de crimen y terror, la opini\u00f3n p\u00fablica da por hecho que la mandataria nacional s\u00f3lo traer\u00e1 la estad\u00edstica oficial que habla de la reducci\u00f3n de homicidios dolosos, misma postura poco cre\u00edble que mostr\u00f3 en su segundo informe.<\/strong><\/p>\n<p>Si el gobierno mexicano insiste en ignorar las\u00a0<strong>terribles consecuencias que recibe Sinaloa durante dos a\u00f1os por el enfrentamiento entre facciones del narcotr\u00e1fico<\/strong>, entonces proseguir\u00e1 en declive la esperanza de que retornen la civilidad y estabilidad perdidas bajo la tambi\u00e9n prolongada pasividad gubernamental.<\/p>\n<blockquote><p>El jueves 3 de septiembre, como todos los dias desde que inici\u00f3 el gran choque interno en el c\u00e1rtel de Sinaloa, report\u00f3 sucesos de violencia irrefrenable como el crimen contra una maestra y servidora p\u00fablica en Escuinapa, el asesinato de dos personas en un autolavado de Culiac\u00e1n, y el ataque armado en la colonia Rinconada del Valle, en Mazatl\u00e1n, con saldo de dos hombres y una mujer ultimados.<\/p><\/blockquote>\n<p>Sin ser indispensable que venga Sheinbaum para que el Gabinete de Seguridad logre la tan anhelada paz, el enorme despliegue militar y policial tendr\u00edan que presentar resultados con o sin la visita de la presidenta.\u00a0<strong>La nueva estancia de la mandataria en Sinaloa debe significar la voluntad impostetgable para lograr que la delincuencia organizada permita que las actividades leg\u00edtimas de la sociedad y sus sectores sean normalizadas sin perder la vida en el intento.\u00a0<\/strong><\/p>\n<p>&nbsp;<\/p>\n<p>Con informaci\u00f3n de Revista Espejo<\/p>\n","protected":false},"excerpt":{"rendered":"<p>Sin ser indispensable que venga Sheinbaum para que el Gabinete de Seguridad logre la tan anhelada paz, los resultados del enorme despliegue militar y policial tendr\u00edan que presentar resultados con o sin la visita de la presidenta. El anuncio de que\u00a0el 20 de septiembre estar\u00e1 en Sinaloa la presidenta Claudia Sheinbaum, acompa\u00f1ada del Gabinete de Seguridad, est\u00e1 exento de la expectativa ciudadana de mejora de la estrategia de pacificacion debido a que la\u00a0violencia golpea fuerte a un estado que ha visto venir en m\u00faltiples ocasiones a los m\u00e1s altos funcionarios de protecci\u00f3n ciudadana\u00a0y la narcoguerra contin\u00faa imparable. Excepto que la [&hellip;]<\/p>\n","protected":false},"author":3,"featured_media":152383,"comment_status":"open","ping_status":"open","sticky":false,"template":"","format":"standard","meta":{"_jetpack_newsletter_access":"","_jetpack_dont_email_post_to_subs":false,"_jetpack_newsletter_tier_id":0,"_jetpack_memberships_contains_paywalled_content":false,"_jetpack_feature_clip_id":0,"_jetpack_memberships_contains_paid_content":false,"footnotes":"","jetpack_publicize_message":"","jetpack_publicize_feature_enabled":true,"jetpack_social_post_already_shared":true,"jetpack_social_options":{"image_generator_settings":{"template":"highway","default_image_id":0,"font":"","enabled":false},"version":2},"jetpack_post_was_ever_published":false},"categories":[90,75],"tags":[],"class_list":["post-152381","post","type-post","status-publish","format-standard","has-post-thumbnail","hentry","category-estatal","category-nacional","post--single"],"jetpack_publicize_connections":[],"jetpack_featured_media_url":"https:\/\/ovelanalista.com\/wp-content\/uploads\/2026\/09\/Captura-de-Pantalla-2026-09-04-a-las-13.07.30.png","jetpack_sharing_enabled":true,"_links":{"self":[{"href":"https:\/\/ovelanalista.com\/index.php?rest_route=\/wp\/v2\/posts\/152381","targetHints":{"allow":["GET"]}}],"collection":[{"href":"https:\/\/ovelanalista.com\/index.php?rest_route=\/wp\/v2\/posts"}],"about":[{"href":"https:\/\/ovelanalista.com\/index.php?rest_route=\/wp\/v2\/types\/post"}],"author":[{"embeddable":true,"href":"https:\/\/ovelanalista.com\/index.php?rest_route=\/wp\/v2\/users\/3"}],"replies":[{"embeddable":true,"href":"https:\/\/ovelanalista.com\/index.php?rest_route=%2Fwp%2Fv2%2Fcomments&post=152381"}],"version-history":[{"count":1,"href":"https:\/\/ovelanalista.com\/index.php?rest_route=\/wp\/v2\/posts\/152381\/revisions"}],"predecessor-version":[{"id":152384,"href":"https:\/\/ovelanalista.com\/index.php?rest_route=\/wp\/v2\/posts\/152381\/revisions\/152384"}],"wp:featuredmedia":[{"embeddable":true,"href":"https:\/\/ovelanalista.com\/index.php?rest_route=\/wp\/v2\/media\/152383"}],"wp:attachment":[{"href":"https:\/\/ovelanalista.com\/index.php?rest_route=%2Fwp%2Fv2%2Fmedia&parent=152381"}],"wp:term":[{"taxonomy":"category","embeddable":true,"href":"https:\/\/ovelanalista.com\/index.php?rest_route=%2Fwp%2Fv2%2Fcategories&post=152381"},{"taxonomy":"post_tag","embeddable":true,"href":"https:\/\/ovelanalista.com\/index.php?rest_route=%2Fwp%2Fv2%2Ftags&post=152381"}],"curies":[{"name":"wp","href":"https:\/\/api.w.org\/{rel}","templated":true}]}}