{"id":152382,"date":"2026-09-04T17:00:11","date_gmt":"2026-09-05T00:00:11","guid":{"rendered":"https:\/\/ovelanalista.com\/?p=152382"},"modified":"2026-09-04T13:14:48","modified_gmt":"2026-09-04T20:14:48","slug":"harfuch-disputas-entre-el-cjng-y-sinaloa-estan-detras-del-ataque-en-ojocaliente-zacatecas","status":"publish","type":"post","link":"https:\/\/ovelanalista.com\/?p=152382","title":{"rendered":"Harfuch: disputas entre el CJNG y Sinaloa est\u00e1n detr\u00e1s del ataque en Ojocaliente, Zacatecas"},"content":{"rendered":"<p>El secretario de Seguridad, Omar Garc\u00eda Harfuch, inform\u00f3 que tres personas fueron detenidas por su probable participaci\u00f3n en el ataque contra la comandancia de Ojocaliente, que dej\u00f3 11 lesionados y da\u00f1os en viviendas y veh\u00edculos<\/p>\n<p><strong><span class=\"editor-name p-0 m-0\">Carlos L\u00f3pez<\/span><\/strong><\/p>\n<div class=\"article_render_data w-100\">\n<p class=\"article-text mt-1\"><b>Omar Garc\u00eda Harfuch<\/b>, secretario de Seguridad y Protecci\u00f3n Ciudadana, inform\u00f3 que la agresi\u00f3n con un artefacto explosivo contra la comandancia de la Polic\u00eda Municipal de\u00a0<b>Ojocaliente, Zacatecas<\/b>, estar\u00eda relacionada con la disputa entre c\u00e9lulas del\u00a0<b>C\u00e1rtel Jalisco Nueva Generaci\u00f3n (CJNG)<\/b>\u00a0y el\u00a0<b>C\u00e1rtel del Pac\u00edfico<\/b>.<\/p>\n<\/div>\n<div class=\"article_render_data w-100\">\n<p class=\"article-text mt-1\">El funcionario se\u00f1al\u00f3 que las primeras investigaciones establecen que se utilizaron aproximadamente\u00a0<b>200 kilogramos de material explosivo<\/b>, lo que provoc\u00f3 lesiones a 11 personas, da\u00f1os severos en 10 viviendas, afectaciones menores en otras 53 y da\u00f1os en 15 veh\u00edculos, adem\u00e1s de las instalaciones de la corporaci\u00f3n.<\/p>\n<\/div>\n<div class=\"article-inline-ad w-100 text-center \">\n<div class=\"ad-container ad-container--empty ad-container--rectangle my-4\" data-ad-zone=\"nacional-single_12\" data-ad-state=\"empty\">\n<div id=\"div-gpt-ad-1753298549203-0\" class=\"ad-gpt-slot mx-auto\" data-google-query-id=\"CMbuwYbe1ZYDFebOPAUdss4s_g\">\n<div id=\"google_ads_iframe_\/78544489\/minuta_nota_2020\/Nota_13_0__container__\"><\/div>\n<\/div>\n<\/div>\n<\/div>\n<div class=\"article_render_data w-100\">\n<p class=\"article-text mt-1\">\u201cUna de las l\u00edneas de investigaci\u00f3n sit\u00faa la agresi\u00f3n en el contexto de la disputa que mantienen c\u00e9lulas delictivas del\u00a0<a title=\"https:\/\/politico.mx\/2026\/08\/07\/cjng-la-estructura-que-el-mencho-diseno-para-sobrevivir-a-su-caida\/\" href=\"https:\/\/politico.mx\/2026\/08\/07\/cjng-la-estructura-que-el-mencho-diseno-para-sobrevivir-a-su-caida\/\" target=\"_blank\" rel=\"noopener noreferrer\"><b>C\u00e1rtel Jalisco Nueva Generaci\u00f3n<\/b><\/a><b>\u00a0y C\u00e1rtel del Pac\u00edfico<\/b>\u201d, afirm\u00f3 Harfuch durante la conferencia de matutina de la presidenta.<\/p>\n<\/div>\n<div class=\"article_render_data w-100\">\n<div class=\"d-flex justify-content-center text-center my-3 w-100\">\n<div class=\"embed-container\">\n<div class=\"twitter-tweet twitter-tweet-rendered\"><iframe id=\"twitter-widget-0\" class=\"\" title=\"X Post\" src=\"https:\/\/platform.twitter.com\/embed\/Tweet.html?dnt=false&amp;embedId=twitter-widget-0&amp;features=eyJ0ZndfdGltZWxpbmVfbGlzdCI6eyJidWNrZXQiOltdLCJ2ZXJzaW9uIjpudWxsfSwidGZ3X2ZvbGxvd2VyX2NvdW50X3N1bnNldCI6eyJidWNrZXQiOnRydWUsInZlcnNpb24iOm51bGx9LCJ0ZndfdHdlZXRfZWRpdF9iYWNrZW5kIjp7ImJ1Y2tldCI6Im9uIiwidmVyc2lvbiI6bnVsbH0sInRmd19yZWZzcmNfc2Vzc2lvbiI6eyJidWNrZXQiOiJvbiIsInZlcnNpb24iOm51bGx9LCJ0ZndfZm9zbnJfc29mdF9pbnRlcnZlbnRpb25zX2VuYWJsZWQiOnsiYnVja2V0Ijoib24iLCJ2ZXJzaW9uIjpudWxsfSwidGZ3X21peGVkX21lZGlhXzE1ODk3Ijp7ImJ1Y2tldCI6InRyZWF0bWVudCIsInZlcnNpb24iOm51bGx9LCJ0ZndfZXhwZXJpbWVudHNfY29va2llX2V4cGlyYXRpb24iOnsiYnVja2V0IjoxMjA5NjAwLCJ2ZXJzaW9uIjpudWxsfSwidGZ3X3Nob3dfYmlyZHdhdGNoX3Bpdm90c19lbmFibGVkIjp7ImJ1Y2tldCI6Im9uIiwidmVyc2lvbiI6bnVsbH0sInRmd19kdXBsaWNhdGVfc2NyaWJlc190b19zZXR0aW5ncyI6eyJidWNrZXQiOiJvbiIsInZlcnNpb24iOm51bGx9LCJ0ZndfdXNlX3Byb2ZpbGVfaW1hZ2Vfc2hhcGVfZW5hYmxlZCI6eyJidWNrZXQiOiJvbiIsInZlcnNpb24iOm51bGx9LCJ0ZndfdmlkZW9faGxzX2R5bmFtaWNfbWFuaWZlc3RzXzE1MDgyIjp7ImJ1Y2tldCI6InRydWVfYml0cmF0ZSIsInZlcnNpb24iOm51bGx9LCJ0ZndfbGVnYWN5X3RpbWVsaW5lX3N1bnNldCI6eyJidWNrZXQiOnRydWUsInZlcnNpb24iOm51bGx9LCJ0ZndfdHdlZXRfZWRpdF9mcm9udGVuZCI6eyJidWNrZXQiOiJvbiIsInZlcnNpb24iOm51bGx9fQ%3D%3D&amp;frame=false&amp;hideCard=false&amp;hideThread=false&amp;id=2095879846450606438&amp;lang=es&amp;origin=https%3A%2F%2Fpolitico.mx%2F2026%2F09%2F04%2Fharfuch-disputas-entre-el-cjng-y-sinaloa-estan-detras-del-ataque-en-ojocaliente-zacatecas%2F&amp;sessionId=a71ac3341752a510b49846cb59f4d921154fcb52&amp;siteScreenName=politicomx&amp;theme=light&amp;widgetsVersion=6a3ad42b224df%3A1778106238597&amp;width=550px\" frameborder=\"0\" scrolling=\"no\" allowfullscreen=\"allowfullscreen\" data-tweet-id=\"2095879846450606438\" data-mce-fragment=\"1\"><\/iframe><\/div>\n<\/div>\n<\/div>\n<\/div>\n<div class=\"article_render_data w-100\">\n<p class=\"article-text mt-1\"><i><b>Suscr\u00edbete a nuestro newsletter.<\/b><\/i><a href=\"https:\/\/politico.us10.list-manage.com\/subscribe\/post?u=749ed42f9c8b74bf040bbc23c&amp;id=e9a823bc03&amp;f_id=00171be2f0\" rel=\"\"><i><b>\u00a0Da click aqu\u00ed<\/b><\/i><\/a><\/p>\n<\/div>\n<div class=\"article-inline-ad w-100 text-center \">\n<div class=\"ad-container ad-container--empty ad-container--rectangle my-4\" data-ad-zone=\"nacional-single_13\" data-ad-state=\"empty\">\n<div id=\"div-gpt-ad-1753298805572-0\" class=\"ad-gpt-slot mx-auto\" data-google-query-id=\"CJeF0Ybe1ZYDFQLaMAcdbz8gUg\">\n<div id=\"google_ads_iframe_\/78544489\/minuta_nota_2020\/Nota_14_0__container__\"><\/div>\n<\/div>\n<\/div>\n<\/div>\n<div class=\"article_render_data w-100\">\n<h2 class=\"article-header mt-1 header-level-2\">Caen tres presuntos implicados en ataque contra comandancia<\/h2>\n<\/div>\n<div class=\"article_render_data w-100\">\n<p class=\"article-text mt-1\">Harfuch inform\u00f3 que el\u00a0<b>31 de agosto<\/b>\u00a0fue detenido\u00a0<b>Juan Pedro \u201cN\u201d<\/b>, se\u00f1alado como el principal responsable de la colocaci\u00f3n de artefactos explosivos improvisados en la comandancia de Ojocaliente.<\/p>\n<\/div>\n<div class=\"article_render_data w-100\">\n<p class=\"article-text mt-1\">Durante su captura, las autoridades aseguraron una granada de fragmentaci\u00f3n, un artefacto explosivo improvisado, 70 cartuchos, cargadores, dosis de diversas drogas, un tel\u00e9fono celular, 22 artefactos ponchallantas y un veh\u00edculo.<\/p>\n<\/div>\n<div class=\"article-inline-ad w-100 text-center \">\n<div class=\"ad-container ad-container--empty ad-container--rectangle my-4\" data-ad-zone=\"nacional-single_14\" data-ad-state=\"empty\">\n<div id=\"div-gpt-ad-1753300390387-0\" class=\"ad-gpt-slot mx-auto\" data-google-query-id=\"CNzikbHe1ZYDFSfMPAUdJ2wa8g\">\n<div id=\"google_ads_iframe_\/78544489\/minuta_nota_2020\/Nota_15_0__container__\"><\/div>\n<\/div>\n<\/div>\n<\/div>\n<div class=\"article_render_data w-100\">\n<p class=\"article-text mt-1\">Posteriormente fueron detenidos\u00a0<b>Hip\u00f3lito&#8221; N&#8221; y Miguel \u201cN\u201d<\/b>, este \u00faltimo con una orden de aprehensi\u00f3n por homicidio. De acuerdo con las investigaciones, ambos estar\u00edan relacionados con una c\u00e9lula delictiva con presencia en Zacatecas y Aguascalientes y habr\u00edan realizado labores de vigilancia antes de la agresi\u00f3n.<\/p>\n<\/div>\n<div class=\"article_render_data w-100\">\n<div class=\"article-image mt-1 text-center\"><img loading=\"lazy\" decoding=\"async\" class=\"c-image\" src=\"https:\/\/politicomx-politicomx-prod.web.arc-cdn.net\/resizer\/v2\/E4TMQPHJOZEIHL3RYTZ5NPPN44.png?auth=9346d8f2509f40a91be3d0262b595903315bfef2f959506f536be6bc80a0f3e6&amp;width=800&amp;height=622\" srcset=\"https:\/\/politicomx-politicomx-prod.web.arc-cdn.net\/resizer\/v2\/E4TMQPHJOZEIHL3RYTZ5NPPN44.png?auth=9346d8f2509f40a91be3d0262b595903315bfef2f959506f536be6bc80a0f3e6&amp;width=400&amp;height=311 400w, https:\/\/politicomx-politicomx-prod.web.arc-cdn.net\/resizer\/v2\/E4TMQPHJOZEIHL3RYTZ5NPPN44.png?auth=9346d8f2509f40a91be3d0262b595903315bfef2f959506f536be6bc80a0f3e6&amp;width=600&amp;height=466 600w, https:\/\/politicomx-politicomx-prod.web.arc-cdn.net\/resizer\/v2\/E4TMQPHJOZEIHL3RYTZ5NPPN44.png?auth=9346d8f2509f40a91be3d0262b595903315bfef2f959506f536be6bc80a0f3e6&amp;width=800&amp;height=622 800w\" alt=\"Zacatecas\" width=\"800\" height=\"622\" data-chromatic=\"ignore\" \/><\/p>\n<p class=\"author_name mt-1\">Foto:\u00a0SSPC<\/p>\n<\/div>\n<\/div>\n<div class=\"article_render_data w-100\">\n<h2 class=\"article-header mt-1 header-level-2\">Zacatecas suma 3 mil 824 detenidos por delitos de alto impacto<\/h2>\n<\/div>\n<div class=\"article_render_data w-100\">\n<p class=\"article-text mt-1\">Como parte del balance de seguridad en el estado, Harfuch inform\u00f3 que entre el\u00a0<b>1 de octubre de 2024 y el 31 de agosto de 2026<\/b>\u00a0fueron detenidas\u00a0<b>3 mil 824 personas<\/b>\u00a0por delitos de alto impacto.<\/p>\n<\/div>\n<div class=\"article-inline-ad w-100 text-center \">\n<div class=\"ad-container ad-container--empty ad-container--rectangle my-4\" data-ad-zone=\"nacional-single_15\" data-ad-state=\"empty\">\n<div id=\"div-gpt-ad-1753300850059-0\" class=\"ad-gpt-slot mx-auto\" data-google-query-id=\"CKvw6rHe1ZYDFZfmSgAdOGImvg\">\n<div id=\"google_ads_iframe_\/78544489\/minuta_nota_2020\/Nota_16_0__container__\"><\/div>\n<\/div>\n<\/div>\n<\/div>\n<div class=\"article_render_data w-100\">\n<p class=\"article-text mt-1\">Durante ese mismo periodo se aseguraron\u00a0<b>1 mil 200 armas de fuego, m\u00e1s de 7 mil 320 kilogramos de droga y 114 mil cartuchos<\/b>, adem\u00e1s de que fueron localizados y destruidos seis laboratorios utilizados para la producci\u00f3n de metanfetaminas.<\/p>\n<\/div>\n<div class=\"article_render_data w-100\">\n<p class=\"article-text mt-1\">\u201cSabemos que reducir la violencia requiere un trabajo permanente: identificar y detener a los principales generadores de violencia, desarticular sus redes log\u00edsticas y financieras, impedir el reclutamiento de j\u00f3venes y fortalecer a la polic\u00eda local\u201d, se\u00f1al\u00f3.<\/p>\n<\/div>\n<div class=\"article-inline-ad w-100 text-center \">\n<div class=\"ad-container ad-container--empty ad-container--rectangle my-4\" data-ad-zone=\"nacional-single_16\" data-ad-state=\"empty\">\n<div id=\"div-gpt-ad-1753300924484-0\" class=\"ad-gpt-slot mx-auto\" data-google-query-id=\"CK6MhLLe1ZYDFY4xZQUdgEEoDw\">\n<div id=\"google_ads_iframe_\/78544489\/minuta_nota_2020\/Nota_17_0__container__\"><\/div>\n<\/div>\n<\/div>\n<\/div>\n<div class=\"article_render_data w-100\">\n<div class=\"d-flex justify-content-center text-center my-3 w-100\">\n<div class=\"embed-container\">\n<div class=\"twitter-tweet twitter-tweet-rendered\"><iframe id=\"twitter-widget-1\" class=\"\" title=\"X Post\" src=\"https:\/\/platform.twitter.com\/embed\/Tweet.html?dnt=false&amp;embedId=twitter-widget-1&amp;features=eyJ0ZndfdGltZWxpbmVfbGlzdCI6eyJidWNrZXQiOltdLCJ2ZXJzaW9uIjpudWxsfSwidGZ3X2ZvbGxvd2VyX2NvdW50X3N1bnNldCI6eyJidWNrZXQiOnRydWUsInZlcnNpb24iOm51bGx9LCJ0ZndfdHdlZXRfZWRpdF9iYWNrZW5kIjp7ImJ1Y2tldCI6Im9uIiwidmVyc2lvbiI6bnVsbH0sInRmd19yZWZzcmNfc2Vzc2lvbiI6eyJidWNrZXQiOiJvbiIsInZlcnNpb24iOm51bGx9LCJ0ZndfZm9zbnJfc29mdF9pbnRlcnZlbnRpb25zX2VuYWJsZWQiOnsiYnVja2V0Ijoib24iLCJ2ZXJzaW9uIjpudWxsfSwidGZ3X21peGVkX21lZGlhXzE1ODk3Ijp7ImJ1Y2tldCI6InRyZWF0bWVudCIsInZlcnNpb24iOm51bGx9LCJ0ZndfZXhwZXJpbWVudHNfY29va2llX2V4cGlyYXRpb24iOnsiYnVja2V0IjoxMjA5NjAwLCJ2ZXJzaW9uIjpudWxsfSwidGZ3X3Nob3dfYmlyZHdhdGNoX3Bpdm90c19lbmFibGVkIjp7ImJ1Y2tldCI6Im9uIiwidmVyc2lvbiI6bnVsbH0sInRmd19kdXBsaWNhdGVfc2NyaWJlc190b19zZXR0aW5ncyI6eyJidWNrZXQiOiJvbiIsInZlcnNpb24iOm51bGx9LCJ0ZndfdXNlX3Byb2ZpbGVfaW1hZ2Vfc2hhcGVfZW5hYmxlZCI6eyJidWNrZXQiOiJvbiIsInZlcnNpb24iOm51bGx9LCJ0ZndfdmlkZW9faGxzX2R5bmFtaWNfbWFuaWZlc3RzXzE1MDgyIjp7ImJ1Y2tldCI6InRydWVfYml0cmF0ZSIsInZlcnNpb24iOm51bGx9LCJ0ZndfbGVnYWN5X3RpbWVsaW5lX3N1bnNldCI6eyJidWNrZXQiOnRydWUsInZlcnNpb24iOm51bGx9LCJ0ZndfdHdlZXRfZWRpdF9mcm9udGVuZCI6eyJidWNrZXQiOiJvbiIsInZlcnNpb24iOm51bGx9fQ%3D%3D&amp;frame=false&amp;hideCard=false&amp;hideThread=false&amp;id=2095878264346542501&amp;lang=es&amp;origin=https%3A%2F%2Fpolitico.mx%2F2026%2F09%2F04%2Fharfuch-disputas-entre-el-cjng-y-sinaloa-estan-detras-del-ataque-en-ojocaliente-zacatecas%2F&amp;sessionId=a71ac3341752a510b49846cb59f4d921154fcb52&amp;siteScreenName=politicomx&amp;theme=light&amp;widgetsVersion=6a3ad42b224df%3A1778106238597&amp;width=550px\" frameborder=\"0\" scrolling=\"no\" allowfullscreen=\"allowfullscreen\" data-tweet-id=\"2095878264346542501\" data-mce-fragment=\"1\"><\/iframe><\/div>\n<\/div>\n<\/div>\n<\/div>\n<div class=\"article_render_data w-100\">\n<p class=\"article-text mt-1\">Entre las acciones recientes, el\u00a0<a title=\"https:\/\/politico.mx\/2026\/07\/31\/asi-cayo-el-r1-harfuch-detalla-como-fue-el-operativo-contra-lider-del-cjng-en-michoacan\/\" href=\"https:\/\/politico.mx\/2026\/07\/31\/asi-cayo-el-r1-harfuch-detalla-como-fue-el-operativo-contra-lider-del-cjng-en-michoacan\/\" target=\"_blank\" rel=\"noopener noreferrer\"><b>Gabinete de Seguridad\u00a0<\/b><\/a>report\u00f3 la detenci\u00f3n de seis personas relacionadas con una c\u00e9lula delictiva en una operaci\u00f3n desplegada en Zacatecas y Aguascalientes. Tambi\u00e9n fueron asegurados inmuebles, armas, veh\u00edculos y m\u00e1s de mil 600 dosis de metanfetamina.<\/p>\n<\/div>\n<div class=\"article_render_data w-100\">\n<p class=\"article-text mt-1\">En\u00a0<b>Jim\u00e9nez de Te\u00fal<\/b>, las autoridades localizaron 22 piezas de explosivo, mecha, iniciadores el\u00e9ctricos y 30 kilogramos de material explosivo de uso industrial.<\/p>\n<\/div>\n<div class=\"article-inline-ad w-100 text-center \">\n<div class=\"ad-container ad-container--filled ad-container--rectangle my-4\" data-ad-zone=\"nacional-single_17\" data-ad-state=\"filled\">\n<div id=\"div-gpt-ad-1762211742595-0\" class=\"ad-gpt-slot mx-auto\" data-google-query-id=\"CK6Bn7Le1ZYDFVt3jgUdbXUTzA\">\n<div id=\"google_ads_iframe_\/78544489\/minuta_nota_2020\/minuta_nota_01._0__container__\"><\/div>\n<\/div>\n<\/div>\n<\/div>\n<div class=\"article_render_data w-100\">\n<p class=\"article-text mt-1\">Mientras que en\u00a0<b>Juchipila<\/b>\u00a0fueron detenidas 10 personas vinculadas con una c\u00e9lula delictiva y liberadas dos personas privadas de la libertad.<\/p>\n<\/div>\n<div class=\"article_render_data w-100\"><\/div>\n<div class=\"article-inline-ad w-100 text-center \">\n<div class=\"ad-container ad-container--empty ad-container--rectangle my-4\" data-ad-zone=\"nacional-single_18\" data-ad-state=\"empty\">\n<div id=\"div-gpt-ad-1762212749926-0\" class=\"ad-gpt-slot mx-auto\" data-google-query-id=\"CLXC97Le1ZYDFYtf7QIdAVkhQQ\">\n<div id=\"google_ads_iframe_\/78544489\/minuta_nota_2020\/minuta_nota_02._0__container__\"><\/div>\n<\/div>\n<\/div>\n<\/div>\n<div class=\"article_render_data w-100\">\n<p class=\"article-text mt-1\">El secretario asegur\u00f3 que el Gabinete de Seguridad mantendr\u00e1 el despliegue y las labores de inteligencia en Zacatecas, con especial atenci\u00f3n en las c\u00e9lulas criminales que recurren a explosivos para atacar a autoridades y generar violencia entre la poblaci\u00f3n.<\/p>\n<\/div>\n<p>Con informaci\u00f3n de Politico.mx<\/p>\n","protected":false},"excerpt":{"rendered":"<p>El secretario de Seguridad, Omar Garc\u00eda Harfuch, inform\u00f3 que tres personas fueron detenidas por su probable participaci\u00f3n en el ataque contra la comandancia de Ojocaliente, que dej\u00f3 11 lesionados y da\u00f1os en viviendas y veh\u00edculos Carlos L\u00f3pez Omar Garc\u00eda Harfuch, secretario de Seguridad y Protecci\u00f3n Ciudadana, inform\u00f3 que la agresi\u00f3n con un artefacto explosivo contra la comandancia de la Polic\u00eda Municipal de\u00a0Ojocaliente, Zacatecas, estar\u00eda relacionada con la disputa entre c\u00e9lulas del\u00a0C\u00e1rtel Jalisco Nueva Generaci\u00f3n (CJNG)\u00a0y el\u00a0C\u00e1rtel del Pac\u00edfico. El funcionario se\u00f1al\u00f3 que las primeras investigaciones establecen que se utilizaron aproximadamente\u00a0200 kilogramos de material explosivo, lo que provoc\u00f3 lesiones a 11 [&hellip;]<\/p>\n","protected":false},"author":3,"featured_media":150013,"comment_status":"open","ping_status":"open","sticky":false,"template":"","format":"standard","meta":{"_jetpack_newsletter_access":"","_jetpack_dont_email_post_to_subs":false,"_jetpack_newsletter_tier_id":0,"_jetpack_memberships_contains_paywalled_content":false,"_jetpack_feature_clip_id":0,"_jetpack_memberships_contains_paid_content":false,"footnotes":"","jetpack_publicize_message":"","jetpack_publicize_feature_enabled":true,"jetpack_social_post_already_shared":true,"jetpack_social_options":{"image_generator_settings":{"template":"highway","default_image_id":0,"font":"","enabled":false},"version":2},"jetpack_post_was_ever_published":false},"categories":[90],"tags":[],"class_list":["post-152382","post","type-post","status-publish","format-standard","has-post-thumbnail","hentry","category-estatal","post--single"],"jetpack_publicize_connections":[],"jetpack_featured_media_url":"https:\/\/ovelanalista.com\/wp-content\/uploads\/2026\/07\/omar-garcia-harfuch-2.jpg","jetpack_sharing_enabled":true,"_links":{"self":[{"href":"https:\/\/ovelanalista.com\/index.php?rest_route=\/wp\/v2\/posts\/152382","targetHints":{"allow":["GET"]}}],"collection":[{"href":"https:\/\/ovelanalista.com\/index.php?rest_route=\/wp\/v2\/posts"}],"about":[{"href":"https:\/\/ovelanalista.com\/index.php?rest_route=\/wp\/v2\/types\/post"}],"author":[{"embeddable":true,"href":"https:\/\/ovelanalista.com\/index.php?rest_route=\/wp\/v2\/users\/3"}],"replies":[{"embeddable":true,"href":"https:\/\/ovelanalista.com\/index.php?rest_route=%2Fwp%2Fv2%2Fcomments&post=152382"}],"version-history":[{"count":1,"href":"https:\/\/ovelanalista.com\/index.php?rest_route=\/wp\/v2\/posts\/152382\/revisions"}],"predecessor-version":[{"id":152388,"href":"https:\/\/ovelanalista.com\/index.php?rest_route=\/wp\/v2\/posts\/152382\/revisions\/152388"}],"wp:featuredmedia":[{"embeddable":true,"href":"https:\/\/ovelanalista.com\/index.php?rest_route=\/wp\/v2\/media\/150013"}],"wp:attachment":[{"href":"https:\/\/ovelanalista.com\/index.php?rest_route=%2Fwp%2Fv2%2Fmedia&parent=152382"}],"wp:term":[{"taxonomy":"category","embeddable":true,"href":"https:\/\/ovelanalista.com\/index.php?rest_route=%2Fwp%2Fv2%2Fcategories&post=152382"},{"taxonomy":"post_tag","embeddable":true,"href":"https:\/\/ovelanalista.com\/index.php?rest_route=%2Fwp%2Fv2%2Ftags&post=152382"}],"curies":[{"name":"wp","href":"https:\/\/api.w.org\/{rel}","templated":true}]}}