{"id":152390,"date":"2026-09-04T18:00:43","date_gmt":"2026-09-05T01:00:43","guid":{"rendered":"https:\/\/ovelanalista.com\/?p=152390"},"modified":"2026-09-04T13:25:25","modified_gmt":"2026-09-04T20:25:25","slug":"omar-garcia-harfuch-reconoce-que-el-cartel-de-sinaloa-esta-afectado-pero-aun-tiene-poder-economico-y-de-fuego","status":"publish","type":"post","link":"https:\/\/ovelanalista.com\/?p=152390","title":{"rendered":"Omar Garc\u00eda Harfuch reconoce que el C\u00e1rtel de Sinaloa est\u00e1 afectado, pero a\u00fan tiene poder econ\u00f3mico y de fuego"},"content":{"rendered":"<p class=\"article-subheadline text-align-left\">El secretario de Seguridad y Protecci\u00f3n Ciudadana admiti\u00f3 que la baja en homicidios no equivale a un debilitamiento generalizado del crimen organizado<\/p>\n<p>Por <strong>Anayeli Tapia Sandoval<\/strong><\/p>\n<p class=\"paragraph\" data-paragraph-number=\"1\" data-mrf-recirculation=\"Links inline\">El secretario de Seguridad y Protecci\u00f3n Ciudadana (SSPC), Omar\u00a0<b>Garc\u00eda Harfuch<\/b>, reconoci\u00f3 que el<b>\u00a0C\u00e1rtel de Sinaloa<\/b>\u00a0est\u00e1 afectado por los operativos del Gobierno federal, pero conserva<b>\u00a0capacidad de fuego (armas) y econ\u00f3mica\u00a0<\/b>pese a la<b>\u00a0reducci\u00f3n de 51% en homicidios<\/b> registrada en el pa\u00eds en los \u00faltimos dos a\u00f1os.<\/p>\n<div class=\"marfeel-recommender marfeel-recommender-1\">\n<div class=\"news-module\" data-mrf-recirculation=\"IL_R39lR29QRlSs1ffrOXc4Ng\" data-testid=\"text-html\" data-mrf-experience=\"IL_R39lR29QRlSs1ffrOXc4Ng\">\n<div class=\"recommended-card__info\">\n<p><span class=\"recommended-card__info-interest-you\">Te puede interesar:<\/span><span class=\"recommended-card__info-title\">Diego Sebasti\u00e1n \u201cN\u201d: la cronolog\u00eda de su vida en M\u00e9xico hasta el multihomicidio de Jonathan Mel\u00e9ndez y su familia<\/span><\/p>\n<div class=\"recommended-card__info-button recommended-card__info-button--deportes\"><\/div>\n<\/div>\n<\/div>\n<\/div>\n<p class=\"paragraph\" data-paragraph-number=\"2\" data-mrf-recirculation=\"Links inline\">En entrevista con Gabriela Warkentin, conductora de<i>\u00a0As\u00ed las Cosas<\/i>\u00a0en W Radio, el funcionario detall\u00f3 que\u00a0<b>la ca\u00edda en homicidios no equivale a un debilitamiento generalizado de las organizaciones criminales\u00a0<\/b>que operan en el territorio nacional.<\/p>\n<p class=\"paragraph\" data-paragraph-number=\"3\" data-mrf-recirculation=\"Links inline\">Garc\u00eda Harfuch puso como referencia el\u00a0<b>cambio visible en Culiac\u00e1n,<\/b>\u00a0donde al inicio de la administraci\u00f3n de Claudia Sheinbaum era com\u00fan ver c<b>onvoyes de camionetas armadas<\/b>\u00a0que hoy, a su decir, ya no circulan. La ausencia de esas escenas, aclar\u00f3, no significa que la organizaci\u00f3n haya perdido capacidad operativa.<\/p>\n<div class=\"marfeel-recommender marfeel-recommender-3\">\n<div class=\"news-module\" data-mrf-recirculation=\"IL_lWS2EA6iQUyxu3m60hpKkw\" data-testid=\"text-html\" data-mrf-experience=\"IL_lWS2EA6iQUyxu3m60hpKkw\">\n<div class=\"recommended-card__info\">\n<div class=\"recommended-card__info-button recommended-card__info-button--deportes\"><\/div>\n<\/div>\n<\/div>\n<\/div>\n<div class=\"visual__image\"><picture><source srcset=\"https:\/\/www.infobae.com\/resizer\/v2\/L25GESQ7RBAWBHHRJ43FVRAHPU.jpg?auth=d8ccbc76376069d0e7a839d40e13432925df9adf51124ef17aa5829601493ed8&amp;smart=true&amp;width=992&amp;height=558&amp;quality=85\" media=\"(min-width: 1000px)\" \/><source srcset=\"https:\/\/www.infobae.com\/resizer\/v2\/L25GESQ7RBAWBHHRJ43FVRAHPU.jpg?auth=d8ccbc76376069d0e7a839d40e13432925df9adf51124ef17aa5829601493ed8&amp;smart=true&amp;width=768&amp;height=432&amp;quality=85\" media=\"(min-width: 768px)\" \/><source srcset=\"https:\/\/www.infobae.com\/resizer\/v2\/L25GESQ7RBAWBHHRJ43FVRAHPU.jpg?auth=d8ccbc76376069d0e7a839d40e13432925df9adf51124ef17aa5829601493ed8&amp;smart=true&amp;width=577&amp;height=325&amp;quality=85\" media=\"(min-width: 580px)\" \/><source srcset=\"https:\/\/www.infobae.com\/resizer\/v2\/L25GESQ7RBAWBHHRJ43FVRAHPU.jpg?auth=d8ccbc76376069d0e7a839d40e13432925df9adf51124ef17aa5829601493ed8&amp;smart=true&amp;width=420&amp;height=236&amp;quality=85\" media=\"(min-width: 350px)\" \/><source srcset=\"https:\/\/www.infobae.com\/resizer\/v2\/L25GESQ7RBAWBHHRJ43FVRAHPU.jpg?auth=d8ccbc76376069d0e7a839d40e13432925df9adf51124ef17aa5829601493ed8&amp;smart=true&amp;width=350&amp;height=197&amp;quality=85\" media=\"(min-width: 80px)\" \/><img loading=\"lazy\" decoding=\"async\" class=\"global-image\" src=\"https:\/\/www.infobae.com\/resizer\/v2\/L25GESQ7RBAWBHHRJ43FVRAHPU.jpg?auth=d8ccbc76376069d0e7a839d40e13432925df9adf51124ef17aa5829601493ed8&amp;smart=true&amp;width=350&amp;height=197&amp;quality=85\" alt=\"\u00bfCu\u00e1l ha sido el bando que ha tomado Fausto Isidro Meza-Flores, alias &quot;El Chapo Isidro&quot; en la guerra entre &quot;Los Chapitos&quot; y &quot;La Mayiza&quot;? (Anayeli Tapia\/Infobae)\" width=\"1920\" height=\"1080\" \/><\/picture>C\u00e1rtel de Sinaloa tiene poder econ\u00f3mico y de fuego. (Anayeli Tapia\/Infobae)<\/div>\n<p class=\"paragraph\" data-paragraph-number=\"4\" data-mrf-recirculation=\"Links inline\"><b>\u201cNo podemos decir que el C\u00e1rtel de Sinaloa est\u00e9 disminuido. Est\u00e1 afectado, s\u00ed, pero definitivamente tienen un poder econ\u00f3mico importante y un poder de fuego que necesitamos continuar mermando\u201d,<\/b>\u00a0agreg\u00f3 el secretario, quien precis\u00f3 que de las\u00a0<b>32,000<\/b>\u00a0armas de fuego aseguradas durante la administraci\u00f3n, el\u00a0<b>20%<\/b>\u00a0se decomis\u00f3 \u00fanicamente en Sinaloa. El funcionario mencion\u00f3 adem\u00e1s un cargamento reciente de m\u00e1s de 200 armas interceptado antes de llegar a organizaciones criminales mexicanas, procedente de territorio estadounidense.<\/p>\n<div class=\"inline_2 ad-wrapper dfpAd ad-inline ad-text ad-component-container\" data-ad-wrapper=\"arcad\" data-ad-type=\"inline_2\" data-ad-slot=\"infobae\/mexico\/nota\/inline_2\" data-ad-container=\"dfp\" data-ad-slot-name=\"infobae\/mexico\/nota\/inline_2\">\n<div id=\"infobae\/mexico\/nota\/inline_2\" class=\"infobae\/mexico\/nota\/inline_2 arcad ad-slot-node ad-slot-node--boxed\" data-ad-slot-id=\"infobae\/mexico\/nota\/inline_2\" data-google-query-id=\"CKmL6LPg1ZYDFZvCPAUdttoBeQ\">\n<div id=\"google_ads_iframe_\/1058609\/infobae\/mexico\/nota\/inline_2_0__container__\"><\/div>\n<\/div>\n<\/div>\n<p class=\"paragraph\" data-paragraph-number=\"5\" data-mrf-recirculation=\"Links inline\">El secretario cit\u00f3 tambi\u00e9n el operativo de la Secretar\u00eda de la Defensa Nacional del 22 de febrero, que termin\u00f3 con la muerte de<b>\u00a0Nemesio Oseguera,\u00a0<\/b><i><b>el Mencho<\/b><\/i>, como evidencia de la<b>\u00a0capacidad de reacci\u00f3n\u00a0<\/b>y del poder de fuego que a\u00fan conservan estas estructuras criminales, recordando que el C\u00e1rtel Jalisco Nueva Generaci\u00f3n (CJNG) mantuvo bloqueos y enfrentamientos.<\/p>\n<div class=\"marfeel-recommender marfeel-recommender-5\">\n<div class=\"news-module\" data-mrf-recirculation=\"IL_SNt-W_tGSLGMl86GFr_tnQ\" data-testid=\"text-html\" data-mrf-experience=\"IL_SNt-W_tGSLGMl86GFr_tnQ\">\n<div class=\"recommended-card__image-container\"><\/div>\n<\/div>\n<\/div>\n<h2 id=\"los-homicidios-bajan-51percent-pero-persisten-focos-rojos-en-siete-estados\" class=\"text-align-left vertical-align-top line-height-100 header headline-class-h2 headline\">Los homicidios bajan 51% pero persisten focos rojos en siete estados<\/h2>\n<p class=\"paragraph\" data-paragraph-number=\"6\" data-mrf-recirculation=\"Links inline\">El pa\u00eds pas\u00f3 de 86\u00a0<b>homicidios\u00a0<\/b>diarios al inicio del sexenio a 42 en la actualidad, una reducci\u00f3n que Garc\u00eda Harfuch describi\u00f3 como in\u00e9dita en la historia reciente de M\u00e9xico.<b>\u00a0\u201cEsto nunca hab\u00eda ocurrido en nuestro pa\u00eds\u201d<\/b>, afirm\u00f3 el secretario, quien insisti\u00f3 en que la cifra no se presenta \u201cde una manera triunfalista\u201d.<\/p>\n<div class=\"ad_1 ad-wrapper dfpAd ad-1-al-6 ad-text ad-component-container\" data-ad-wrapper=\"arcad\" data-ad-type=\"ad_1\" data-ad-slot=\"infobae\/mexico\/nota\/ad_1\" data-ad-container=\"dfp\" data-ad-slot-name=\"infobae\/mexico\/nota\/ad_1\">\n<div id=\"infobae\/mexico\/nota\/ad_1\" class=\"infobae\/mexico\/nota\/ad_1 arcad ad-slot-node ad-slot-node--boxed\" data-ad-slot-id=\"infobae\/mexico\/nota\/ad_1\" data-google-query-id=\"COzl6bPg1ZYDFSLCPAUd24omaQ\">\n<div id=\"google_ads_iframe_\/1058609\/infobae\/mexico\/nota\/ad_1_0__container__\"><\/div>\n<\/div>\n<\/div>\n<div class=\"visual__image\"><picture><source srcset=\"https:\/\/www.infobae.com\/resizer\/v2\/2KVZWR2SYFD2DHWXZLOTJIBBDM.png?auth=a23c23cac6b165f171a1b2bf0b300b71406b875219e4d597a6c00f01ba592754&amp;smart=true&amp;width=992&amp;height=661&amp;quality=85\" media=\"(min-width: 1000px)\" \/><source srcset=\"https:\/\/www.infobae.com\/resizer\/v2\/2KVZWR2SYFD2DHWXZLOTJIBBDM.png?auth=a23c23cac6b165f171a1b2bf0b300b71406b875219e4d597a6c00f01ba592754&amp;smart=true&amp;width=768&amp;height=512&amp;quality=85\" media=\"(min-width: 768px)\" \/><source srcset=\"https:\/\/www.infobae.com\/resizer\/v2\/2KVZWR2SYFD2DHWXZLOTJIBBDM.png?auth=a23c23cac6b165f171a1b2bf0b300b71406b875219e4d597a6c00f01ba592754&amp;smart=true&amp;width=577&amp;height=385&amp;quality=85\" media=\"(min-width: 580px)\" \/><source srcset=\"https:\/\/www.infobae.com\/resizer\/v2\/2KVZWR2SYFD2DHWXZLOTJIBBDM.png?auth=a23c23cac6b165f171a1b2bf0b300b71406b875219e4d597a6c00f01ba592754&amp;smart=true&amp;width=420&amp;height=280&amp;quality=85\" media=\"(min-width: 350px)\" \/><source srcset=\"https:\/\/www.infobae.com\/resizer\/v2\/2KVZWR2SYFD2DHWXZLOTJIBBDM.png?auth=a23c23cac6b165f171a1b2bf0b300b71406b875219e4d597a6c00f01ba592754&amp;smart=true&amp;width=350&amp;height=233&amp;quality=85\" media=\"(min-width: 80px)\" \/><img loading=\"lazy\" decoding=\"async\" class=\"global-image\" src=\"https:\/\/www.infobae.com\/resizer\/v2\/2KVZWR2SYFD2DHWXZLOTJIBBDM.png?auth=a23c23cac6b165f171a1b2bf0b300b71406b875219e4d597a6c00f01ba592754&amp;smart=true&amp;width=350&amp;height=233&amp;quality=85\" alt=\"Ilustraci\u00f3n de una figura humana de perfil sobre fondo gris, cuya sombra oscura contiene formas de armas, cruces y n\u00fameros 10, 113, 510.\" width=\"1536\" height=\"1024\" \/><\/picture>Baja en la cifra de homicidios. (Imagen Ilustrativa Infobae)<\/div>\n<p class=\"paragraph\" data-paragraph-number=\"7\" data-mrf-recirculation=\"Links inline\">Julio de 2026 registr\u00f3 la cifra m\u00e1s baja de homicidios en once a\u00f1os a nivel nacional. Como ejemplo de mejora sostenida, el funcionario cit\u00f3 el caso de\u00a0<b>Guanajuato<\/b>, entidad que pas\u00f3 de 13 a 3 homicidios diarios en julio de 2026, pese a gobernar con una fuerza pol\u00edtica distinta a la del Gobierno federal.<\/p>\n<p class=\"paragraph\" data-paragraph-number=\"8\" data-mrf-recirculation=\"Links inline\">El funcionario advirti\u00f3 que la mitad de los homicidios del pa\u00eds se concentra en siete entidades:\u00a0<b>Guanajuato, Baja California, Chihuahua, Sinaloa, Estado de M\u00e9xico, Guerrero y Morelos.\u00a0<\/b>Sinaloa y Tijuana, puntualiz\u00f3, permanecen bajo \u201catenci\u00f3n prioritaria todos los d\u00edas\u201d, incluso donde ya hay avances medibles.<\/p>\n<p class=\"paragraph\" data-paragraph-number=\"9\" data-mrf-recirculation=\"Links inline\">Como parte de los resultados atribuidos a la estrategia de coordinaci\u00f3n con los 32 estados, el secretario mencion\u00f3 la destrucci\u00f3n de\u00a0<b>2,700<\/b>\u00a0laboratorios de droga y\u00a0<b>66,000<\/b> detenciones por delitos de alto impacto, cifra que representa un incremento de 14% en la poblaci\u00f3n penitenciaria en menos de dos a\u00f1os.<\/p>\n<h2 id=\"la-extorsion-y-desapariciones-ausentes-del-informe-presidencial\" class=\"text-align-left vertical-align-top line-height-100 header headline-class-h2 headline\">La extorsi\u00f3n y desapariciones, ausentes del informe presidencial<\/h2>\n<div class=\"visual__image\"><picture><source srcset=\"https:\/\/www.infobae.com\/resizer\/v2\/QWNEM4CLZVDPHO2JM2ZM6ZYAYE.png?auth=05d714728093f0adc92bd6ed15e13b8ea9d0275b15a5eefc8ab48959d129146a&amp;smart=true&amp;width=992&amp;height=554&amp;quality=85\" media=\"(min-width: 1000px)\" \/><source srcset=\"https:\/\/www.infobae.com\/resizer\/v2\/QWNEM4CLZVDPHO2JM2ZM6ZYAYE.png?auth=05d714728093f0adc92bd6ed15e13b8ea9d0275b15a5eefc8ab48959d129146a&amp;smart=true&amp;width=768&amp;height=429&amp;quality=85\" media=\"(min-width: 768px)\" \/><source srcset=\"https:\/\/www.infobae.com\/resizer\/v2\/QWNEM4CLZVDPHO2JM2ZM6ZYAYE.png?auth=05d714728093f0adc92bd6ed15e13b8ea9d0275b15a5eefc8ab48959d129146a&amp;smart=true&amp;width=577&amp;height=322&amp;quality=85\" media=\"(min-width: 580px)\" \/><source srcset=\"https:\/\/www.infobae.com\/resizer\/v2\/QWNEM4CLZVDPHO2JM2ZM6ZYAYE.png?auth=05d714728093f0adc92bd6ed15e13b8ea9d0275b15a5eefc8ab48959d129146a&amp;smart=true&amp;width=420&amp;height=234&amp;quality=85\" media=\"(min-width: 350px)\" \/><source srcset=\"https:\/\/www.infobae.com\/resizer\/v2\/QWNEM4CLZVDPHO2JM2ZM6ZYAYE.png?auth=05d714728093f0adc92bd6ed15e13b8ea9d0275b15a5eefc8ab48959d129146a&amp;smart=true&amp;width=350&amp;height=195&amp;quality=85\" media=\"(min-width: 80px)\" \/><img loading=\"lazy\" decoding=\"async\" class=\"global-image\" src=\"https:\/\/www.infobae.com\/resizer\/v2\/QWNEM4CLZVDPHO2JM2ZM6ZYAYE.png?auth=05d714728093f0adc92bd6ed15e13b8ea9d0275b15a5eefc8ab48959d129146a&amp;smart=true&amp;width=350&amp;height=195&amp;quality=85\" alt=\"Cobro de piso y extorsi\u00f3n. (Cr\u00e9dito: Imagen ilustrativa generada con IA | Infobae M\u00e9xico)\" width=\"2752\" height=\"1536\" \/><\/picture>Cobro de piso y extorsi\u00f3n. (Cr\u00e9dito: Imagen ilustrativa generada con IA | Infobae M\u00e9xico)<\/div>\n<p class=\"paragraph\" data-paragraph-number=\"10\" data-mrf-recirculation=\"Links inline\">Warkentin se\u00f1al\u00f3 que la palabra\u00a0<b>extorsi\u00f3n\u00a0<\/b>no apareci\u00f3 en el mensaje de\u00a0<b>Claudia Sheinbaum<\/b>\u00a0durante su informe de gobierno, pese a ser uno de los delitos que m\u00e1s afecta el patrimonio de las familias mexicanas. Garc\u00eda Harfuch admiti\u00f3 el vac\u00edo sin justificarlo directamente.<\/p>\n<p class=\"paragraph\" data-paragraph-number=\"11\" data-mrf-recirculation=\"Links inline\"><b>\u201cDefinitivamente, la extorsi\u00f3n es la prioridad ahorita en el Gabinete de Seguridad\u201d,\u00a0<\/b>se\u00f1al\u00f3 el secretario, quien report\u00f3 m\u00e1s de 2,000 extorsionadores detenidos en 24 estados desde julio de 2025.<\/p>\n<p class=\"paragraph\" data-paragraph-number=\"12\" data-mrf-recirculation=\"Links inline\">El funcionario describi\u00f3 el alcance del delito \u201cdesde negocios grandes hasta un puesto de dulces\u201d y atribuy\u00f3 parte del avance en la contenci\u00f3n al fortalecimiento de la l\u00ednea 089, que seg\u00fan \u00e9l ha ido \u201cavanzando\u201d en la recepci\u00f3n de denuncias ciudadanas.<\/p>\n<p class=\"paragraph\" data-paragraph-number=\"13\" data-mrf-recirculation=\"Links inline\">El funcionario compar\u00f3 la progresi\u00f3n de la extorsi\u00f3n con la del feminicidio: sostuvo que ambos delitos escalan cuando las fiscal\u00edas locales no atienden las primeras denuncias, y que el fortalecimiento de esas instituciones estatales es la \u00fanica v\u00eda para una reducci\u00f3n sostenida.<\/p>\n<div class=\"visual__image\"><picture><source srcset=\"https:\/\/www.infobae.com\/resizer\/v2\/IOUHMOQOAJGVPCBNRWXPUKVERI.JPG?auth=f4ed2186e861bd9950cdbffa1c188a3cfa4e6a669dab7dddc30adc05f13f50cd&amp;smart=true&amp;width=992&amp;height=661&amp;quality=85\" media=\"(min-width: 1000px)\" \/><source srcset=\"https:\/\/www.infobae.com\/resizer\/v2\/IOUHMOQOAJGVPCBNRWXPUKVERI.JPG?auth=f4ed2186e861bd9950cdbffa1c188a3cfa4e6a669dab7dddc30adc05f13f50cd&amp;smart=true&amp;width=768&amp;height=512&amp;quality=85\" media=\"(min-width: 768px)\" \/><source srcset=\"https:\/\/www.infobae.com\/resizer\/v2\/IOUHMOQOAJGVPCBNRWXPUKVERI.JPG?auth=f4ed2186e861bd9950cdbffa1c188a3cfa4e6a669dab7dddc30adc05f13f50cd&amp;smart=true&amp;width=577&amp;height=385&amp;quality=85\" media=\"(min-width: 580px)\" \/><source srcset=\"https:\/\/www.infobae.com\/resizer\/v2\/IOUHMOQOAJGVPCBNRWXPUKVERI.JPG?auth=f4ed2186e861bd9950cdbffa1c188a3cfa4e6a669dab7dddc30adc05f13f50cd&amp;smart=true&amp;width=420&amp;height=280&amp;quality=85\" media=\"(min-width: 350px)\" \/><source srcset=\"https:\/\/www.infobae.com\/resizer\/v2\/IOUHMOQOAJGVPCBNRWXPUKVERI.JPG?auth=f4ed2186e861bd9950cdbffa1c188a3cfa4e6a669dab7dddc30adc05f13f50cd&amp;smart=true&amp;width=350&amp;height=233&amp;quality=85\" media=\"(min-width: 80px)\" \/><img loading=\"lazy\" decoding=\"async\" class=\"global-image\" src=\"https:\/\/www.infobae.com\/resizer\/v2\/IOUHMOQOAJGVPCBNRWXPUKVERI.JPG?auth=f4ed2186e861bd9950cdbffa1c188a3cfa4e6a669dab7dddc30adc05f13f50cd&amp;smart=true&amp;width=350&amp;height=233&amp;quality=85\" alt=\"Marcha por el D\u00eda Internacional de las V\u00edctimas de Desapariciones Forzadas en CDMX. (Foto: Jaqueline Viedma\/Infobae M\u00e9xico)\" width=\"5184\" height=\"3456\" \/><\/picture>Marcha por el D\u00eda Internacional de las V\u00edctimas de Desapariciones Forzadas en CDMX. (Foto: Jaqueline Viedma\/Infobae M\u00e9xico)<\/div>\n<p class=\"paragraph\" data-paragraph-number=\"14\" data-mrf-recirculation=\"Links inline\">Al igual que con la extorsi\u00f3n, la palabra\u00a0<b>desaparici\u00f3n\u00a0<\/b>estuvo ausente del informe presidencial. Garc\u00eda Harfuch\u00a0<b>neg\u00f3 que exista un aumento en el n\u00famero de personas desaparecidas<\/b>\u00a0en el pa\u00eds, pese a las alertas de especialistas y colectivos de b\u00fasqueda, sin embargo, reconoci\u00f3 que hay personas desaparecidas por la\u00a0<b>delincuencia organizada\u00a0<\/b>y que \u201ctodos los casos son terribles\u201d.<\/p>\n<p class=\"paragraph\" data-paragraph-number=\"15\" data-mrf-recirculation=\"Links inline\">Como ejemplo de resultados, cit\u00f3 la detenci\u00f3n en Jalisco del \u201cprincipal reclutador\u201d y responsable de los ranchos utilizados para el enganche forzado de v\u00edctimas.<\/p>\n<h2 id=\"mexico-y-estados-unidos-operan-bajo-responsabilidad-compartida-dice-garcia-harfuch\" class=\"text-align-left vertical-align-top line-height-100 header headline-class-h2 headline\">M\u00e9xico y Estados Unidos operan bajo responsabilidad compartida, dice Garc\u00eda Harfuch<\/h2>\n<p class=\"paragraph\" data-paragraph-number=\"16\" data-mrf-recirculation=\"Links inline\">Sobre la presi\u00f3n creciente de Washington en materia de seguridad, el secretario insisti\u00f3 en el concepto de responsabilidad compartida entre ambos pa\u00edses, tanto en el consumo de drogas como en el tr\u00e1fico de armas hacia territorio mexicano.<\/p>\n<p class=\"paragraph\" data-paragraph-number=\"17\" data-mrf-recirculation=\"Links inline\">Garc\u00eda Harfuch descart\u00f3 que\u00a0<b>agentes estadounidenses armados operen en territorio nacional\u00a0<\/b>y atribuy\u00f3 ese l\u00edmite a la Constituci\u00f3n mexicana, no a una decisi\u00f3n pol\u00edtica. \u201cEl gabinete de seguridad no trabaja para Estados Unidos, trabajamos para el pueblo de M\u00e9xico\u201d, sostuvo el secretario.<\/p>\n<div class=\"ad_5 ad-wrapper dfpAd ad-1-al-6 ad-text ad-component-container\" data-ad-wrapper=\"arcad\" data-ad-type=\"ad_5\" data-ad-slot=\"infobae\/mexico\/nota\/ad_5\" data-ad-container=\"dfp\" data-ad-slot-name=\"infobae\/mexico\/nota\/ad_5\">\n<div id=\"infobae\/mexico\/nota\/ad_5\" class=\"infobae\/mexico\/nota\/ad_5 arcad ad-slot-node ad-slot-node--boxed\" data-ad-slot-id=\"infobae\/mexico\/nota\/ad_5\" data-google-query-id=\"CM2dlsLg1ZYDFf_LPAUdYhgVuw\">\n<div id=\"google_ads_iframe_\/1058609\/infobae\/mexico\/nota\/ad_5_0__container__\"><\/div>\n<\/div>\n<\/div>\n<div class=\"visual__image\"><picture><source srcset=\"https:\/\/www.infobae.com\/resizer\/v2\/Y3VILMYV3NETNAKSXD2ZUO6MFM.jpg?auth=87fdd7be39a75e8bf960d17102a251b17c06cd86a575eb7b9b5bce8ebd807b45&amp;smart=true&amp;width=992&amp;height=558&amp;quality=85\" media=\"(min-width: 1000px)\" \/><source srcset=\"https:\/\/www.infobae.com\/resizer\/v2\/Y3VILMYV3NETNAKSXD2ZUO6MFM.jpg?auth=87fdd7be39a75e8bf960d17102a251b17c06cd86a575eb7b9b5bce8ebd807b45&amp;smart=true&amp;width=768&amp;height=432&amp;quality=85\" media=\"(min-width: 768px)\" \/><source srcset=\"https:\/\/www.infobae.com\/resizer\/v2\/Y3VILMYV3NETNAKSXD2ZUO6MFM.jpg?auth=87fdd7be39a75e8bf960d17102a251b17c06cd86a575eb7b9b5bce8ebd807b45&amp;smart=true&amp;width=577&amp;height=325&amp;quality=85\" media=\"(min-width: 580px)\" \/><source srcset=\"https:\/\/www.infobae.com\/resizer\/v2\/Y3VILMYV3NETNAKSXD2ZUO6MFM.jpg?auth=87fdd7be39a75e8bf960d17102a251b17c06cd86a575eb7b9b5bce8ebd807b45&amp;smart=true&amp;width=420&amp;height=236&amp;quality=85\" media=\"(min-width: 350px)\" \/><source srcset=\"https:\/\/www.infobae.com\/resizer\/v2\/Y3VILMYV3NETNAKSXD2ZUO6MFM.jpg?auth=87fdd7be39a75e8bf960d17102a251b17c06cd86a575eb7b9b5bce8ebd807b45&amp;smart=true&amp;width=350&amp;height=197&amp;quality=85\" media=\"(min-width: 80px)\" \/><img loading=\"lazy\" decoding=\"async\" class=\"global-image\" src=\"https:\/\/www.infobae.com\/resizer\/v2\/Y3VILMYV3NETNAKSXD2ZUO6MFM.jpg?auth=87fdd7be39a75e8bf960d17102a251b17c06cd86a575eb7b9b5bce8ebd807b45&amp;smart=true&amp;width=350&amp;height=197&amp;quality=85\" alt=\"El jefe de la DEA Terry Cole fue directo contra los c\u00e1rteles de la droga que operan en ambos lados de la frontera. Cr\u00e9dito: Captura de video\" width=\"1920\" height=\"1080\" \/><\/picture>El jefe de la DEA Terry Cole fue directo contra los c\u00e1rteles de la droga que operan en ambos lados de la frontera. Cr\u00e9dito: Captura de video<\/div>\n<p class=\"paragraph\" data-paragraph-number=\"18\" data-mrf-recirculation=\"Links inline\">Cuestionado sobre la\u00a0<b>declaraci\u00f3n de la presidenta Sheinbaum,\u00a0<\/b>quien afirm\u00f3 que Estados Unido<b>s \u201cquiere dividir al gobierno\u201d<\/b>\u00a0tras los elogios p\u00fablicos del titular de la<b>\u00a0DEA, Terry Cole,<\/b>\u00a0hacia el propio secretario, Garc\u00eda Harfuch evit\u00f3 una respuesta directa.<\/p>\n<p class=\"paragraph\" data-paragraph-number=\"19\" data-mrf-recirculation=\"Links inline\">Warkentin record\u00f3 que existen audios donde Cole destaca que Garc\u00eda Harfuch \u201cviene de abajo, de la polic\u00eda\u201d, y se refiri\u00f3 a \u201clas grandes porras\u201d que el funcionario estadounidense le dedica en p\u00fablico.<\/p>\n<p class=\"paragraph\" data-paragraph-number=\"20\" data-mrf-recirculation=\"Links inline\"><b>\u201cHay ciertos grupos que buscan divisi\u00f3n\u201d,<\/b>\u00a0respondi\u00f3 Garc\u00eda Harfuch, y a\u00f1adi\u00f3 que ese tipo de se\u00f1alamientos se intensifica<b>\u00a0\u201ccerca de las elecciones y cerca de varios momentos importantes\u201d<\/b>, sin precisar si se refer\u00eda a comicios en M\u00e9xico o en Estados Unidos.<\/p>\n<p class=\"paragraph\" data-paragraph-number=\"21\" data-mrf-recirculation=\"Links inline\">El secretario explic\u00f3 que buena parte de las menciones p\u00fablicas hacia su persona ocurren porque funge como<b>\u00a0\u201cla cara visible del Gabinete de Seguridad\u201d,\u00a0<\/b>pese a que muchos operativos son resultado de informaci\u00f3n generada por la Sedena o la Marina.<\/p>\n<p class=\"paragraph\" data-paragraph-number=\"22\" data-mrf-recirculation=\"Links inline\">Garc\u00eda Harfuch confirm\u00f3<b>\u00a0buena comunicaci\u00f3n con la DEA y con el FBI<\/b>, cuyo titular, Kash Patel, agradeci\u00f3 p\u00fablicamente este a\u00f1o las detenciones realizadas por autoridades mexicanas.<\/p>\n<p data-paragraph-number=\"22\" data-mrf-recirculation=\"Links inline\">Con informaci\u00f3n de infobae<\/p>\n","protected":false},"excerpt":{"rendered":"<p>El secretario de Seguridad y Protecci\u00f3n Ciudadana admiti\u00f3 que la baja en homicidios no equivale a un debilitamiento generalizado del crimen organizado Por Anayeli Tapia Sandoval El secretario de Seguridad y Protecci\u00f3n Ciudadana (SSPC), Omar\u00a0Garc\u00eda Harfuch, reconoci\u00f3 que el\u00a0C\u00e1rtel de Sinaloa\u00a0est\u00e1 afectado por los operativos del Gobierno federal, pero conserva\u00a0capacidad de fuego (armas) y econ\u00f3mica\u00a0pese a la\u00a0reducci\u00f3n de 51% en homicidios registrada en el pa\u00eds en los \u00faltimos dos a\u00f1os. Te puede interesar:Diego Sebasti\u00e1n \u201cN\u201d: la cronolog\u00eda de su vida en M\u00e9xico hasta el multihomicidio de Jonathan Mel\u00e9ndez y su familia En entrevista con Gabriela Warkentin, conductora de\u00a0As\u00ed las Cosas\u00a0en [&hellip;]<\/p>\n","protected":false},"author":3,"featured_media":149376,"comment_status":"open","ping_status":"open","sticky":false,"template":"","format":"standard","meta":{"_jetpack_newsletter_access":"","_jetpack_dont_email_post_to_subs":false,"_jetpack_newsletter_tier_id":0,"_jetpack_memberships_contains_paywalled_content":false,"_jetpack_feature_clip_id":0,"_jetpack_memberships_contains_paid_content":false,"footnotes":"","jetpack_publicize_message":"","jetpack_publicize_feature_enabled":true,"jetpack_social_post_already_shared":true,"jetpack_social_options":{"image_generator_settings":{"template":"highway","default_image_id":0,"font":"","enabled":false},"version":2},"jetpack_post_was_ever_published":false},"categories":[90],"tags":[],"class_list":["post-152390","post","type-post","status-publish","format-standard","has-post-thumbnail","hentry","category-estatal","post--single"],"jetpack_publicize_connections":[],"jetpack_featured_media_url":"https:\/\/ovelanalista.com\/wp-content\/uploads\/2026\/07\/Captura-de-pantalla-2026-07-09-a-las-11.54.07-a.m.png","jetpack_sharing_enabled":true,"_links":{"self":[{"href":"https:\/\/ovelanalista.com\/index.php?rest_route=\/wp\/v2\/posts\/152390","targetHints":{"allow":["GET"]}}],"collection":[{"href":"https:\/\/ovelanalista.com\/index.php?rest_route=\/wp\/v2\/posts"}],"about":[{"href":"https:\/\/ovelanalista.com\/index.php?rest_route=\/wp\/v2\/types\/post"}],"author":[{"embeddable":true,"href":"https:\/\/ovelanalista.com\/index.php?rest_route=\/wp\/v2\/users\/3"}],"replies":[{"embeddable":true,"href":"https:\/\/ovelanalista.com\/index.php?rest_route=%2Fwp%2Fv2%2Fcomments&post=152390"}],"version-history":[{"count":2,"href":"https:\/\/ovelanalista.com\/index.php?rest_route=\/wp\/v2\/posts\/152390\/revisions"}],"predecessor-version":[{"id":152396,"href":"https:\/\/ovelanalista.com\/index.php?rest_route=\/wp\/v2\/posts\/152390\/revisions\/152396"}],"wp:featuredmedia":[{"embeddable":true,"href":"https:\/\/ovelanalista.com\/index.php?rest_route=\/wp\/v2\/media\/149376"}],"wp:attachment":[{"href":"https:\/\/ovelanalista.com\/index.php?rest_route=%2Fwp%2Fv2%2Fmedia&parent=152390"}],"wp:term":[{"taxonomy":"category","embeddable":true,"href":"https:\/\/ovelanalista.com\/index.php?rest_route=%2Fwp%2Fv2%2Fcategories&post=152390"},{"taxonomy":"post_tag","embeddable":true,"href":"https:\/\/ovelanalista.com\/index.php?rest_route=%2Fwp%2Fv2%2Ftags&post=152390"}],"curies":[{"name":"wp","href":"https:\/\/api.w.org\/{rel}","templated":true}]}}