{"id":152395,"date":"2026-09-04T18:30:32","date_gmt":"2026-09-05T01:30:32","guid":{"rendered":"https:\/\/ovelanalista.com\/?p=152395"},"modified":"2026-09-04T13:27:35","modified_gmt":"2026-09-04T20:27:35","slug":"sinaloa-entre-los-estados-con-mas-desaparicion-de-puestos-de-trabajo-remunerado","status":"publish","type":"post","link":"https:\/\/ovelanalista.com\/?p=152395","title":{"rendered":"Sinaloa entre los estados con m\u00e1s desaparici\u00f3n de puestos de trabajo remunerado"},"content":{"rendered":"<header class=\"post-header\">Sinaloa exhibe uno de los peores desempe\u00f1os a nivel nacional en materia de generaci\u00f3n de empleo remunerado, en medio de una crisis de violencia que afecta la actividad empresarial.<\/p>\n<p><strong>Daniel Villaman<\/strong><\/p>\n<p>La contracci\u00f3n en el mercado de trabajo y el cierre masivo de microempresas, enmarcados en la<strong>\u00a0ola de violencia<\/strong>\u00a0que inici\u00f3 en septiembre de 2024, hunden la generaci\u00f3n de\u00a0<strong>puestos de trabajo asalariados<\/strong>\u00a0en\u00a0<strong>Sinaloa<\/strong>.<\/p>\n<p>De acuerdo con las\u00a0Mediciones Trimestrales de los Puestos de Trabajo y sus Remuneraciones\u00a0por Entidad Federativa (MTPTREF) publicadas por el\u00a0<strong>INEGI\u00a0<\/strong>esta semana,\u00a0Sinaloa registr\u00f3 una\u00a0<strong>contracci\u00f3n anual de 1.7% en el total de puestos de trabajo<\/strong>\u00a0remunerados durante el primer trimestre de 2026.<\/p>\n<div class=\"AV69f37ca0224a13be220e0bf6\">\n<div id=\"aniBox\">\n<div id=\"aniplayer_AV69f37ca0224a13be220e0bf6-1788540965592\">\n<div id=\"aniplayer_AV69f37ca0224a13be220e0bf6-1788540965592Wrapper\" class=\"avp-floating-container avp-fixed avp-bottom-right avp-move-left-enter-done\" tabindex=\"0\">\n<div class=\"avp-body avp-shadow\">\n<div class=\"avp-main\">\n<div id=\"aniplayer_AV69f37ca0224a13be220e0bf6-1788540965592Container\" class=\"avp-source avp-clickable\" tabindex=\"-1\">\n<div class=\"avp-bottom\">\n<div class=\"avp-control-bar\">\n<div class=\"avp-chapters\">\n<div class=\"avp-track\">\n<div class=\"avp-progress\"><\/div>\n<\/div>\n<\/div>\n<\/div>\n<\/div>\n<\/div>\n<div class=\"avp-source-placeholder\"><\/div>\n<\/div>\n<\/div>\n<\/div>\n<div class=\"avp-floating-placeholder\"><\/div>\n<\/div>\n<\/div>\n<\/div>\n<p>Este comportamiento coloc\u00f3 a la entidad como una de las que mayores\u00a0<strong>aportaciones negativas<\/strong>\u00a0realiz\u00f3 al balance laboral del pa\u00eds, restando 0.04 puntos porcentuales a la variaci\u00f3n anual nacional.<\/p>\n<p>Para\u00a0<strong>Mar\u00eda Manjarr\u00e9z<\/strong>, vicepresidenta del Colegio de Economistas del Estado de Sinaloa, la p\u00e9rdida de empleos remunerados en Sinaloa es una se\u00f1al de que l<strong>a econom\u00eda local se est\u00e1 \u201cdesinflando\u201d<\/strong>, en un contexto marcado por la disminuci\u00f3n de los flujos de capital de origen ilegal que anteriormente se incorporaban a distintas cadenas de valor de la entidad.<\/p>\n<blockquote><p>\u201cLa\u00a0<strong>econom\u00eda de Sinaloa<\/strong>\u00a0estaba muy inflada por la econom\u00eda subterr\u00e1nea. Ahorita, como que se est\u00e1 estabilizando, pero tiene que llegar a un nivel \u00f3ptimo de lo que realmente es\u201d, asegur\u00f3 en entrevista para ESPEJO.<\/p><\/blockquote>\n<p>&nbsp;<\/p>\n<p>La consecuencia m\u00e1s visible de este fen\u00f3meno, explica la economista, es la\u00a0<strong>disminuci\u00f3n del consumo familiar<\/strong>\u00a0por el deterioro en sus ingresos.<\/p>\n<blockquote><p>\u201cLa consecuencia es que las familias\u00a0<strong>ya no tendr\u00e1n el mismo presupuesto<\/strong>, van a consumir menos y la demanda agregada se va a contraer a\u00fan m\u00e1s.\u00a0<strong>El dinamismo de la econom\u00eda se va a ver m\u00e1s deteriorado\u201d,\u00a0<\/strong><\/p><\/blockquote>\n<h2>Crisis laboral atraviesa al sector formal: 17 mil empleos menos en dos a\u00f1os<\/h2>\n<p>&nbsp;<\/p>\n<p>Por su parte, los registros del Instituto Mexicano del Seguro Social (IMSS) confirman la gravedad de la situaci\u00f3n: al cierre de junio de 2026,\u00a0<strong>Sinaloa report\u00f3 566 mil 980 puestos de trabajo formales.<\/strong>\u00a0La cifra representa una p\u00e9rdida de 0.38% respecto al mismo mes de 2025, y una ca\u00edda a\u00fan m\u00e1s profunda de 3.15% en comparaci\u00f3n con junio de 2024.<\/p>\n<p>E<strong>l estado ha destruido 17 mil 871 empleos formales en un lapso de dos a\u00f1os<\/strong>\u00a0(entre junio de 2024 y junio de 2026). A pesar de la ca\u00edda en el n\u00famero de plazas laborales, las\u00a0<strong>remuneraciones<\/strong>\u00a0de los trabajadores asalariados sinaloenses mostraron un incremento anual de 4.2% a precios corrientes durante el primer trimestre de 2026, manteni\u00e9ndose en terreno positivo, aunque\u00a0<strong>por debajo de la media nacional.<\/strong><\/p>\n<p>A nivel municipal,\u00a0<strong>Culiac\u00e1n<\/strong>\u00a0lider\u00f3 la p\u00e9rdida de empleos durante el periodo de enero-marzo de 2026, concentrando la desaparici\u00f3n de 7,731 registros laborales. Le siguieron en afectaci\u00f3n el municipio de\u00a0<strong>Guasave<\/strong>, con una reducci\u00f3n de 2,449 plazas, y\u00a0<strong>Mazatl\u00e1n<\/strong>, que report\u00f3 1,590 empleos menos.<\/p>\n<p>Esta destrucci\u00f3n de puestos de trabajo coincide directamente con una\u00a0<strong>desaparici\u00f3n masiva de unidades econ\u00f3micas<\/strong>. Los datos reflejan que entre 2024 y 2025 se perdieron 2,347 empleadores registrados ante el IMSS, afectando principalmente al sector de las microempresas.<\/p>\n<p>Para dimensionar el impacto, esta mortandad de negocios supera con creces lo vivido durante la crisis sanitaria de 2020 por el coronavirus, a\u00f1o en el que, pese a las restricciones globales, Sinaloa logr\u00f3 sumar 681 nuevas empresas.<\/p>\n<h2>El conflicto del crimen organizado que sigue golpeando a la econom\u00eda sinaloense<\/h2>\n<p>Tanto acad\u00e9micos como l\u00edderes empresariales coinciden en que el persistente\u00a0<strong>deterioro del panorama de negocios<\/strong>\u00a0est\u00e1 directamente ligado a la ola de violencia que estall\u00f3 en septiembre de 2024 debido a la disputa interna en el c\u00e1rtel de Sinaloa entre las facciones de\u00a0<strong>\u201cLos Chapitos\u201d y \u201cLos Mayitos\u201d,<\/strong>\u00a0junto con sus respectivas c\u00e9lulas criminales aliadas de dentro y fuera del estado.<\/p>\n<p>Esta situaci\u00f3n de inseguridad, caracterizada por repuntes en homicidios, feminicidios, robos de veh\u00edculos y desapariciones forzadas ha afectado la actividad comercial, obligado a negocios a\u00a0<strong>recortar jornadas laborales,<\/strong>\u00a0reducido la circulaci\u00f3n de personas en horarios nocturnos, y un aumento de la\u00a0<strong>incertidumbre<\/strong>\u00a0para invertir.<\/p>\n<p>La crisis de seguridad de Sinaloa sido identificada por el\u00a0<strong>Banco de M\u00e9xico<\/strong>\u00a0como uno de los mayores\u00a0obst\u00e1culos para el comercio y actividad tur\u00edstica en el estado.<\/p>\n<\/header>\n<p>Con informaci\u00f3n de Revista Espejo<\/p>\n","protected":false},"excerpt":{"rendered":"<p>Sinaloa exhibe uno de los peores desempe\u00f1os a nivel nacional en materia de generaci\u00f3n de empleo remunerado, en medio de una crisis de violencia que afecta la actividad empresarial. Daniel Villaman La contracci\u00f3n en el mercado de trabajo y el cierre masivo de microempresas, enmarcados en la\u00a0ola de violencia\u00a0que inici\u00f3 en septiembre de 2024, hunden la generaci\u00f3n de\u00a0puestos de trabajo asalariados\u00a0en\u00a0Sinaloa. De acuerdo con las\u00a0Mediciones Trimestrales de los Puestos de Trabajo y sus Remuneraciones\u00a0por Entidad Federativa (MTPTREF) publicadas por el\u00a0INEGI\u00a0esta semana,\u00a0Sinaloa registr\u00f3 una\u00a0contracci\u00f3n anual de 1.7% en el total de puestos de trabajo\u00a0remunerados durante el primer trimestre de 2026. Este [&hellip;]<\/p>\n","protected":false},"author":3,"featured_media":152397,"comment_status":"open","ping_status":"open","sticky":false,"template":"","format":"standard","meta":{"_jetpack_newsletter_access":"","_jetpack_dont_email_post_to_subs":false,"_jetpack_newsletter_tier_id":0,"_jetpack_memberships_contains_paywalled_content":false,"_jetpack_feature_clip_id":0,"_jetpack_memberships_contains_paid_content":false,"footnotes":"","jetpack_publicize_message":"","jetpack_publicize_feature_enabled":true,"jetpack_social_post_already_shared":true,"jetpack_social_options":{"image_generator_settings":{"template":"highway","default_image_id":0,"font":"","enabled":false},"version":2},"jetpack_post_was_ever_published":false},"categories":[90],"tags":[],"class_list":["post-152395","post","type-post","status-publish","format-standard","has-post-thumbnail","hentry","category-estatal","post--single"],"jetpack_publicize_connections":[],"jetpack_featured_media_url":"https:\/\/ovelanalista.com\/wp-content\/uploads\/2026\/09\/Captura-de-Pantalla-2026-09-04-a-las-13.25.51.png","jetpack_sharing_enabled":true,"_links":{"self":[{"href":"https:\/\/ovelanalista.com\/index.php?rest_route=\/wp\/v2\/posts\/152395","targetHints":{"allow":["GET"]}}],"collection":[{"href":"https:\/\/ovelanalista.com\/index.php?rest_route=\/wp\/v2\/posts"}],"about":[{"href":"https:\/\/ovelanalista.com\/index.php?rest_route=\/wp\/v2\/types\/post"}],"author":[{"embeddable":true,"href":"https:\/\/ovelanalista.com\/index.php?rest_route=\/wp\/v2\/users\/3"}],"replies":[{"embeddable":true,"href":"https:\/\/ovelanalista.com\/index.php?rest_route=%2Fwp%2Fv2%2Fcomments&post=152395"}],"version-history":[{"count":1,"href":"https:\/\/ovelanalista.com\/index.php?rest_route=\/wp\/v2\/posts\/152395\/revisions"}],"predecessor-version":[{"id":152398,"href":"https:\/\/ovelanalista.com\/index.php?rest_route=\/wp\/v2\/posts\/152395\/revisions\/152398"}],"wp:featuredmedia":[{"embeddable":true,"href":"https:\/\/ovelanalista.com\/index.php?rest_route=\/wp\/v2\/media\/152397"}],"wp:attachment":[{"href":"https:\/\/ovelanalista.com\/index.php?rest_route=%2Fwp%2Fv2%2Fmedia&parent=152395"}],"wp:term":[{"taxonomy":"category","embeddable":true,"href":"https:\/\/ovelanalista.com\/index.php?rest_route=%2Fwp%2Fv2%2Fcategories&post=152395"},{"taxonomy":"post_tag","embeddable":true,"href":"https:\/\/ovelanalista.com\/index.php?rest_route=%2Fwp%2Fv2%2Ftags&post=152395"}],"curies":[{"name":"wp","href":"https:\/\/api.w.org\/{rel}","templated":true}]}}