{"id":152400,"date":"2026-09-04T19:00:26","date_gmt":"2026-09-05T02:00:26","guid":{"rendered":"https:\/\/ovelanalista.com\/?p=152400"},"modified":"2026-09-04T13:32:07","modified_gmt":"2026-09-04T20:32:07","slug":"los-primeros-10-dias-de-graciela-dominguez-como-gobernadora-hasta-47-asesinatos-y-una-promesa-de-paz","status":"publish","type":"post","link":"https:\/\/ovelanalista.com\/?p=152400","title":{"rendered":"Los primeros 10 d\u00edas de Graciela Dom\u00ednguez como gobernadora: hasta 47 asesinatos y una promesa de paz"},"content":{"rendered":"<p>El cambio de gobierno no ha frenado la violencia: un rastreo de Espejo contabiliza al menos 47 asesinatos durante los primeros diez d\u00edas de Graciela Dom\u00ednguez.<\/p>\n<div class=\"post-meta\">\n<div data-rocket-location-hash=\"263f9132eeddbae15e19574f75437918\">\n<p class=\"apost-author\">Alexandra Figueroa<\/p>\n<p><time>septiembre 4, 2026 &#8211; 3:59 am GMT-0700<\/time><\/div>\n<\/div>\n<div class=\"post-content\">\n<p>Culiac\u00e1n, Sinaloa.- En Sinaloa, el 25 de agosto Graciela Dom\u00ednguez tom\u00f3 las riendas de Sinaloa con la promesa de recuperar la paz y hacer de la seguridad una prioridad. Pero, desde entonces, la violencia que azota a la entidad desde 2024, no ha dejado de sumar v\u00edctimas.<\/p>\n<p>Diez d\u00edas despu\u00e9s, la violencia ya dej\u00f3\u00a0<strong>al menos 47 personas asesinadas en la entidad<\/strong> y alcanz\u00f3 tambi\u00e9n a funcionarios p\u00fablicos, a una buscadora y a un estudiante de 17 a\u00f1os, asesinado en las inmediaciones de la Universidad Aut\u00f3noma de Sinaloa (UAS).<\/p>\n<p>Para este recuento, ESPEJO realiz\u00f3 un rastreo de las noticias sobre homicidios publicadas entre el 25 de agosto y el 3 de septiembre (al corte de la realizaci\u00f3n de esta nota), correspondientes a los primeros diez d\u00edas de Graciela Dom\u00ednguez como gobernadora interina.<\/p>\n<p><strong>De las 47 personas asesinadas durante estos primeros diez d\u00edas, al menos 13 fueron mujeres<\/strong>, de acuerdo con el rastreo de casos reportados por medios de comunicaci\u00f3n.<\/p>\n<p>El conteo difiere de los casos presentados por el Gabinete de Seguridad federal, que hasta el 2 de septiembre reportaba 30 homicidios en Sinaloa. En el rastreo en medios, se contabilizaron 42 personas asesinadas para ese mismo periodo.<\/p>\n<p>Mientras, la\u00a0Estrategia Integral de Seguridad y Gobernabilidad\u00a0que la gobernadora interina anunci\u00f3 desde sus primeros d\u00edas de su gobierno, se mantiene en construcci\u00f3n y a\u00fan no ha sido presentada ante la sociedad.<\/p>\n<p>La propuesta busca convertirse en la hoja de ruta de la nueva administraci\u00f3n para enfrentar la crisis de violencia que vive Sinaloa. De acuerdo con Dom\u00ednguez, el plan se construye de la mano del Gobierno federal y contempla, entre otros puntos, el fortalecimiento de las corporaciones policiales y acciones para atender las causas sociales de la violencia.<\/p>\n<blockquote><p>\u201cNo podemos en un mes, dos meses, revertir una circunstancia que hemos venido enfrentando, acumulada en dos a\u00f1os con crisis, pero lo que queremos es marcar una ruta de hacia d\u00f3nde tenemos que profundizar una serie de pol\u00edticas y acciones que nos permitan tener paz, tener pacificaci\u00f3n\u201d, expres\u00f3.<\/p><\/blockquote>\n<p>El saldo en estos \u00faltimos diez d\u00edas no ha sido uniforme. De acuerdo a las notas period\u00edsticas, el 27 y 29 de agosto fueron los d\u00edas con m\u00e1s v\u00edctimas, con siete homicidios reportados en cada uno.<\/p>\n<p>La violencia tambi\u00e9n tuvo un impacto particular entre las mujeres. Agosto cerr\u00f3 con un n\u00famero elevado de mujeres asesinadas en Sinaloa y, durante los primeros tres d\u00edas de septiembre, se sumaron nuevas v\u00edctimas, entre ellas una trabajadora del Ayuntamiento de Escuinapa.<\/p>\n<p><strong>-26 de agosto.<\/strong>\u00a0Dos mujeres adultas fueron asesinadas a balazos la ma\u00f1ana del mi\u00e9rcoles, dentro de un domicilio ubicado en el cruce de la calle Jabal\u00ed y la avenida Monte Ribere\u00f1o, en el fraccionamiento Pradera Dorada 2, en Mazatl\u00e1n.<\/p>\n<p><strong>-26 de agosto.<\/strong>\u00a0Una mujer fue localizada sin vida, con impactos de arma de fuego y junto a una cartulina con un mensaje, la ma\u00f1ana del mi\u00e9rcoles 26 de agosto de 2026, en un terreno ubicado entre las calles Aldama y Sonora, en la colonia Insurgentes, en Escuinapa, Sinaloa.<\/p>\n<p><strong>-29 de agosto.<\/strong>\u00a0Una mujer fue localizada sin vida en la colonia Casa Redonda, en Mazatl\u00e1n.<\/p>\n<p><strong>-29 de agosto.<\/strong>\u00a0Una mujer perdi\u00f3 la vida tras un ataque armado al interior de una llantera ubicada sobre la carretera Internacional M\u00e9xico 15, a la altura de La Urraca, al sur de Mazatl\u00e1n.<\/p>\n<p><strong>-29 de agosto<\/strong>. Una mujer, identificada como Marina, muri\u00f3 despu\u00e9s de ser atacada a balazos presuntamente por su expareja en Gabriel Leyva Solano, Guasave.<\/p>\n<p><strong>-31 de agosto.<\/strong>\u00a0una mujer de 75 a\u00f1os, quien fue herida el 25 de julio con arma blanca cuando se encontraba en su vivienda, ubicada sobre la calle Constituci\u00f3n en la ciudad de Guasave. La mujer falleci\u00f3 y se registr\u00f3 como asesinato durante la ma\u00f1ana del 31 de agosto.<\/p>\n<p><strong>-31 de agosto.<\/strong>\u00a0Una mujer fue atacada a balazos por hombres que viajaban en motocicleta, mientras caminaba por la calle Francisco Madero Herrera, en la colonia Tercera Ampliaci\u00f3n de Ur\u00edas, en Mazatl\u00e1n.<\/p>\n<p><strong>-1 de septiembre.<\/strong>\u00a0Una mujer fue asesinada a balazos durante los primeros minutos del martes 1 de septiembre de 2026, en el interior de un hotel ubicado sobre la avenida Rafael Buelna, frente al fraccionamiento El Toreo, en Mazatl\u00e1n.<\/p>\n<p><strong>-1 de septiembre.<\/strong>\u00a0Dos mujeres fueron localizadas con heridas de bala durante la madrugada del martes 1 de septiembre de 2026, en la salida sur de Escuinapa. Una de ellas muri\u00f3, mientras que la otra fue trasladada a un hospital para recibir atenci\u00f3n m\u00e9dica.<\/p>\n<p><strong>-2 de septiembre.<\/strong>\u00a0Un hombre y una mujer fueron localizados sin vida la ma\u00f1ana del mi\u00e9rcoles 2 de septiembre de 2026, cerca de las v\u00edas del ferrocarril, a la altura de la avenida de las Torres, hacia el puente del fraccionamiento Prados del Sol, en las inmediaciones de Rinc\u00f3n de las Plazas, en Mazatl\u00e1n.<\/p>\n<p><strong>-2 de septiembre.<\/strong>\u00a0Un grupo de civiles armados ingres\u00f3 a una vivienda improvisada y asesin\u00f3 a balazos a una mujer, cuya identidad no ha sido confirmada, la noche del mi\u00e9rcoles 2 de septiembre de 2026, en calles de la colonia Providencia, al sur de Culiac\u00e1n.<\/p>\n<p><img loading=\"lazy\" decoding=\"async\" class=\"alignnone size-full wp-image-118476 entered lazyloaded\" src=\"https:\/\/revistaespejo.com\/wp-content\/uploads\/2026\/09\/hecho-violento-culiacan.avif\" sizes=\"auto, (max-width: 2560px) 100vw, 2560px\" srcset=\"https:\/\/revistaespejo.com\/wp-content\/uploads\/2026\/09\/hecho-violento-culiacan.avif 2560w, https:\/\/revistaespejo.com\/wp-content\/uploads\/2026\/09\/hecho-violento-culiacan-300x225.jpg 300w, https:\/\/revistaespejo.com\/wp-content\/uploads\/2026\/09\/hecho-violento-culiacan-1024x768.jpg 1024w, https:\/\/revistaespejo.com\/wp-content\/uploads\/2026\/09\/hecho-violento-culiacan-768x576.jpg 768w, https:\/\/revistaespejo.com\/wp-content\/uploads\/2026\/09\/hecho-violento-culiacan-1536x1152.jpg 1536w, https:\/\/revistaespejo.com\/wp-content\/uploads\/2026\/09\/hecho-violento-culiacan-2048x1536.jpg 2048w, https:\/\/revistaespejo.com\/wp-content\/uploads\/2026\/09\/hecho-violento-culiacan-600x450.jpg 600w\" alt=\"\" width=\"2560\" height=\"1920\" data-lazy-srcset=\"https:\/\/revistaespejo.com\/wp-content\/uploads\/2026\/09\/hecho-violento-culiacan.avif 2560w, https:\/\/revistaespejo.com\/wp-content\/uploads\/2026\/09\/hecho-violento-culiacan-300x225.jpg 300w, https:\/\/revistaespejo.com\/wp-content\/uploads\/2026\/09\/hecho-violento-culiacan-1024x768.jpg 1024w, https:\/\/revistaespejo.com\/wp-content\/uploads\/2026\/09\/hecho-violento-culiacan-768x576.jpg 768w, https:\/\/revistaespejo.com\/wp-content\/uploads\/2026\/09\/hecho-violento-culiacan-1536x1152.jpg 1536w, https:\/\/revistaespejo.com\/wp-content\/uploads\/2026\/09\/hecho-violento-culiacan-2048x1536.jpg 2048w, https:\/\/revistaespejo.com\/wp-content\/uploads\/2026\/09\/hecho-violento-culiacan-600x450.jpg 600w\" data-lazy-sizes=\"(max-width: 2560px) 100vw, 2560px\" data-lazy-src=\"https:\/\/revistaespejo.com\/wp-content\/uploads\/2026\/09\/hecho-violento-culiacan.avif\" data-ll-status=\"loaded\" \/><\/p>\n<p>Pero el saldo de estos primeros diez d\u00edas no se limita a la cantidad de homicidios y feminicidios.<\/p>\n<p>Durante este periodo tambi\u00e9n fueron asesinados integrantes de corporaciones o estructuras municipales de seguridad. El 30 de agosto, Miguel Antonio Zazueta P\u00e1ez,\u00a0subdirector de Tr\u00e1nsito de Escuinapa, fue localizado sin vida, apenas 27 d\u00edas despu\u00e9s de asumir el cargo.<\/p>\n<p>Dos d\u00edas despu\u00e9s, el director de Protecci\u00f3n Civil de Mazatl\u00e1n, \u00d3scar Roberto Osuna Tirado, fue\u00a0atacado a balazos\u00a0mientras se trasladaba a una reuni\u00f3n de seguridad. Sobrevivi\u00f3 al atentado.<\/p>\n<p>El 3 de septiembre, una mujer fue localizada sin vida y con heridas de bala dentro de su autom\u00f3vil, en calles del centro de Escuinapa. M\u00e1s tarde se confirm\u00f3 que era trabajadora del Ayuntamiento de ese municipio.<\/p>\n<p>La violencia alcanz\u00f3 tambi\u00e9n a quienes realizan labores de b\u00fasqueda de personas desaparecidas. El 29 de agosto,\u00a0Alma Rosa Rojo Medina, madre buscadora y fundadora del colectivo Voces Unidas por la Vida, fue atacada a balazos junto con su hija en Culiac\u00e1n y dos nietas. Todas sobrevivieron, aunque la madre buscadora y su hija resultaron con heridas.<\/p>\n<p>Este suceso provoc\u00f3 adem\u00e1s nuevos reclamos de colectivos de b\u00fasqueda, quienes llevan meses se\u00f1alando problemas en la atenci\u00f3n de las autoridades y exigiendo acciones que garanticen su seguridad.<\/p>\n<p>La gobernadora\u00a0respondi\u00f3: \u201c<em>Vamos a estar en atenci\u00f3n con ellas. Anoche tambi\u00e9n atend\u00ed a otro colectivo de manera espont\u00e1nea en la ciudad de Mazatl\u00e1n. Acordamos reunirnos pr\u00f3ximamente el pr\u00f3ximo fin de semana y queremos hacer una revisi\u00f3n integral de la situaci\u00f3n\u201d.<\/em><\/p>\n<p>Sin embargo, en estos \u00faltimos d\u00edas la violencia tambi\u00e9n alcanz\u00f3 a la comunidad universitaria. El 2 de septiembre, un estudiante de 17 a\u00f1os fue asesinado a balazos en las inmediaciones de Ciudad Universitaria\u00a0de la Universidad Aut\u00f3noma de Sinaloa (UAS), en Culiac\u00e1n.<\/p>\n<p>Mientras el Gobierno de Sinaloa prepara la estrategia de seguridad \u2013a la fecha hacer cambios en su gabinete estatal\u2013 la violencia contin\u00faa dejando v\u00edctimas en el territorio, afectando la vida de las familias sinaloenses.<\/p>\n<\/div>\n<p>Con informaci\u00f3n de Revista Espejo<\/p>\n","protected":false},"excerpt":{"rendered":"<p>El cambio de gobierno no ha frenado la violencia: un rastreo de Espejo contabiliza al menos 47 asesinatos durante los primeros diez d\u00edas de Graciela Dom\u00ednguez. Alexandra Figueroa septiembre 4, 2026 &#8211; 3:59 am GMT-0700 Culiac\u00e1n, Sinaloa.- En Sinaloa, el 25 de agosto Graciela Dom\u00ednguez tom\u00f3 las riendas de Sinaloa con la promesa de recuperar la paz y hacer de la seguridad una prioridad. Pero, desde entonces, la violencia que azota a la entidad desde 2024, no ha dejado de sumar v\u00edctimas. Diez d\u00edas despu\u00e9s, la violencia ya dej\u00f3\u00a0al menos 47 personas asesinadas en la entidad y alcanz\u00f3 tambi\u00e9n a [&hellip;]<\/p>\n","protected":false},"author":3,"featured_media":152402,"comment_status":"open","ping_status":"open","sticky":false,"template":"","format":"standard","meta":{"_jetpack_newsletter_access":"","_jetpack_dont_email_post_to_subs":false,"_jetpack_newsletter_tier_id":0,"_jetpack_memberships_contains_paywalled_content":false,"_jetpack_feature_clip_id":0,"_jetpack_memberships_contains_paid_content":false,"footnotes":"","jetpack_publicize_message":"","jetpack_publicize_feature_enabled":true,"jetpack_social_post_already_shared":true,"jetpack_social_options":{"image_generator_settings":{"template":"highway","default_image_id":0,"font":"","enabled":false},"version":2},"jetpack_post_was_ever_published":false},"categories":[90],"tags":[],"class_list":["post-152400","post","type-post","status-publish","format-standard","has-post-thumbnail","hentry","category-estatal","post--single"],"jetpack_publicize_connections":[],"jetpack_featured_media_url":"https:\/\/ovelanalista.com\/wp-content\/uploads\/2026\/09\/Captura-de-Pantalla-2026-09-04-a-las-13.31.19.png","jetpack_sharing_enabled":true,"_links":{"self":[{"href":"https:\/\/ovelanalista.com\/index.php?rest_route=\/wp\/v2\/posts\/152400","targetHints":{"allow":["GET"]}}],"collection":[{"href":"https:\/\/ovelanalista.com\/index.php?rest_route=\/wp\/v2\/posts"}],"about":[{"href":"https:\/\/ovelanalista.com\/index.php?rest_route=\/wp\/v2\/types\/post"}],"author":[{"embeddable":true,"href":"https:\/\/ovelanalista.com\/index.php?rest_route=\/wp\/v2\/users\/3"}],"replies":[{"embeddable":true,"href":"https:\/\/ovelanalista.com\/index.php?rest_route=%2Fwp%2Fv2%2Fcomments&post=152400"}],"version-history":[{"count":1,"href":"https:\/\/ovelanalista.com\/index.php?rest_route=\/wp\/v2\/posts\/152400\/revisions"}],"predecessor-version":[{"id":152403,"href":"https:\/\/ovelanalista.com\/index.php?rest_route=\/wp\/v2\/posts\/152400\/revisions\/152403"}],"wp:featuredmedia":[{"embeddable":true,"href":"https:\/\/ovelanalista.com\/index.php?rest_route=\/wp\/v2\/media\/152402"}],"wp:attachment":[{"href":"https:\/\/ovelanalista.com\/index.php?rest_route=%2Fwp%2Fv2%2Fmedia&parent=152400"}],"wp:term":[{"taxonomy":"category","embeddable":true,"href":"https:\/\/ovelanalista.com\/index.php?rest_route=%2Fwp%2Fv2%2Fcategories&post=152400"},{"taxonomy":"post_tag","embeddable":true,"href":"https:\/\/ovelanalista.com\/index.php?rest_route=%2Fwp%2Fv2%2Ftags&post=152400"}],"curies":[{"name":"wp","href":"https:\/\/api.w.org\/{rel}","templated":true}]}}