{"id":152413,"date":"2026-09-04T17:55:42","date_gmt":"2026-09-05T00:55:42","guid":{"rendered":"https:\/\/ovelanalista.com\/?p=152413"},"modified":"2026-09-04T17:55:42","modified_gmt":"2026-09-05T00:55:42","slug":"imelda-castro-es-una-coordinadora-fuerte-y-surge-de-un-proceso-transparente-que-garantiza-unidad-en-morena-ariadna-montiel","status":"publish","type":"post","link":"https:\/\/ovelanalista.com\/?p=152413","title":{"rendered":"\u201cImelda Castro es una coordinadora fuerte, y surge de un proceso transparente que garantiza unidad en Morena\u201d: Ariadna Montiel"},"content":{"rendered":"<div><\/div>\n<div>CULIAC\u00c1N, Sinaloa. 4 de septiembre de 2026.\u2014 Durante su visita a esta capital, la presidenta del Comit\u00e9 Ejecutivo Nacional de Morena, Ariadna Montiel Reyes, asegur\u00f3 que el proceso de selecci\u00f3n de la persona coordinadora de la defensa de la transformaci\u00f3n y la soberan\u00eda nacional en Sinaloa, fue tan transparente que al final hubo una acci\u00f3n de unidad por parte de todos los aspirantes.<\/div>\n<div>\u201cImelda Castro es una coordinadora superfuerte, primero, porque tiene experiencia, no es una pol\u00edtica que reci\u00e9n apareci\u00f3, por el contrario, tiene muchos a\u00f1os de trayectoria, siempre en la izquierda, siempre en las causas del pueblo\u201d, destac\u00f3.<\/div>\n<div>La dirigente nacional de Morena dijo, en un encuentro con representantes de los medios de comunicaci\u00f3n, que su visita a Sinaloa obedec\u00eda a que hay mucha tarea por realizar, y explic\u00f3 que eso implica mantenerse en el territorio, fortalecer la afiliaci\u00f3n, que es lo que se venido haciendo en los \u00faltimos meses.<\/div>\n<div>\u201cInsisto en que eso nos ha colocado como el partido m\u00e1s grande de la historia de M\u00e9xico, y nos sentimos orgullos\u00edsimos de eso porque es con el esfuerzo de nuestros compa\u00f1eros de la estructura\u201d, resalt\u00f3.<\/div>\n<div>Tambi\u00e9n dej\u00f3 en claro que todo el proceso de selecci\u00f3n de Imelda Castro como coordinadora estatal de la defensa de la transformaci\u00f3n y la soberan\u00eda nacional en Sinaloa, fue muy transparente para los compa\u00f1eros y las compa\u00f1eras que participaron en \u00e9l.<\/div>\n<div>\u201cSe les present\u00f3 a ellos el resultado de las encuestas, de todos y cada uno de ellos, su posici\u00f3n en el estudio; por eso hubo una acci\u00f3n de unidad muy importante de parte de todos, creo que es un proceso que ha ido bien, no solamente para Sinaloa, sino en general para los estados que ya presentamos: Aguascalientes, Colima, Campeche, Quer\u00e9taro y Sinaloa.<\/div>\n<div>Ariadna Montiel Reyes se dijo contenta de visitar Sinaloa, de tener una reuni\u00f3n de trabajo con la coordinadora estatal y senadora con licencia Imelda Castro Castro, quien por decisi\u00f3n de la gente ser\u00e1 la persona que coordine las tareas de organizaci\u00f3n del movimiento de transformaci\u00f3n en esta etapa del proceso interno.<\/div>\n<div>&#8212;-<\/div>\n","protected":false},"excerpt":{"rendered":"<p>CULIAC\u00c1N, Sinaloa. 4 de septiembre de 2026.\u2014 Durante su visita a esta capital, la presidenta del Comit\u00e9 Ejecutivo Nacional de Morena, Ariadna Montiel Reyes, asegur\u00f3 que el proceso de selecci\u00f3n de la persona coordinadora de la defensa de la transformaci\u00f3n y la soberan\u00eda nacional en Sinaloa, fue tan transparente que al final hubo una acci\u00f3n de unidad por parte de todos los aspirantes. \u201cImelda Castro es una coordinadora superfuerte, primero, porque tiene experiencia, no es una pol\u00edtica que reci\u00e9n apareci\u00f3, por el contrario, tiene muchos a\u00f1os de trayectoria, siempre en la izquierda, siempre en las causas del pueblo\u201d, destac\u00f3. La [&hellip;]<\/p>\n","protected":false},"author":3,"featured_media":152414,"comment_status":"open","ping_status":"open","sticky":false,"template":"","format":"standard","meta":{"_jetpack_newsletter_access":"","_jetpack_dont_email_post_to_subs":false,"_jetpack_newsletter_tier_id":0,"_jetpack_memberships_contains_paywalled_content":false,"_jetpack_feature_clip_id":0,"_jetpack_memberships_contains_paid_content":false,"footnotes":"","jetpack_publicize_message":"","jetpack_publicize_feature_enabled":true,"jetpack_social_post_already_shared":true,"jetpack_social_options":{"image_generator_settings":{"template":"highway","default_image_id":0,"font":"","enabled":false},"version":2},"jetpack_post_was_ever_published":false},"categories":[90,72],"tags":[],"class_list":["post-152413","post","type-post","status-publish","format-standard","has-post-thumbnail","hentry","category-estatal","category-portada","post--single"],"jetpack_publicize_connections":[],"jetpack_featured_media_url":"https:\/\/ovelanalista.com\/wp-content\/uploads\/2026\/09\/WhatsApp-Image-2026-09-04-at-5.54.05-PM.jpeg","jetpack_sharing_enabled":true,"_links":{"self":[{"href":"https:\/\/ovelanalista.com\/index.php?rest_route=\/wp\/v2\/posts\/152413","targetHints":{"allow":["GET"]}}],"collection":[{"href":"https:\/\/ovelanalista.com\/index.php?rest_route=\/wp\/v2\/posts"}],"about":[{"href":"https:\/\/ovelanalista.com\/index.php?rest_route=\/wp\/v2\/types\/post"}],"author":[{"embeddable":true,"href":"https:\/\/ovelanalista.com\/index.php?rest_route=\/wp\/v2\/users\/3"}],"replies":[{"embeddable":true,"href":"https:\/\/ovelanalista.com\/index.php?rest_route=%2Fwp%2Fv2%2Fcomments&post=152413"}],"version-history":[{"count":1,"href":"https:\/\/ovelanalista.com\/index.php?rest_route=\/wp\/v2\/posts\/152413\/revisions"}],"predecessor-version":[{"id":152415,"href":"https:\/\/ovelanalista.com\/index.php?rest_route=\/wp\/v2\/posts\/152413\/revisions\/152415"}],"wp:featuredmedia":[{"embeddable":true,"href":"https:\/\/ovelanalista.com\/index.php?rest_route=\/wp\/v2\/media\/152414"}],"wp:attachment":[{"href":"https:\/\/ovelanalista.com\/index.php?rest_route=%2Fwp%2Fv2%2Fmedia&parent=152413"}],"wp:term":[{"taxonomy":"category","embeddable":true,"href":"https:\/\/ovelanalista.com\/index.php?rest_route=%2Fwp%2Fv2%2Fcategories&post=152413"},{"taxonomy":"post_tag","embeddable":true,"href":"https:\/\/ovelanalista.com\/index.php?rest_route=%2Fwp%2Fv2%2Ftags&post=152413"}],"curies":[{"name":"wp","href":"https:\/\/api.w.org\/{rel}","templated":true}]}}