{"id":152422,"date":"2026-09-05T09:26:30","date_gmt":"2026-09-05T16:26:30","guid":{"rendered":"https:\/\/ovelanalista.com\/?p=152422"},"modified":"2026-09-05T09:26:30","modified_gmt":"2026-09-05T16:26:30","slug":"si-se-dio-el-relevo-en-la-secretaria-de-seguridad-publica-de-mazatlan","status":"publish","type":"post","link":"https:\/\/ovelanalista.com\/?p=152422","title":{"rendered":"S\u00ed se dio el relevo en la Secretar\u00eda de Seguridad P\u00fablica de Mazatl\u00e1n."},"content":{"rendered":"<div><\/div>\n<div><\/div>\n<div><strong>Redacci\u00f3n\/ OV El Analista<\/strong><\/div>\n<div><\/div>\n<div>Este s\u00e1bado 5 de septiembre de 2026, la alcaldesa Estrella Palacios Dom\u00ednguez retom\u00f3 la Presidencia Municipal de Mazatl\u00e1n tras m\u00e1s de dos meses de licencia (para participar en el proceso interno de Morena) y, como una de sus primeras acciones, realiz\u00f3 cambios en la Secretar\u00eda de Seguridad P\u00fablica Municipal.<\/div>\n<div>Nombr\u00f3 a Gabino Ulises Jacobo Guerrero como nuevo secretario de Seguridad P\u00fablica Municipal, en sustituci\u00f3n de Jaime Othoniel Barr\u00f3n Valdez. Tambi\u00e9n design\u00f3 a Jos\u00e9 Cervantes Noriega como director operativo de la corporaci\u00f3n.<\/div>\n<div>Palacios Dom\u00ednguez justific\u00f3 los movimientos se\u00f1alando que \u201cla seguridad de Mazatl\u00e1n exige decisiones firmes, coordinaci\u00f3n y resultados\u201d, con el objetivo de fortalecer a la polic\u00eda municipal y mantener la coordinaci\u00f3n con los gobiernos estatal y federal.<\/div>\n<div>El cambio se da en un contexto de incremento de la violencia en el puerto durante los \u00faltimos meses.<\/div>\n","protected":false},"excerpt":{"rendered":"<p>Redacci\u00f3n\/ OV El Analista Este s\u00e1bado 5 de septiembre de 2026, la alcaldesa Estrella Palacios Dom\u00ednguez retom\u00f3 la Presidencia Municipal de Mazatl\u00e1n tras m\u00e1s de dos meses de licencia (para participar en el proceso interno de Morena) y, como una de sus primeras acciones, realiz\u00f3 cambios en la Secretar\u00eda de Seguridad P\u00fablica Municipal. Nombr\u00f3 a Gabino Ulises Jacobo Guerrero como nuevo secretario de Seguridad P\u00fablica Municipal, en sustituci\u00f3n de Jaime Othoniel Barr\u00f3n Valdez. Tambi\u00e9n design\u00f3 a Jos\u00e9 Cervantes Noriega como director operativo de la corporaci\u00f3n. Palacios Dom\u00ednguez justific\u00f3 los movimientos se\u00f1alando que \u201cla seguridad de Mazatl\u00e1n exige decisiones firmes, coordinaci\u00f3n [&hellip;]<\/p>\n","protected":false},"author":3,"featured_media":152423,"comment_status":"open","ping_status":"open","sticky":false,"template":"","format":"standard","meta":{"_jetpack_newsletter_access":"","_jetpack_dont_email_post_to_subs":false,"_jetpack_newsletter_tier_id":0,"_jetpack_memberships_contains_paywalled_content":false,"_jetpack_feature_clip_id":0,"_jetpack_memberships_contains_paid_content":false,"footnotes":"","jetpack_publicize_message":"","jetpack_publicize_feature_enabled":true,"jetpack_social_post_already_shared":true,"jetpack_social_options":{"image_generator_settings":{"template":"highway","default_image_id":0,"font":"","enabled":false},"version":2},"jetpack_post_was_ever_published":false},"categories":[72,88],"tags":[],"class_list":["post-152422","post","type-post","status-publish","format-standard","has-post-thumbnail","hentry","category-portada","category-sinaloa-sur","post--single"],"jetpack_publicize_connections":[],"jetpack_featured_media_url":"https:\/\/ovelanalista.com\/wp-content\/uploads\/2026\/09\/images-5.jpeg","jetpack_sharing_enabled":true,"_links":{"self":[{"href":"https:\/\/ovelanalista.com\/index.php?rest_route=\/wp\/v2\/posts\/152422","targetHints":{"allow":["GET"]}}],"collection":[{"href":"https:\/\/ovelanalista.com\/index.php?rest_route=\/wp\/v2\/posts"}],"about":[{"href":"https:\/\/ovelanalista.com\/index.php?rest_route=\/wp\/v2\/types\/post"}],"author":[{"embeddable":true,"href":"https:\/\/ovelanalista.com\/index.php?rest_route=\/wp\/v2\/users\/3"}],"replies":[{"embeddable":true,"href":"https:\/\/ovelanalista.com\/index.php?rest_route=%2Fwp%2Fv2%2Fcomments&post=152422"}],"version-history":[{"count":1,"href":"https:\/\/ovelanalista.com\/index.php?rest_route=\/wp\/v2\/posts\/152422\/revisions"}],"predecessor-version":[{"id":152424,"href":"https:\/\/ovelanalista.com\/index.php?rest_route=\/wp\/v2\/posts\/152422\/revisions\/152424"}],"wp:featuredmedia":[{"embeddable":true,"href":"https:\/\/ovelanalista.com\/index.php?rest_route=\/wp\/v2\/media\/152423"}],"wp:attachment":[{"href":"https:\/\/ovelanalista.com\/index.php?rest_route=%2Fwp%2Fv2%2Fmedia&parent=152422"}],"wp:term":[{"taxonomy":"category","embeddable":true,"href":"https:\/\/ovelanalista.com\/index.php?rest_route=%2Fwp%2Fv2%2Fcategories&post=152422"},{"taxonomy":"post_tag","embeddable":true,"href":"https:\/\/ovelanalista.com\/index.php?rest_route=%2Fwp%2Fv2%2Ftags&post=152422"}],"curies":[{"name":"wp","href":"https:\/\/api.w.org\/{rel}","templated":true}]}}